{"id":30121,"date":"2025-06-03T08:02:26","date_gmt":"2025-06-03T11:02:26","guid":{"rendered":"https:\/\/minutobahia24h.com.br\/?p=30121"},"modified":"2025-06-03T08:02:28","modified_gmt":"2025-06-03T11:02:28","slug":"gilmar-diz-que-julgamento-no-stf-pode-ser-esboco-de-regulacao-das-redes-sociais","status":"publish","type":"post","link":"https:\/\/minutobahia24h.com.br\/?p=30121","title":{"rendered":"Gilmar diz que julgamento no STF pode ser esbo\u00e7o de regula\u00e7\u00e3o das redes sociais"},"content":{"rendered":"<div class=\"wp-block-image\">\n<figure class=\"aligncenter size-large\"><img data-recalc-dims=\"1\" fetchpriority=\"high\" decoding=\"async\" width=\"800\" height=\"420\" src=\"https:\/\/i0.wp.com\/minutobahia24h.com.br\/wp-content\/uploads\/2025\/06\/Sem-titulo-42-1024x538.jpg?resize=800%2C420&#038;ssl=1\" alt=\"\" class=\"wp-image-30122\" srcset=\"https:\/\/i0.wp.com\/minutobahia24h.com.br\/wp-content\/uploads\/2025\/06\/Sem-titulo-42.jpg?resize=1024%2C538&amp;ssl=1 1024w, https:\/\/i0.wp.com\/minutobahia24h.com.br\/wp-content\/uploads\/2025\/06\/Sem-titulo-42.jpg?resize=300%2C158&amp;ssl=1 300w, https:\/\/i0.wp.com\/minutobahia24h.com.br\/wp-content\/uploads\/2025\/06\/Sem-titulo-42.jpg?resize=768%2C403&amp;ssl=1 768w, https:\/\/i0.wp.com\/minutobahia24h.com.br\/wp-content\/uploads\/2025\/06\/Sem-titulo-42.jpg?resize=750%2C394&amp;ssl=1 750w, https:\/\/i0.wp.com\/minutobahia24h.com.br\/wp-content\/uploads\/2025\/06\/Sem-titulo-42.jpg?resize=1140%2C599&amp;ssl=1 1140w, https:\/\/i0.wp.com\/minutobahia24h.com.br\/wp-content\/uploads\/2025\/06\/Sem-titulo-42.jpg?w=1200&amp;ssl=1 1200w\" sizes=\"(max-width: 800px) 100vw, 800px\" \/><figcaption class=\"wp-element-caption\">Foto: Fellipe Sampaio \/ SCO \/ STF<br><\/figcaption><\/figure>\n<\/div>\n\n\n<p>Em evento nesta segunda-feira (2) em Paris, o ministro Gilmar Mendes, do STF, afirmou que o julgamento sobre o Marco Civil da internet que ser\u00e1 retomado nesta quarta-feira (4) no tribunal, &#8220;pode significar, pelo menos, um esbo\u00e7o de regula\u00e7\u00e3o da m\u00eddia social&#8221;.\u00a0<\/p>\n\n\n\n<p>A fala ocorreu no Semin\u00e1rio Franco-Brasileiro de R\u00e1dio e Televis\u00e3o, organizado pela Abert (Associa\u00e7\u00e3o Brasileira de Emissoras de R\u00e1dio e Televis\u00e3o) na embaixada do Brasil na Fran\u00e7a.\u00a0<\/p>\n\n\n\n<p>Na pauta do STF est\u00e1 a retomada da an\u00e1lise de recursos contra normas do Marco Civil. Em quest\u00e3o est\u00e3o a responsabilidade civil das plataformas digitais por conte\u00fados de terceiros e a obriga\u00e7\u00e3o de remover conte\u00fados ofensivos ou de \u00f3dio sem ordem judicial pr\u00e9via.\u00a0<\/p>\n\n\n\n<p>No discurso, Gilmar afirmou que o debate sobre o tema no Brasil est\u00e1 em &#8220;um momento de inflex\u00e3o hist\u00f3rica&#8221; que exige &#8220;uma revis\u00e3o fundamental de nossas premissas conceituais e marcos regulat\u00f3rios&#8221;.\u00a0<\/p>\n\n\n\n<p>Ele chegou a afirmar que a manuten\u00e7\u00e3o do status quo perpetua &#8220;um regime de irresponsabilidade&#8221; que permite \u00e0s plataformas &#8220;exercerem poder quase que soberano sobre o discurso p\u00fablico sem qualquer supervis\u00e3o democr\u00e1tica&#8221;.\u00a0<\/p>\n\n\n\n<p>Em diversos momentos, indicou um cen\u00e1rio favor\u00e1vel a algum tipo de regula\u00e7\u00e3o das plataformas.\u00a0<\/p>\n\n\n\n<p>Segundo ele, o direito \u00e0 liberdade de express\u00e3o &#8220;tem sido paradoxalmente invocado n\u00e3o para proteger posi\u00e7\u00f5es individuais, mas para erguer um escudo protetivo dos modelos de neg\u00f3cios de empresas em contrapartida \u00e0s frentes regulat\u00f3rias&#8221;.\u00a0<\/p>\n\n\n\n<p>O Marco Civil da internet \u00e9 uma lei de 2014 que estabelece direitos e deveres para o uso da internet no pa\u00eds. \u00c0 \u00e9poca, o artigo 19 foi aprovado sob o argumento de assegurar a liberdade de express\u00e3o. O objetivo era evitar que as redes removessem conte\u00fados em excesso por medo de serem responsabilizadas.\u00a0<\/p>\n\n\n\n<p>O ministro do STF exp\u00f4s raz\u00f5es pelas quais, para ele, &#8220;regular as redes sociais n\u00e3o \u00e9 tolher ou, de qualquer forma, mitigar o direito fundamental \u00e0 liberdade de express\u00e3o&#8221;.\u00a0<\/p>\n\n\n\n<p>Um desses argumentos seria que &#8220;as plataformas digitais n\u00e3o s\u00e3o meros condutores de informa\u00e7\u00e3o, mas um verdadeiro ou verdadeiros reguladores do discurso online&#8221;.\u00a0<\/p>\n\n\n\n<p>Outro seria a &#8220;desagrega\u00e7\u00e3o pol\u00edtica no discurso online&#8221;. &#8220;Essa desagrega\u00e7\u00e3o n\u00e3o \u00e9 um efeito colateral da atua\u00e7\u00e3o das plataformas, mas sim um elemento cr\u00edtico&#8221; do modelo de neg\u00f3cio das empresas do setor, segundo ele.\u00a0<\/p>\n\n\n\n<p>&#8220;\u00c9 leg\u00edtimo afirmar que boa parte do sistema de modera\u00e7\u00e3o de conte\u00fado online no Brasil j\u00e1 est\u00e1 concentrado no exerc\u00edcio de estrat\u00e9gias de autorregula\u00e7\u00e3o por parte das plataformas. A sufici\u00eancia da autorregula\u00e7\u00e3o suscita, por\u00e9m, controv\u00e9rsias diante da veicula\u00e7\u00e3o e impulsionamento massivo de conte\u00fados de terceiros potencialmente il\u00edcitos&#8221;, afirmou Gilmar.\u00a0<\/p>\n\n\n\n<p>&#8220;Todos esses fatores levam a crer que, embora o artigo 19 tenha sido de ineg\u00e1vel import\u00e2ncia para a constru\u00e7\u00e3o de uma internet plural e aberta no Brasil, hoje o dispositivo parece que se mostra ultrapassado&#8221;, concluiu o ministro.<\/p>\n\n\n\n<p>BN<\/p>\n","protected":false},"excerpt":{"rendered":"<p>Em evento nesta segunda-feira (2) em Paris, o ministro Gilmar Mendes, do STF, afirmou que o julgamento sobre o Marco Civil da internet que ser\u00e1 retomado nesta quarta-feira (4) no tribunal, &#8220;pode significar, pelo menos, um esbo\u00e7o de regula\u00e7\u00e3o da m\u00eddia social&#8221;.\u00a0 A fala ocorreu no Semin\u00e1rio Franco-Brasileiro de R\u00e1dio e Televis\u00e3o, organizado pela Abert [&hellip;]<\/p>\n","protected":false},"author":2,"featured_media":30122,"comment_status":"open","ping_status":"open","sticky":false,"template":"","format":"standard","meta":{"_jetpack_memberships_contains_paid_content":false,"footnotes":""},"categories":[46],"tags":[],"class_list":["post-30121","post","type-post","status-publish","format-standard","has-post-thumbnail","hentry","category-noticia"],"aioseo_notices":[],"jetpack_featured_media_url":"https:\/\/i0.wp.com\/minutobahia24h.com.br\/wp-content\/uploads\/2025\/06\/Sem-titulo-42.jpg?fit=1200%2C630&ssl=1","jetpack_sharing_enabled":true,"_links":{"self":[{"href":"https:\/\/minutobahia24h.com.br\/index.php?rest_route=\/wp\/v2\/posts\/30121","targetHints":{"allow":["GET"]}}],"collection":[{"href":"https:\/\/minutobahia24h.com.br\/index.php?rest_route=\/wp\/v2\/posts"}],"about":[{"href":"https:\/\/minutobahia24h.com.br\/index.php?rest_route=\/wp\/v2\/types\/post"}],"author":[{"embeddable":true,"href":"https:\/\/minutobahia24h.com.br\/index.php?rest_route=\/wp\/v2\/users\/2"}],"replies":[{"embeddable":true,"href":"https:\/\/minutobahia24h.com.br\/index.php?rest_route=%2Fwp%2Fv2%2Fcomments&post=30121"}],"version-history":[{"count":1,"href":"https:\/\/minutobahia24h.com.br\/index.php?rest_route=\/wp\/v2\/posts\/30121\/revisions"}],"predecessor-version":[{"id":30123,"href":"https:\/\/minutobahia24h.com.br\/index.php?rest_route=\/wp\/v2\/posts\/30121\/revisions\/30123"}],"wp:featuredmedia":[{"embeddable":true,"href":"https:\/\/minutobahia24h.com.br\/index.php?rest_route=\/wp\/v2\/media\/30122"}],"wp:attachment":[{"href":"https:\/\/minutobahia24h.com.br\/index.php?rest_route=%2Fwp%2Fv2%2Fmedia&parent=30121"}],"wp:term":[{"taxonomy":"category","embeddable":true,"href":"https:\/\/minutobahia24h.com.br\/index.php?rest_route=%2Fwp%2Fv2%2Fcategories&post=30121"},{"taxonomy":"post_tag","embeddable":true,"href":"https:\/\/minutobahia24h.com.br\/index.php?rest_route=%2Fwp%2Fv2%2Ftags&post=30121"}],"curies":[{"name":"wp","href":"https:\/\/api.w.org\/{rel}","templated":true}]}}