{"id":30115,"date":"2025-06-03T07:40:43","date_gmt":"2025-06-03T10:40:43","guid":{"rendered":"https:\/\/minutobahia24h.com.br\/?p=30115"},"modified":"2025-06-03T07:40:45","modified_gmt":"2025-06-03T10:40:45","slug":"militares-confirmam-plano-de-bolsonaro-para-impedir-posse-de-lula","status":"publish","type":"post","link":"https:\/\/minutobahia24h.com.br\/?p=30115","title":{"rendered":"Militares confirmam plano de Bolsonaro para impedir posse de Lula"},"content":{"rendered":"<div class=\"wp-block-image\">\n<figure class=\"aligncenter size-large\"><img data-recalc-dims=\"1\" fetchpriority=\"high\" decoding=\"async\" width=\"800\" height=\"450\" src=\"https:\/\/i0.wp.com\/minutobahia24h.com.br\/wp-content\/uploads\/2025\/06\/Sem-titulo-40-1024x576.jpg?resize=800%2C450&#038;ssl=1\" alt=\"\" class=\"wp-image-30116\" srcset=\"https:\/\/i0.wp.com\/minutobahia24h.com.br\/wp-content\/uploads\/2025\/06\/Sem-titulo-40.jpg?resize=1024%2C576&amp;ssl=1 1024w, https:\/\/i0.wp.com\/minutobahia24h.com.br\/wp-content\/uploads\/2025\/06\/Sem-titulo-40.jpg?resize=300%2C169&amp;ssl=1 300w, https:\/\/i0.wp.com\/minutobahia24h.com.br\/wp-content\/uploads\/2025\/06\/Sem-titulo-40.jpg?resize=768%2C432&amp;ssl=1 768w, https:\/\/i0.wp.com\/minutobahia24h.com.br\/wp-content\/uploads\/2025\/06\/Sem-titulo-40.jpg?resize=750%2C422&amp;ssl=1 750w, https:\/\/i0.wp.com\/minutobahia24h.com.br\/wp-content\/uploads\/2025\/06\/Sem-titulo-40.jpg?resize=1140%2C641&amp;ssl=1 1140w, https:\/\/i0.wp.com\/minutobahia24h.com.br\/wp-content\/uploads\/2025\/06\/Sem-titulo-40.jpg?w=1200&amp;ssl=1 1200w\" sizes=\"(max-width: 800px) 100vw, 800px\" \/><figcaption class=\"wp-element-caption\">Bolsonaro ser\u00e1 interrogado na pr\u00f3xima semana &#8211;\u00a0Foto: S\u00e9rgio Lima | AFP<br><br><\/figcaption><\/figure>\n<\/div>\n\n\n<p>Testemunhas de acusa\u00e7\u00e3o confirmaram a tese de que Jair Bolsonaro planejou um golpe de Estado contra Luiz In\u00e1cio Lula da Silva, durante as audi\u00eancias do julgamento do ex-presidente, que terminaram nesta segunda-feira (2), antes do depoimento dele, na semana que vem.<\/p>\n\n\n\n<p>O Supremo Tribunal Federal (STF) julgou Bolsonaro por suspeita de ter lideran\u00e7a \u201cuma organiza\u00e7\u00e3o criminosa\u201d para se manter no poder ap\u00f3s perder as elei\u00e7\u00f5es de 2022 para Lula. O ex-presidente, que alega inoc\u00eancia, pode ser condenado a cerca de 40 anos de pris\u00e3o.<\/p>\n\n\n\n<p>Durante duas semanas, os ministros ouviram cerca de 50 testemunhas em audi\u00eancias virtuais, incluindo ex-militares de alta patente, ex-ministros e policiais. Dois ex-comandantes das For\u00e7as Armadas confirmaram a tese da acusa\u00e7\u00e3o: Bolsonaro apresentou um plano para impedir Lula de assumir o poder.<\/p>\n\n\n\n<p>O ex-ministro Tarc\u00edsio de Freitas, aliado de Bolsonaro, afirmou que nunca ouviu o ex-presidente, de 70 anos, mencionar um plano de golpe.<\/p>\n\n\n\n<p>Seguem abaixo os momentos marcantes das audi\u00eancias no Supremo, que ouvir\u00e3o Bolsonaro e outros sete r\u00e9us. Os interrogat\u00f3rios come\u00e7ar\u00e3o na pr\u00f3xima segunda-feira e poder\u00e3o se prolongar at\u00e9 sexta-feira. O veredicto deve sair nos pr\u00f3ximos meses.<\/p>\n\n\n\n<h2 class=\"wp-block-heading\">\u201cO senhor n\u00e3o ser\u00e1 presidente\u201d<\/h2>\n\n\n\n<p>O general Marco Ant\u00f4nio Freire Gomes, comandante do Ex\u00e9rcito na \u00e9poca, confirmou ter se encontrado com Bolsonaro no Pal\u00e1cio da Alvorada em dezembro de 2022.<\/p>\n\n\n\n<p>Segundo Freire, no local foi discutida a poss\u00edvel implementa\u00e7\u00e3o de medidas espec\u00edficas, como &#8220;estado de defesa ou s\u00edtio&#8221; para rejeitar os resultados das elei\u00e7\u00f5es e incluir uma interven\u00e7\u00e3o militar.<\/p>\n\n\n\n<p>\u201cAlertei ao senhor presidente (&#8230;) poderia ser implicado juridicamente por isso\u201d, disse Freire na audi\u00eancia, reafirmando o que j\u00e1 havia dito \u00e0 pol\u00edcia.<\/p>\n\n\n\n<p>O ex-comandante da Aeron\u00e1utica Carlos de Almeida Baptista J\u00fanior foi mais enf\u00e1tico: &#8220;Falei com o presidente: acontece o que acontecer, no dia 1\u00ba o senhor n\u00e3o ser\u00e1 presidente&#8221;, disse ele, referindo-se aos dados da posse de Lula.<\/p>\n\n\n\n<h2 class=\"wp-block-heading\">&#8216;\u00c0 disposi\u00e7\u00e3o&#8217; de Bolsonaro<\/h2>\n\n\n\n<p>Segundo o professor Thiago Bottino, da Funda\u00e7\u00e3o Get\u00falio Vargas, essas declara\u00e7\u00f5es marcam um ponto de inflex\u00e3o na hist\u00f3ria do Brasil, que passou por diversas ditaduras militares, a \u00faltima entre 1964 e 1985.<\/p>\n\n\n\n<p>\u201cA gente viu comandantes de duas for\u00e7as militares se recusando a participar de um ato de for\u00e7a para destituir o presidente eleito\u201d, disse Bottino \u00e0 AFP. \u201cE isso num pa\u00eds com o hist\u00f3rico brasileiro (&#8230;) \u00e9 muito importante\u201d.<\/p>\n\n\n\n<p>O especialista lembrou que Freire Gomes e Baptista J\u00fanior \u201ceram comandantes militares escolhidos pelo Bolsonaro\u201d e \u201cpreferiram respeitar a legalidade\u201d. No entanto, a ades\u00e3o dos militares \u00e0 ordem democr\u00e1tica n\u00e3o foi un\u00e2nime.<\/p>\n\n\n\n<p>O ent\u00e3o comandante da Marinha, almirante Almir Garnier Santos, apoiou a proposta de Bolsonaro e disse que \u201cas tropas da Marinha estariam \u00e0 disposi\u00e7\u00e3o do presidente\u201d, afirmou Baptista. Garnier \u00e9 um dos sete r\u00e9us, juntamente com Bolsonaro.<\/p>\n\n\n\n<h2 class=\"wp-block-heading\">\u2018Triste e resignado&#8217;<\/h2>\n\n\n\n<p>A defesa do ex-presidente convocou seu ex-ministro de Infraestrutura e atual governador de S\u00e3o Paulo, Tarc\u00edsio de Freitas.<\/p>\n\n\n\n<p>\u201cNesse per\u00edodo que eu tive presente com o presidente nessa reta final, novembro, dezembro, nas visitas que eu fiz, de v\u00e1rias conversas, jamais tocou nesse assunto, jamais apresentou qualquer tentativa de viola\u00e7\u00e3o\u201d da Constitui\u00e7\u00e3o, disse Tarc\u00edsio.<\/p>\n\n\n\n<p>&#8220;Encontrei o presidente, que estava triste e resignado&#8221;, ap\u00f3s perder o segundo turno presidencial, disse o governador.<\/p>\n\n\n\n<p>Tarc\u00edsio, que n\u00e3o participou da reuni\u00e3o de dezembro de 2022, \u00e9 apontado como poss\u00edvel sucessor de Bolsonaro nas elei\u00e7\u00f5es de 2026, j\u00e1 que o ex-presidente est\u00e1 politicamente inabilitado.<\/p>\n\n\n\n<h2 class=\"wp-block-heading\">Rea\u00e7\u00e3o tardia<\/h2>\n\n\n\n<p>As testemunhas tamb\u00e9m reconstitu\u00edram os fatos de 8 de janeiro de 2023, quando milhares de bolsonaristas invadiram e vandalizaram as sedes do poder em Bras\u00edlia para exigir interven\u00e7\u00e3o militar contra Lula. Segundo a acusa\u00e7\u00e3o, o ataque foi a \u00faltima esperan\u00e7a de Bolsonaro de se manter no poder.<\/p>\n\n\n\n<p>O ent\u00e3o vice-diretor da Ag\u00eancia Brasileira de Intelig\u00eancia (Abin), Saulo Moura da Cunha, afirmou ter enviado &#8220;alertas&#8221; a todas as for\u00e7as federais desde 6 de janeiro sobre uma &#8220;inten\u00e7\u00e3o manifesta de invas\u00e3o ao Congresso Nacional&#8221;.<\/p>\n\n\n\n<p>No mesmo dia do ataque, a Justi\u00e7a determinou a pris\u00e3o dos bolsonaristas que estivessem acampados a poucos quil\u00f4metros da Pra\u00e7a dos Tr\u00eas Poderes. A opera\u00e7\u00e3o come\u00e7ou na manh\u00e3 de 9 de janeiro, um dia ap\u00f3s o levante.<\/p>\n\n\n\n<p>Indagado sobre a demora, o general J\u00falio C\u00e9sar de Arruda, sucessor de Freire como comandante do Ex\u00e9rcito, disse ter optado por uma interven\u00e7\u00e3o &#8220;coordenada&#8221; com as demais for\u00e7as porque havia um &#8220;clima de nervosismo&#8221; em Bras\u00edlia.<\/p>\n\n\n\n<p>&#8220;A minha fun\u00e7\u00e3o era engra\u00e7ada&#8221;. \u201cGra\u00e7as a Deus, n\u00e3o houve nenhuma morte\u201d, explicou Arruda.<\/p>\n\n\n\n<p>atarde<\/p>\n","protected":false},"excerpt":{"rendered":"<p>Testemunhas de acusa\u00e7\u00e3o confirmaram a tese de que Jair Bolsonaro planejou um golpe de Estado contra Luiz In\u00e1cio Lula da Silva, durante as audi\u00eancias do julgamento do ex-presidente, que terminaram nesta segunda-feira (2), antes do depoimento dele, na semana que vem. O Supremo Tribunal Federal (STF) julgou Bolsonaro por suspeita de ter lideran\u00e7a \u201cuma organiza\u00e7\u00e3o [&hellip;]<\/p>\n","protected":false},"author":2,"featured_media":30116,"comment_status":"open","ping_status":"open","sticky":false,"template":"","format":"standard","meta":{"_jetpack_memberships_contains_paid_content":false,"footnotes":""},"categories":[46],"tags":[],"class_list":["post-30115","post","type-post","status-publish","format-standard","has-post-thumbnail","hentry","category-noticia"],"aioseo_notices":[],"jetpack_featured_media_url":"https:\/\/i0.wp.com\/minutobahia24h.com.br\/wp-content\/uploads\/2025\/06\/Sem-titulo-40.jpg?fit=1200%2C675&ssl=1","jetpack_sharing_enabled":true,"_links":{"self":[{"href":"https:\/\/minutobahia24h.com.br\/index.php?rest_route=\/wp\/v2\/posts\/30115","targetHints":{"allow":["GET"]}}],"collection":[{"href":"https:\/\/minutobahia24h.com.br\/index.php?rest_route=\/wp\/v2\/posts"}],"about":[{"href":"https:\/\/minutobahia24h.com.br\/index.php?rest_route=\/wp\/v2\/types\/post"}],"author":[{"embeddable":true,"href":"https:\/\/minutobahia24h.com.br\/index.php?rest_route=\/wp\/v2\/users\/2"}],"replies":[{"embeddable":true,"href":"https:\/\/minutobahia24h.com.br\/index.php?rest_route=%2Fwp%2Fv2%2Fcomments&post=30115"}],"version-history":[{"count":1,"href":"https:\/\/minutobahia24h.com.br\/index.php?rest_route=\/wp\/v2\/posts\/30115\/revisions"}],"predecessor-version":[{"id":30117,"href":"https:\/\/minutobahia24h.com.br\/index.php?rest_route=\/wp\/v2\/posts\/30115\/revisions\/30117"}],"wp:featuredmedia":[{"embeddable":true,"href":"https:\/\/minutobahia24h.com.br\/index.php?rest_route=\/wp\/v2\/media\/30116"}],"wp:attachment":[{"href":"https:\/\/minutobahia24h.com.br\/index.php?rest_route=%2Fwp%2Fv2%2Fmedia&parent=30115"}],"wp:term":[{"taxonomy":"category","embeddable":true,"href":"https:\/\/minutobahia24h.com.br\/index.php?rest_route=%2Fwp%2Fv2%2Fcategories&post=30115"},{"taxonomy":"post_tag","embeddable":true,"href":"https:\/\/minutobahia24h.com.br\/index.php?rest_route=%2Fwp%2Fv2%2Ftags&post=30115"}],"curies":[{"name":"wp","href":"https:\/\/api.w.org\/{rel}","templated":true}]}}