{"id":30109,"date":"2025-06-03T07:37:33","date_gmt":"2025-06-03T10:37:33","guid":{"rendered":"https:\/\/minutobahia24h.com.br\/?p=30109"},"modified":"2025-06-03T07:37:33","modified_gmt":"2025-06-03T10:37:33","slug":"moraes-agenda-interrogatorio-de-bolsonaro-e-outros-reus-para-segunda-feira","status":"publish","type":"post","link":"https:\/\/minutobahia24h.com.br\/?p=30109","title":{"rendered":"Moraes agenda interrogat\u00f3rio de Bolsonaro e outros r\u00e9us para segunda-feira"},"content":{"rendered":"<div class=\"wp-block-image\">\n<figure class=\"aligncenter size-full\"><img data-recalc-dims=\"1\" fetchpriority=\"high\" decoding=\"async\" width=\"700\" height=\"367\" src=\"https:\/\/i0.wp.com\/minutobahia24h.com.br\/wp-content\/uploads\/2025\/06\/Sem-titulo-38.jpg?resize=700%2C367&#038;ssl=1\" alt=\"\" class=\"wp-image-30110\" srcset=\"https:\/\/i0.wp.com\/minutobahia24h.com.br\/wp-content\/uploads\/2025\/06\/Sem-titulo-38.jpg?w=700&amp;ssl=1 700w, https:\/\/i0.wp.com\/minutobahia24h.com.br\/wp-content\/uploads\/2025\/06\/Sem-titulo-38.jpg?resize=300%2C157&amp;ssl=1 300w\" sizes=\"(max-width: 700px) 100vw, 700px\" \/><figcaption class=\"wp-element-caption\">Foto: Antonio Augusto\/STF<\/figcaption><\/figure>\n<\/div>\n\n\n<p>O ministro do Supremo Tribunal Federal (STF), Alexandre de Moraes, agendou o in\u00edcio dos interrogat\u00f3rios do ex-presidente Bolsonaro e outros r\u00e9us na a\u00e7\u00e3o penal que investiga uma trama golpista para a pr\u00f3xima segunda-feira (9). O inqu\u00e9rito avalia a participa\u00e7\u00e3o de diversos grupos na organiza\u00e7\u00e3o da trama golpista para manter o ex-presidente Jair Bolsonaro no poder.<\/p>\n\n\n\n<p>Segundo informa\u00e7\u00f5es do G1, o primeiro a ser ouvido \u00e9 o tenente-coronel Mauro Cid, ex-ajudante de ordens de Bolsonaro, que firmou uma dela\u00e7\u00e3o premiada no inqu\u00e9rito. Al\u00e9m de Cid, ser\u00e3o ouvidos, em ordem alfab\u00e9tica:&nbsp;<\/p>\n\n\n\n<p>Alexandre Ramagem, ex-diretor da Abin;<br>Almir Garnier, ex-comandante da Marinha;<br>Anderson Torres, ex-ministro da Justi\u00e7a;<br>Augusto Heleno, ex-ministro do GSI;<br>Jair Bolsonaro, ex-presidente da Rep\u00fablica;<br>Paulo S\u00e9rgio Nogueira, ex-ministro da Defesa;<br>Walter Braga Netto, ex-ministro da Casa Civil de Bolsonaro.<\/p>\n\n\n\n<p>Os interrogat\u00f3rios ser\u00e3o feitos de forma presencial, com exce\u00e7\u00e3o do general Braga Netto, que est\u00e1 preso no Rio de Janeiro e, portanto, ser\u00e1 interrogado por videoconfer\u00eancia.<\/p>\n\n\n\n<p>Bahia Not\u00edcias<\/p>\n","protected":false},"excerpt":{"rendered":"<p>O ministro do Supremo Tribunal Federal (STF), Alexandre de Moraes, agendou o in\u00edcio dos interrogat\u00f3rios do ex-presidente Bolsonaro e outros r\u00e9us na a\u00e7\u00e3o penal que investiga uma trama golpista para a pr\u00f3xima segunda-feira (9). O inqu\u00e9rito avalia a participa\u00e7\u00e3o de diversos grupos na organiza\u00e7\u00e3o da trama golpista para manter o ex-presidente Jair Bolsonaro no poder. [&hellip;]<\/p>\n","protected":false},"author":2,"featured_media":30110,"comment_status":"open","ping_status":"open","sticky":false,"template":"","format":"standard","meta":{"_jetpack_memberships_contains_paid_content":false,"footnotes":""},"categories":[39],"tags":[],"class_list":["post-30109","post","type-post","status-publish","format-standard","has-post-thumbnail","hentry","category-politica"],"aioseo_notices":[],"jetpack_featured_media_url":"https:\/\/i0.wp.com\/minutobahia24h.com.br\/wp-content\/uploads\/2025\/06\/Sem-titulo-38.jpg?fit=700%2C367&ssl=1","jetpack_sharing_enabled":true,"_links":{"self":[{"href":"https:\/\/minutobahia24h.com.br\/index.php?rest_route=\/wp\/v2\/posts\/30109","targetHints":{"allow":["GET"]}}],"collection":[{"href":"https:\/\/minutobahia24h.com.br\/index.php?rest_route=\/wp\/v2\/posts"}],"about":[{"href":"https:\/\/minutobahia24h.com.br\/index.php?rest_route=\/wp\/v2\/types\/post"}],"author":[{"embeddable":true,"href":"https:\/\/minutobahia24h.com.br\/index.php?rest_route=\/wp\/v2\/users\/2"}],"replies":[{"embeddable":true,"href":"https:\/\/minutobahia24h.com.br\/index.php?rest_route=%2Fwp%2Fv2%2Fcomments&post=30109"}],"version-history":[{"count":1,"href":"https:\/\/minutobahia24h.com.br\/index.php?rest_route=\/wp\/v2\/posts\/30109\/revisions"}],"predecessor-version":[{"id":30111,"href":"https:\/\/minutobahia24h.com.br\/index.php?rest_route=\/wp\/v2\/posts\/30109\/revisions\/30111"}],"wp:featuredmedia":[{"embeddable":true,"href":"https:\/\/minutobahia24h.com.br\/index.php?rest_route=\/wp\/v2\/media\/30110"}],"wp:attachment":[{"href":"https:\/\/minutobahia24h.com.br\/index.php?rest_route=%2Fwp%2Fv2%2Fmedia&parent=30109"}],"wp:term":[{"taxonomy":"category","embeddable":true,"href":"https:\/\/minutobahia24h.com.br\/index.php?rest_route=%2Fwp%2Fv2%2Fcategories&post=30109"},{"taxonomy":"post_tag","embeddable":true,"href":"https:\/\/minutobahia24h.com.br\/index.php?rest_route=%2Fwp%2Fv2%2Ftags&post=30109"}],"curies":[{"name":"wp","href":"https:\/\/api.w.org\/{rel}","templated":true}]}}