{"id":30099,"date":"2025-06-03T07:33:20","date_gmt":"2025-06-03T10:33:20","guid":{"rendered":"https:\/\/minutobahia24h.com.br\/?p=30099"},"modified":"2025-06-03T07:33:21","modified_gmt":"2025-06-03T10:33:21","slug":"acm-neto-faz-reuniao-com-aliados-organiza-cenario-politico-da-bahia-e-faz-rascunho-eleitoral-para-2026","status":"publish","type":"post","link":"https:\/\/minutobahia24h.com.br\/?p=30099","title":{"rendered":"ACM Neto faz reuni\u00e3o com aliados, organiza cen\u00e1rio pol\u00edtico da Bahia e faz \u201crascunho eleitoral\u201d para 2026"},"content":{"rendered":"<div class=\"wp-block-image\">\n<figure class=\"aligncenter size-large\"><img data-recalc-dims=\"1\" fetchpriority=\"high\" decoding=\"async\" width=\"800\" height=\"420\" src=\"https:\/\/i0.wp.com\/minutobahia24h.com.br\/wp-content\/uploads\/2025\/06\/Sem-titulo-35-1024x538.jpg?resize=800%2C420&#038;ssl=1\" alt=\"\" class=\"wp-image-30100\" srcset=\"https:\/\/i0.wp.com\/minutobahia24h.com.br\/wp-content\/uploads\/2025\/06\/Sem-titulo-35.jpg?resize=1024%2C538&amp;ssl=1 1024w, https:\/\/i0.wp.com\/minutobahia24h.com.br\/wp-content\/uploads\/2025\/06\/Sem-titulo-35.jpg?resize=300%2C158&amp;ssl=1 300w, https:\/\/i0.wp.com\/minutobahia24h.com.br\/wp-content\/uploads\/2025\/06\/Sem-titulo-35.jpg?resize=768%2C403&amp;ssl=1 768w, https:\/\/i0.wp.com\/minutobahia24h.com.br\/wp-content\/uploads\/2025\/06\/Sem-titulo-35.jpg?resize=750%2C394&amp;ssl=1 750w, https:\/\/i0.wp.com\/minutobahia24h.com.br\/wp-content\/uploads\/2025\/06\/Sem-titulo-35.jpg?resize=1140%2C599&amp;ssl=1 1140w, https:\/\/i0.wp.com\/minutobahia24h.com.br\/wp-content\/uploads\/2025\/06\/Sem-titulo-35.jpg?w=1200&amp;ssl=1 1200w\" sizes=\"(max-width: 800px) 100vw, 800px\" \/><figcaption class=\"wp-element-caption\">Foto: Reprodu\u00e7\u00e3o \/ Instagram<br><\/figcaption><\/figure>\n<\/div>\n\n\n<p>Uma reuni\u00e3o da Executiva estadual do Uni\u00e3o Brasil, conduzida pelo ex-prefeito de Salvador, ACM Neto, marcou esta segunda-feira (2). O encontro teve como objetivo alinhar a atua\u00e7\u00e3o do partido na Bahia e j\u00e1 projetar o cen\u00e1rio para as elei\u00e7\u00f5es de 2026, quando Neto deve disputar novamente o governo do Estado, enfrentando o atual governador Jer\u00f4nimo Rodrigues (PT).<\/p>\n\n\n\n<p>A reuni\u00e3o contou com a presen\u00e7a de importantes quadros da legenda, entre eles Reinaldinho Braga, ex-prefeito de Xique-Xique, e Luciano Ribeiro, ex-prefeito de Cacul\u00e9. Tamb\u00e9m marcaram presen\u00e7a os deputados estaduais Pedro Tavares, Sandro R\u00e9gis, Luciano Sim\u00f5es, K\u00e1tia Oliveira, Marcelinho Veiga, J\u00fanior Nascimento e Manuel Rocha, al\u00e9m dos deputados federais Paulo Azi e Leur Lomanto J\u00fanior.<\/p>\n\n\n\n<p class=\"has-text-align-center\"><img data-recalc-dims=\"1\" decoding=\"async\" alt=\"\" data-src=\"https:\/\/i0.wp.com\/www.bahianoticias.com.br\/fotos\/principal_noticias\/305294\/mg\/acmneto..jpg?w=800&#038;ssl=1\" src=\"data:image\/gif;base64,R0lGODlhAQABAAAAACH5BAEKAAEALAAAAAABAAEAAAICTAEAOw==\" class=\"lazyload\"><noscript><img data-recalc-dims=\"1\" decoding=\"async\" alt=\"\" src=\"https:\/\/i0.wp.com\/www.bahianoticias.com.br\/fotos\/principal_noticias\/305294\/mg\/acmneto..jpg?w=800&#038;ssl=1\"><\/noscript><br><em>Foto: Reprodu\u00e7\u00e3o \/ Instagram<\/em><\/p>\n\n\n\n<p>Parlamentares presentes conversaram com a reportagem do Bahia Not\u00edcias e relataram estarem satisfeitos com o conte\u00fado discutido na reuni\u00e3o. Segundo um dos deputados, ACM Neto apresentou um panorama detalhado do cen\u00e1rio pol\u00edtico em cada munic\u00edpio baiano, apontando as perspectivas e desafios espec\u00edficos de cada regi\u00e3o. \u201cFoi uma apresenta\u00e7\u00e3o muito completa. Ele mostrou munic\u00edpio por munic\u00edpio da Bahia, e trouxe a realidade local, o que \u00e9 essencial para o planejamento eleitoral\u201d, destacou o parlamentar.<\/p>\n\n\n\n<p>A elei\u00e7\u00e3o de 2026 \u00e9 vista como uma oportunidade para ACM Neto tentar retomar o protagonismo pol\u00edtico no Estado, ap\u00f3s a derrota para Jer\u00f4nimo Rodrigues em 2022. Na disputa \u00e0 \u00e9poca, Neto obteve 4.007.023 votos no segundo turno, o que representou 47,21%\u00a0do total, contra 4.480.464 votos de Jer\u00f4nimo, equivalente a 52,79%.<\/p>\n\n\n\n<p>O Uni\u00e3o Brasil busca fortalecer sua base na Bahia e delinear estrat\u00e9gias para enfrentar o PT, que atualmente governa o estado. Segundo as fontes ouvidas pelo BN, a reuni\u00e3o desta segunda-feira reflete esse esfor\u00e7o de articula\u00e7\u00e3o e prepara\u00e7\u00e3o para a pr\u00f3xima disputa majorit\u00e1ria.<\/p>\n\n\n\n<p>BN<\/p>\n","protected":false},"excerpt":{"rendered":"<p>Uma reuni\u00e3o da Executiva estadual do Uni\u00e3o Brasil, conduzida pelo ex-prefeito de Salvador, ACM Neto, marcou esta segunda-feira (2). O encontro teve como objetivo alinhar a atua\u00e7\u00e3o do partido na Bahia e j\u00e1 projetar o cen\u00e1rio para as elei\u00e7\u00f5es de 2026, quando Neto deve disputar novamente o governo do Estado, enfrentando o atual governador Jer\u00f4nimo [&hellip;]<\/p>\n","protected":false},"author":2,"featured_media":30100,"comment_status":"open","ping_status":"open","sticky":false,"template":"","format":"standard","meta":{"_jetpack_memberships_contains_paid_content":false,"footnotes":""},"categories":[39],"tags":[],"class_list":["post-30099","post","type-post","status-publish","format-standard","has-post-thumbnail","hentry","category-politica"],"aioseo_notices":[],"jetpack_featured_media_url":"https:\/\/i0.wp.com\/minutobahia24h.com.br\/wp-content\/uploads\/2025\/06\/Sem-titulo-35.jpg?fit=1200%2C630&ssl=1","jetpack_sharing_enabled":true,"_links":{"self":[{"href":"https:\/\/minutobahia24h.com.br\/index.php?rest_route=\/wp\/v2\/posts\/30099","targetHints":{"allow":["GET"]}}],"collection":[{"href":"https:\/\/minutobahia24h.com.br\/index.php?rest_route=\/wp\/v2\/posts"}],"about":[{"href":"https:\/\/minutobahia24h.com.br\/index.php?rest_route=\/wp\/v2\/types\/post"}],"author":[{"embeddable":true,"href":"https:\/\/minutobahia24h.com.br\/index.php?rest_route=\/wp\/v2\/users\/2"}],"replies":[{"embeddable":true,"href":"https:\/\/minutobahia24h.com.br\/index.php?rest_route=%2Fwp%2Fv2%2Fcomments&post=30099"}],"version-history":[{"count":1,"href":"https:\/\/minutobahia24h.com.br\/index.php?rest_route=\/wp\/v2\/posts\/30099\/revisions"}],"predecessor-version":[{"id":30101,"href":"https:\/\/minutobahia24h.com.br\/index.php?rest_route=\/wp\/v2\/posts\/30099\/revisions\/30101"}],"wp:featuredmedia":[{"embeddable":true,"href":"https:\/\/minutobahia24h.com.br\/index.php?rest_route=\/wp\/v2\/media\/30100"}],"wp:attachment":[{"href":"https:\/\/minutobahia24h.com.br\/index.php?rest_route=%2Fwp%2Fv2%2Fmedia&parent=30099"}],"wp:term":[{"taxonomy":"category","embeddable":true,"href":"https:\/\/minutobahia24h.com.br\/index.php?rest_route=%2Fwp%2Fv2%2Fcategories&post=30099"},{"taxonomy":"post_tag","embeddable":true,"href":"https:\/\/minutobahia24h.com.br\/index.php?rest_route=%2Fwp%2Fv2%2Ftags&post=30099"}],"curies":[{"name":"wp","href":"https:\/\/api.w.org\/{rel}","templated":true}]}}