{"id":30071,"date":"2025-06-03T07:04:51","date_gmt":"2025-06-03T10:04:51","guid":{"rendered":"https:\/\/minutobahia24h.com.br\/?p=30071"},"modified":"2025-06-03T07:04:53","modified_gmt":"2025-06-03T10:04:53","slug":"juazeiro-divulga-chamada-publica-para-professores-do-brasil-alfabetizado","status":"publish","type":"post","link":"https:\/\/minutobahia24h.com.br\/?p=30071","title":{"rendered":"Juazeiro divulga chamada p\u00fablica para professores do \u2018Brasil Alfabetizado\u2019"},"content":{"rendered":"<div class=\"wp-block-image\">\n<figure class=\"aligncenter size-full\"><img data-recalc-dims=\"1\" fetchpriority=\"high\" decoding=\"async\" width=\"496\" height=\"329\" src=\"https:\/\/i0.wp.com\/minutobahia24h.com.br\/wp-content\/uploads\/2025\/06\/Sem-titulo-26.jpg?resize=496%2C329&#038;ssl=1\" alt=\"\" class=\"wp-image-30072\" srcset=\"https:\/\/i0.wp.com\/minutobahia24h.com.br\/wp-content\/uploads\/2025\/06\/Sem-titulo-26.jpg?w=496&amp;ssl=1 496w, https:\/\/i0.wp.com\/minutobahia24h.com.br\/wp-content\/uploads\/2025\/06\/Sem-titulo-26.jpg?resize=300%2C199&amp;ssl=1 300w\" sizes=\"(max-width: 496px) 100vw, 496px\" \/><figcaption class=\"wp-element-caption\">Foto: arquivo\/reprodu\u00e7\u00e3o<br><\/figcaption><\/figure>\n<\/div>\n\n\n<p>Foi divulgada pela Secretaria de Educa\u00e7\u00e3o (Seduc) de Juazeiro (BA), no Di\u00e1rio Oficial da \u00faltima sexta-feira (31\/05), a Chamada P\u00fablica n\u00ba 001\/2025 para sele\u00e7\u00e3o e composi\u00e7\u00e3o de banco de alfabetizadores populares no \u00e2mbito do Programa \u2018Brasil Alfabetizado\u2019. As inscri\u00e7\u00f5es devem ser realizadas at\u00e9 ter\u00e7a-feira (3), por meio do&nbsp;<a href=\"https:\/\/selecaopedagogica.juazeiro.ba.gov.br\/\"><strong>endere\u00e7o eletr\u00f4nico<\/strong><\/a>.<\/p>\n\n\n\n<p>Os candidatos devem ter, no m\u00ednimo, ensino m\u00e9dio completo do curso de magist\u00e9rio, estar cursando a partir do 5\u00ba per\u00edodo ou ter conclu\u00eddo o curso superior em Pedagogia. Para realizar a inscri\u00e7\u00e3o, o interessado deve preencher o formul\u00e1rio e enviar toda a documenta\u00e7\u00e3o comprobat\u00f3ria, anexada em PDF, comprovando os t\u00edtulos, a experi\u00eancia profissional e o atendimento aos requisitos exigidos para o exerc\u00edcio da fun\u00e7\u00e3o de alfabetizador.<\/p>\n\n\n\n<p>A sele\u00e7\u00e3o disponibiliza seis vagas para a \u00e1rea urbana e\/ou zona rural do munic\u00edpio. Os demais candidatos ir\u00e3o compor um banco de recursos humanos, cuja convoca\u00e7\u00e3o estar\u00e1 condicionada a eventuais desist\u00eancias, substitui\u00e7\u00f5es e\/ou \u00e0 cria\u00e7\u00e3o de novas vagas durante o per\u00edodo de validade desta chamada. Os convocados receber\u00e3o uma bolsa de R$ 1,1 mil e desempenhar\u00e3o suas atividades em uma jornada de 12 horas semanais de trabalho.<\/p>\n\n\n\n<p>carlosbritto<\/p>\n","protected":false},"excerpt":{"rendered":"<p>Foi divulgada pela Secretaria de Educa\u00e7\u00e3o (Seduc) de Juazeiro (BA), no Di\u00e1rio Oficial da \u00faltima sexta-feira (31\/05), a Chamada P\u00fablica n\u00ba 001\/2025 para sele\u00e7\u00e3o e composi\u00e7\u00e3o de banco de alfabetizadores populares no \u00e2mbito do Programa \u2018Brasil Alfabetizado\u2019. As inscri\u00e7\u00f5es devem ser realizadas at\u00e9 ter\u00e7a-feira (3), por meio do&nbsp;endere\u00e7o eletr\u00f4nico. Os candidatos devem ter, no m\u00ednimo, [&hellip;]<\/p>\n","protected":false},"author":2,"featured_media":30072,"comment_status":"open","ping_status":"open","sticky":false,"template":"","format":"standard","meta":{"_jetpack_memberships_contains_paid_content":false,"footnotes":""},"categories":[3],"tags":[],"class_list":["post-30071","post","type-post","status-publish","format-standard","has-post-thumbnail","hentry","category-regional"],"aioseo_notices":[],"jetpack_featured_media_url":"https:\/\/i0.wp.com\/minutobahia24h.com.br\/wp-content\/uploads\/2025\/06\/Sem-titulo-26.jpg?fit=496%2C329&ssl=1","jetpack_sharing_enabled":true,"_links":{"self":[{"href":"https:\/\/minutobahia24h.com.br\/index.php?rest_route=\/wp\/v2\/posts\/30071","targetHints":{"allow":["GET"]}}],"collection":[{"href":"https:\/\/minutobahia24h.com.br\/index.php?rest_route=\/wp\/v2\/posts"}],"about":[{"href":"https:\/\/minutobahia24h.com.br\/index.php?rest_route=\/wp\/v2\/types\/post"}],"author":[{"embeddable":true,"href":"https:\/\/minutobahia24h.com.br\/index.php?rest_route=\/wp\/v2\/users\/2"}],"replies":[{"embeddable":true,"href":"https:\/\/minutobahia24h.com.br\/index.php?rest_route=%2Fwp%2Fv2%2Fcomments&post=30071"}],"version-history":[{"count":1,"href":"https:\/\/minutobahia24h.com.br\/index.php?rest_route=\/wp\/v2\/posts\/30071\/revisions"}],"predecessor-version":[{"id":30073,"href":"https:\/\/minutobahia24h.com.br\/index.php?rest_route=\/wp\/v2\/posts\/30071\/revisions\/30073"}],"wp:featuredmedia":[{"embeddable":true,"href":"https:\/\/minutobahia24h.com.br\/index.php?rest_route=\/wp\/v2\/media\/30072"}],"wp:attachment":[{"href":"https:\/\/minutobahia24h.com.br\/index.php?rest_route=%2Fwp%2Fv2%2Fmedia&parent=30071"}],"wp:term":[{"taxonomy":"category","embeddable":true,"href":"https:\/\/minutobahia24h.com.br\/index.php?rest_route=%2Fwp%2Fv2%2Fcategories&post=30071"},{"taxonomy":"post_tag","embeddable":true,"href":"https:\/\/minutobahia24h.com.br\/index.php?rest_route=%2Fwp%2Fv2%2Ftags&post=30071"}],"curies":[{"name":"wp","href":"https:\/\/api.w.org\/{rel}","templated":true}]}}