{"id":30062,"date":"2025-06-02T15:31:30","date_gmt":"2025-06-02T18:31:30","guid":{"rendered":"https:\/\/minutobahia24h.com.br\/?p=30062"},"modified":"2025-06-02T15:31:32","modified_gmt":"2025-06-02T18:31:32","slug":"policlinica-regional-de-saude-de-senhor-do-bonfim-abre-inscricoes-para-processo-seletivo","status":"publish","type":"post","link":"https:\/\/minutobahia24h.com.br\/?p=30062","title":{"rendered":"Policl\u00ednica Regional de Sa\u00fade de Senhor do Bonfim abre inscri\u00e7\u00f5es para Processo Seletivo"},"content":{"rendered":"<div class=\"wp-block-image\">\n<figure class=\"aligncenter size-full\"><img data-recalc-dims=\"1\" fetchpriority=\"high\" decoding=\"async\" width=\"800\" height=\"365\" src=\"https:\/\/i0.wp.com\/minutobahia24h.com.br\/wp-content\/uploads\/2025\/06\/Sem-titulo-25.jpg?resize=800%2C365&#038;ssl=1\" alt=\"\" class=\"wp-image-30063\" srcset=\"https:\/\/i0.wp.com\/minutobahia24h.com.br\/wp-content\/uploads\/2025\/06\/Sem-titulo-25.jpg?w=950&amp;ssl=1 950w, https:\/\/i0.wp.com\/minutobahia24h.com.br\/wp-content\/uploads\/2025\/06\/Sem-titulo-25.jpg?resize=300%2C137&amp;ssl=1 300w, https:\/\/i0.wp.com\/minutobahia24h.com.br\/wp-content\/uploads\/2025\/06\/Sem-titulo-25.jpg?resize=768%2C351&amp;ssl=1 768w, https:\/\/i0.wp.com\/minutobahia24h.com.br\/wp-content\/uploads\/2025\/06\/Sem-titulo-25.jpg?resize=750%2C343&amp;ssl=1 750w\" sizes=\"(max-width: 800px) 100vw, 800px\" \/><figcaption class=\"wp-element-caption\"><sub>Policl\u00ednica Regional de Sa\u00fade de Senhor do Bonfim abre inscri\u00e7\u00f5es para Processo Seletivo \u2013 Foto: Divulga\u00e7\u00e3o<\/sub><br><\/figcaption><\/figure>\n<\/div>\n\n\n<p class=\"wp-block-paragraph\">Est\u00e3o abertas as inscri\u00e7\u00f5es para o Processo Seletivo Simplificado n\u00ba 01\/2025 do Cons\u00f3rcio P\u00fablico Interfederativo de Sa\u00fade de Senhor do Bonfim. O referido processo visa a contrata\u00e7\u00e3o de profissionais por tempo determinado para atuarem na Policl\u00ednica Regional de Sa\u00fade em Senhor do Bonfim.<\/p>\n\n\n\n<p class=\"wp-block-paragraph\">De acordo com edital publicado na \u00faltima quinta-feira, 29 de maio, o processo seletivo tem prazo de validade de at\u00e9 12 meses, a contar da data da homologa\u00e7\u00e3o do certame, podendo ser prorrogado por igual per\u00edodo, a crit\u00e9rio do Cons\u00f3rcio P\u00fablico Interfederativo da Regi\u00e3o de Senhor do Bonfim, e ser\u00e1 constitu\u00eddo de uma \u00fanica etapa: Avalia\u00e7\u00e3o do Curr\u00edculo Lattes, com descri\u00e7\u00e3o e comprova\u00e7\u00e3o de t\u00edtulos, diploma de gradua\u00e7\u00e3o e\/ou diploma curso t\u00e9cnico, registro profissional, produ\u00e7\u00e3o acad\u00eamica, experi\u00eancia profissional no cargo inscrito, de car\u00e1ter classificat\u00f3rio e eliminat\u00f3rio.<\/p>\n\n\n\n<p class=\"wp-block-paragraph\">Os candidatos que n\u00e3o forem aprovados dentro do n\u00famero de vagas, figurar\u00e3o no cadastro de reserva e poder\u00e3o ser convocados de acordo com a necessidade da Administra\u00e7\u00e3o, obedecendo-se a ordem de classifica\u00e7\u00e3o do cadastro de reserva.<\/p>\n\n\n\n<p class=\"wp-block-paragraph\">Ainda segundo o edital, h\u00e1 vagas para M\u00e9dico, Assistente Social, T\u00e9cnico em Radiologia, Assessor T\u00e9cnico, Assistente Administrativo, Enfermeiro, Farmac\u00eautico, Nutricionista, Psic\u00f3logo, Ouvidor e T\u00e9cnico em Enfermagem. O edital n\u00e3o cita o n\u00famero de vagas.<\/p>\n\n\n\n<p class=\"wp-block-paragraph\">As inscri\u00e7\u00f5es para esta sele\u00e7\u00e3o p\u00fablica simplificada do Cons\u00f3rcio P\u00fablico Interfederativo de Sa\u00fade de Senhor do Bonfim ser\u00e3o realizadas, de 02 a 13 de junho, de forma presencial, no endere\u00e7o do Cons\u00f3rcio na Rodovia BA-131, Km 01, Senhor do Bonfim, antiga Ebal, mesmo pr\u00e9dio do Cons\u00f3rcio de Obras, ou por meio do e-mail:&nbsp;<strong><mark>consorciosaudesenhordobonfim@gmail.com<\/mark><\/strong>.<\/p>\n\n\n\n<p class=\"wp-block-paragraph\">blogdoeloiltoncajuhy<\/p>\n","protected":false},"excerpt":{"rendered":"<p>Est\u00e3o abertas as inscri\u00e7\u00f5es para o Processo Seletivo Simplificado n\u00ba 01\/2025 do Cons\u00f3rcio P\u00fablico Interfederativo de Sa\u00fade de Senhor do Bonfim. O referido processo visa a contrata\u00e7\u00e3o de profissionais por tempo determinado para atuarem na Policl\u00ednica Regional de Sa\u00fade em Senhor do Bonfim. De acordo com edital publicado na \u00faltima quinta-feira, 29 de maio, o [&hellip;]<\/p>\n","protected":false},"author":2,"featured_media":30063,"comment_status":"open","ping_status":"open","sticky":false,"template":"","format":"standard","meta":{"_jetpack_newsletter_access":"","_jetpack_dont_email_post_to_subs":false,"_jetpack_newsletter_tier_id":0,"_jetpack_memberships_contains_paywalled_content":false,"_jetpack_feature_clip_id":0,"_jetpack_memberships_contains_paid_content":false,"footnotes":"","jetpack_post_was_ever_published":false},"categories":[3],"tags":[],"class_list":["post-30062","post","type-post","status-publish","format-standard","has-post-thumbnail","hentry","category-regional"],"aioseo_notices":[],"aioseo_head":"\n\t\t<!-- All in One SEO 5.0.1.1 - aioseo.com -->\n\t<meta name=\"description\" content=\"Est\u00e3o abertas as inscri\u00e7\u00f5es para o Processo Seletivo Simplificado n\u00ba 01\/2025 do Cons\u00f3rcio P\u00fablico Interfederativo de Sa\u00fade de Senhor do Bonfim. O referido processo visa a contrata\u00e7\u00e3o de profissionais por tempo determinado para atuarem na Policl\u00ednica Regional de Sa\u00fade em Senhor do Bonfim. De acordo com edital publicado na \u00faltima quinta-feira, 29 de maio, o\" \/>\n\t<meta name=\"robots\" content=\"max-image-preview:large\" \/>\n\t<meta name=\"author\" content=\"andre\"\/>\n\t<link rel=\"canonical\" href=\"https:\/\/minutobahia24h.com.br\/?p=30062\" \/>\n\t<meta name=\"generator\" content=\"All in One SEO (AIOSEO) 5.0.1.1\" \/>\n\t\t<meta property=\"og:locale\" content=\"pt_BR\" \/>\n\t\t<meta property=\"og:site_name\" content=\"Minuto Bahia 24h - O seu portal de not\u00edcias\" \/>\n\t\t<meta property=\"og:type\" content=\"article\" \/>\n\t\t<meta property=\"og:title\" content=\"Policl\u00ednica Regional de Sa\u00fade de Senhor do Bonfim abre inscri\u00e7\u00f5es para Processo Seletivo - Minuto Bahia 24h\" \/>\n\t\t<meta property=\"og:description\" content=\"Est\u00e3o abertas as inscri\u00e7\u00f5es para o Processo Seletivo Simplificado n\u00ba 01\/2025 do Cons\u00f3rcio P\u00fablico Interfederativo de Sa\u00fade de Senhor do Bonfim. O referido processo visa a contrata\u00e7\u00e3o de profissionais por tempo determinado para atuarem na Policl\u00ednica Regional de Sa\u00fade em Senhor do Bonfim. De acordo com edital publicado na \u00faltima quinta-feira, 29 de maio, o\" \/>\n\t\t<meta property=\"og:url\" content=\"https:\/\/minutobahia24h.com.br\/?p=30062\" \/>\n\t\t<meta property=\"og:image\" content=\"https:\/\/minutobahia24h.com.br\/wp-content\/uploads\/2025\/06\/Sem-titulo-25.jpg\" \/>\n\t\t<meta property=\"og:image:secure_url\" content=\"https:\/\/minutobahia24h.com.br\/wp-content\/uploads\/2025\/06\/Sem-titulo-25.jpg\" \/>\n\t\t<meta property=\"og:image:width\" content=\"950\" \/>\n\t\t<meta property=\"og:image:height\" content=\"434\" \/>\n\t\t<meta property=\"article:published_time\" content=\"2025-06-02T18:31:30+00:00\" \/>\n\t\t<meta property=\"article:modified_time\" content=\"2025-06-02T18:31:32+00:00\" \/>\n\t\t<meta name=\"twitter:card\" content=\"summary_large_image\" \/>\n\t\t<meta name=\"twitter:title\" content=\"Policl\u00ednica Regional de Sa\u00fade de Senhor do Bonfim abre inscri\u00e7\u00f5es para Processo Seletivo - Minuto Bahia 24h\" \/>\n\t\t<meta name=\"twitter:description\" content=\"Est\u00e3o abertas as inscri\u00e7\u00f5es para o Processo Seletivo Simplificado n\u00ba 01\/2025 do Cons\u00f3rcio P\u00fablico Interfederativo de Sa\u00fade de Senhor do Bonfim. O referido processo visa a contrata\u00e7\u00e3o de profissionais por tempo determinado para atuarem na Policl\u00ednica Regional de Sa\u00fade em Senhor do Bonfim. De acordo com edital publicado na \u00faltima quinta-feira, 29 de maio, o\" \/>\n\t\t<meta name=\"twitter:image\" content=\"https:\/\/minutobahia24h.com.br\/wp-content\/uploads\/2025\/06\/Sem-titulo-25.jpg\" \/>\n\t\t<script type=\"application\/ld+json\" class=\"aioseo-schema\">\n\t\t\t{\"@context\":\"https:\\\/\\\/schema.org\",\"@graph\":[{\"@type\":\"BlogPosting\",\"@id\":\"https:\\\/\\\/minutobahia24h.com.br\\\/?p=30062#blogposting\",\"name\":\"Policl\\u00ednica Regional de Sa\\u00fade de Senhor do Bonfim abre inscri\\u00e7\\u00f5es para Processo Seletivo - Minuto Bahia 24h\",\"headline\":\"Policl\\u00ednica Regional de Sa\\u00fade de Senhor do Bonfim abre inscri\\u00e7\\u00f5es para Processo Seletivo\",\"author\":{\"@id\":\"https:\\\/\\\/minutobahia24h.com.br\\\/?author=2#author\"},\"publisher\":{\"@id\":\"https:\\\/\\\/minutobahia24h.com.br\\\/#organization\"},\"image\":{\"@type\":\"ImageObject\",\"url\":\"https:\\\/\\\/i0.wp.com\\\/minutobahia24h.com.br\\\/wp-content\\\/uploads\\\/2025\\\/06\\\/Sem-titulo-25.jpg?fit=950%2C434&ssl=1\",\"width\":950,\"height\":434},\"datePublished\":\"2025-06-02T15:31:30-03:00\",\"dateModified\":\"2025-06-02T15:31:32-03:00\",\"inLanguage\":\"pt-BR\",\"mainEntityOfPage\":{\"@id\":\"https:\\\/\\\/minutobahia24h.com.br\\\/?p=30062#webpage\"},\"isPartOf\":{\"@id\":\"https:\\\/\\\/minutobahia24h.com.br\\\/?p=30062#webpage\"},\"articleSection\":\"Regional\"},{\"@type\":\"BreadcrumbList\",\"@id\":\"https:\\\/\\\/minutobahia24h.com.br\\\/?p=30062#breadcrumblist\",\"itemListElement\":[{\"@type\":\"ListItem\",\"@id\":\"https:\\\/\\\/minutobahia24h.com.br#listItem\",\"position\":1,\"name\":\"In\\u00edcio\",\"item\":\"https:\\\/\\\/minutobahia24h.com.br\",\"nextItem\":{\"@type\":\"ListItem\",\"@id\":\"https:\\\/\\\/minutobahia24h.com.br\\\/?cat=3#listItem\",\"name\":\"Regional\"}},{\"@type\":\"ListItem\",\"@id\":\"https:\\\/\\\/minutobahia24h.com.br\\\/?cat=3#listItem\",\"position\":2,\"name\":\"Regional\",\"item\":\"https:\\\/\\\/minutobahia24h.com.br\\\/?cat=3\",\"nextItem\":{\"@type\":\"ListItem\",\"@id\":\"https:\\\/\\\/minutobahia24h.com.br\\\/?p=30062#listItem\",\"name\":\"Policl\\u00ednica Regional de Sa\\u00fade de Senhor do Bonfim abre inscri\\u00e7\\u00f5es para Processo Seletivo\"},\"previousItem\":{\"@type\":\"ListItem\",\"@id\":\"https:\\\/\\\/minutobahia24h.com.br#listItem\",\"name\":\"In\\u00edcio\"}},{\"@type\":\"ListItem\",\"@id\":\"https:\\\/\\\/minutobahia24h.com.br\\\/?p=30062#listItem\",\"position\":3,\"name\":\"Policl\\u00ednica Regional de Sa\\u00fade de Senhor do Bonfim abre inscri\\u00e7\\u00f5es para Processo Seletivo\",\"previousItem\":{\"@type\":\"ListItem\",\"@id\":\"https:\\\/\\\/minutobahia24h.com.br\\\/?cat=3#listItem\",\"name\":\"Regional\"}}]},{\"@type\":\"Organization\",\"@id\":\"https:\\\/\\\/minutobahia24h.com.br\\\/#organization\",\"name\":\"Minuto Bahia 24h\",\"description\":\"O seu portal de not\\u00edcias\",\"url\":\"https:\\\/\\\/minutobahia24h.com.br\\\/\",\"logo\":{\"@type\":\"ImageObject\",\"url\":\"https:\\\/\\\/i0.wp.com\\\/minutobahia24h.com.br\\\/wp-content\\\/uploads\\\/2023\\\/09\\\/cropped-minutoba.png?fit=457%2C119&ssl=1\",\"@id\":\"https:\\\/\\\/minutobahia24h.com.br\\\/?p=30062\\\/#organizationLogo\",\"width\":457,\"height\":119},\"image\":{\"@id\":\"https:\\\/\\\/minutobahia24h.com.br\\\/?p=30062\\\/#organizationLogo\"}},{\"@type\":\"Person\",\"@id\":\"https:\\\/\\\/minutobahia24h.com.br\\\/?author=2#author\",\"url\":\"https:\\\/\\\/minutobahia24h.com.br\\\/?author=2\",\"name\":\"andre\",\"image\":{\"@type\":\"ImageObject\",\"@id\":\"https:\\\/\\\/minutobahia24h.com.br\\\/?p=30062#authorImage\",\"url\":\"https:\\\/\\\/secure.gravatar.com\\\/avatar\\\/0ec5eafed5f3925c321625d79a680d589901b94bca787ae396a35f6c4a960922?s=96&d=mm&r=g\",\"width\":96,\"height\":96,\"caption\":\"andre\"}},{\"@type\":\"WebPage\",\"@id\":\"https:\\\/\\\/minutobahia24h.com.br\\\/?p=30062#webpage\",\"url\":\"https:\\\/\\\/minutobahia24h.com.br\\\/?p=30062\",\"name\":\"Policl\\u00ednica Regional de Sa\\u00fade de Senhor do Bonfim abre inscri\\u00e7\\u00f5es para Processo Seletivo - Minuto Bahia 24h\",\"description\":\"Est\\u00e3o abertas as inscri\\u00e7\\u00f5es para o Processo Seletivo Simplificado n\\u00ba 01\\\/2025 do Cons\\u00f3rcio P\\u00fablico Interfederativo de Sa\\u00fade de Senhor do Bonfim. O referido processo visa a contrata\\u00e7\\u00e3o de profissionais por tempo determinado para atuarem na Policl\\u00ednica Regional de Sa\\u00fade em Senhor do Bonfim. De acordo com edital publicado na \\u00faltima quinta-feira, 29 de maio, o\",\"inLanguage\":\"pt-BR\",\"isPartOf\":{\"@id\":\"https:\\\/\\\/minutobahia24h.com.br\\\/#website\"},\"breadcrumb\":{\"@id\":\"https:\\\/\\\/minutobahia24h.com.br\\\/?p=30062#breadcrumblist\"},\"author\":{\"@id\":\"https:\\\/\\\/minutobahia24h.com.br\\\/?author=2#author\"},\"creator\":{\"@id\":\"https:\\\/\\\/minutobahia24h.com.br\\\/?author=2#author\"},\"image\":{\"@type\":\"ImageObject\",\"url\":\"https:\\\/\\\/i0.wp.com\\\/minutobahia24h.com.br\\\/wp-content\\\/uploads\\\/2025\\\/06\\\/Sem-titulo-25.jpg?fit=950%2C434&ssl=1\",\"@id\":\"https:\\\/\\\/minutobahia24h.com.br\\\/?p=30062\\\/#mainImage\",\"width\":950,\"height\":434},\"primaryImageOfPage\":{\"@id\":\"https:\\\/\\\/minutobahia24h.com.br\\\/?p=30062#mainImage\"},\"datePublished\":\"2025-06-02T15:31:30-03:00\",\"dateModified\":\"2025-06-02T15:31:32-03:00\"},{\"@type\":\"WebSite\",\"@id\":\"https:\\\/\\\/minutobahia24h.com.br\\\/#website\",\"url\":\"https:\\\/\\\/minutobahia24h.com.br\\\/\",\"name\":\"Minuto Bahia 24h\",\"description\":\"O seu portal de not\\u00edcias\",\"inLanguage\":\"pt-BR\",\"publisher\":{\"@id\":\"https:\\\/\\\/minutobahia24h.com.br\\\/#organization\"}}]}\n\t\t<\/script>\n\t\t<!-- All in One SEO -->\n\n","aioseo_head_json":{"title":"Policl\u00ednica Regional de Sa\u00fade de Senhor do Bonfim abre inscri\u00e7\u00f5es para Processo Seletivo - Minuto Bahia 24h","description":"Est\u00e3o abertas as inscri\u00e7\u00f5es para o Processo Seletivo Simplificado n\u00ba 01\/2025 do Cons\u00f3rcio P\u00fablico Interfederativo de Sa\u00fade de Senhor do Bonfim. O referido processo visa a contrata\u00e7\u00e3o de profissionais por tempo determinado para atuarem na Policl\u00ednica Regional de Sa\u00fade em Senhor do Bonfim. De acordo com edital publicado na \u00faltima quinta-feira, 29 de maio, o","canonical_url":"https:\/\/minutobahia24h.com.br\/?p=30062","robots":"max-image-preview:large","keywords":"","webmasterTools":{"miscellaneous":""},"schema":{"@context":"https:\/\/schema.org","@graph":[{"@type":"BlogPosting","@id":"https:\/\/minutobahia24h.com.br\/?p=30062#blogposting","name":"Policl\u00ednica Regional de Sa\u00fade de Senhor do Bonfim abre inscri\u00e7\u00f5es para Processo Seletivo - Minuto Bahia 24h","headline":"Policl\u00ednica Regional de Sa\u00fade de Senhor do Bonfim abre inscri\u00e7\u00f5es para Processo Seletivo","author":{"@id":"https:\/\/minutobahia24h.com.br\/?author=2#author"},"publisher":{"@id":"https:\/\/minutobahia24h.com.br\/#organization"},"image":{"@type":"ImageObject","url":"https:\/\/i0.wp.com\/minutobahia24h.com.br\/wp-content\/uploads\/2025\/06\/Sem-titulo-25.jpg?fit=950%2C434&ssl=1","width":950,"height":434},"datePublished":"2025-06-02T15:31:30-03:00","dateModified":"2025-06-02T15:31:32-03:00","inLanguage":"pt-BR","mainEntityOfPage":{"@id":"https:\/\/minutobahia24h.com.br\/?p=30062#webpage"},"isPartOf":{"@id":"https:\/\/minutobahia24h.com.br\/?p=30062#webpage"},"articleSection":"Regional"},{"@type":"BreadcrumbList","@id":"https:\/\/minutobahia24h.com.br\/?p=30062#breadcrumblist","itemListElement":[{"@type":"ListItem","@id":"https:\/\/minutobahia24h.com.br#listItem","position":1,"name":"In\u00edcio","item":"https:\/\/minutobahia24h.com.br","nextItem":{"@type":"ListItem","@id":"https:\/\/minutobahia24h.com.br\/?cat=3#listItem","name":"Regional"}},{"@type":"ListItem","@id":"https:\/\/minutobahia24h.com.br\/?cat=3#listItem","position":2,"name":"Regional","item":"https:\/\/minutobahia24h.com.br\/?cat=3","nextItem":{"@type":"ListItem","@id":"https:\/\/minutobahia24h.com.br\/?p=30062#listItem","name":"Policl\u00ednica Regional de Sa\u00fade de Senhor do Bonfim abre inscri\u00e7\u00f5es para Processo Seletivo"},"previousItem":{"@type":"ListItem","@id":"https:\/\/minutobahia24h.com.br#listItem","name":"In\u00edcio"}},{"@type":"ListItem","@id":"https:\/\/minutobahia24h.com.br\/?p=30062#listItem","position":3,"name":"Policl\u00ednica Regional de Sa\u00fade de Senhor do Bonfim abre inscri\u00e7\u00f5es para Processo Seletivo","previousItem":{"@type":"ListItem","@id":"https:\/\/minutobahia24h.com.br\/?cat=3#listItem","name":"Regional"}}]},{"@type":"Organization","@id":"https:\/\/minutobahia24h.com.br\/#organization","name":"Minuto Bahia 24h","description":"O seu portal de not\u00edcias","url":"https:\/\/minutobahia24h.com.br\/","logo":{"@type":"ImageObject","url":"https:\/\/i0.wp.com\/minutobahia24h.com.br\/wp-content\/uploads\/2023\/09\/cropped-minutoba.png?fit=457%2C119&ssl=1","@id":"https:\/\/minutobahia24h.com.br\/?p=30062\/#organizationLogo","width":457,"height":119},"image":{"@id":"https:\/\/minutobahia24h.com.br\/?p=30062\/#organizationLogo"}},{"@type":"Person","@id":"https:\/\/minutobahia24h.com.br\/?author=2#author","url":"https:\/\/minutobahia24h.com.br\/?author=2","name":"andre","image":{"@type":"ImageObject","@id":"https:\/\/minutobahia24h.com.br\/?p=30062#authorImage","url":"https:\/\/secure.gravatar.com\/avatar\/0ec5eafed5f3925c321625d79a680d589901b94bca787ae396a35f6c4a960922?s=96&d=mm&r=g","width":96,"height":96,"caption":"andre"}},{"@type":"WebPage","@id":"https:\/\/minutobahia24h.com.br\/?p=30062#webpage","url":"https:\/\/minutobahia24h.com.br\/?p=30062","name":"Policl\u00ednica Regional de Sa\u00fade de Senhor do Bonfim abre inscri\u00e7\u00f5es para Processo Seletivo - Minuto Bahia 24h","description":"Est\u00e3o abertas as inscri\u00e7\u00f5es para o Processo Seletivo Simplificado n\u00ba 01\/2025 do Cons\u00f3rcio P\u00fablico Interfederativo de Sa\u00fade de Senhor do Bonfim. O referido processo visa a contrata\u00e7\u00e3o de profissionais por tempo determinado para atuarem na Policl\u00ednica Regional de Sa\u00fade em Senhor do Bonfim. De acordo com edital publicado na \u00faltima quinta-feira, 29 de maio, o","inLanguage":"pt-BR","isPartOf":{"@id":"https:\/\/minutobahia24h.com.br\/#website"},"breadcrumb":{"@id":"https:\/\/minutobahia24h.com.br\/?p=30062#breadcrumblist"},"author":{"@id":"https:\/\/minutobahia24h.com.br\/?author=2#author"},"creator":{"@id":"https:\/\/minutobahia24h.com.br\/?author=2#author"},"image":{"@type":"ImageObject","url":"https:\/\/i0.wp.com\/minutobahia24h.com.br\/wp-content\/uploads\/2025\/06\/Sem-titulo-25.jpg?fit=950%2C434&ssl=1","@id":"https:\/\/minutobahia24h.com.br\/?p=30062\/#mainImage","width":950,"height":434},"primaryImageOfPage":{"@id":"https:\/\/minutobahia24h.com.br\/?p=30062#mainImage"},"datePublished":"2025-06-02T15:31:30-03:00","dateModified":"2025-06-02T15:31:32-03:00"},{"@type":"WebSite","@id":"https:\/\/minutobahia24h.com.br\/#website","url":"https:\/\/minutobahia24h.com.br\/","name":"Minuto Bahia 24h","description":"O seu portal de not\u00edcias","inLanguage":"pt-BR","publisher":{"@id":"https:\/\/minutobahia24h.com.br\/#organization"}}]},"og:locale":"pt_BR","og:site_name":"Minuto Bahia 24h - O seu portal de not\u00edcias","og:type":"article","og:title":"Policl\u00ednica Regional de Sa\u00fade de Senhor do Bonfim abre inscri\u00e7\u00f5es para Processo Seletivo - Minuto Bahia 24h","og:description":"Est\u00e3o abertas as inscri\u00e7\u00f5es para o Processo Seletivo Simplificado n\u00ba 01\/2025 do Cons\u00f3rcio P\u00fablico Interfederativo de Sa\u00fade de Senhor do Bonfim. O referido processo visa a contrata\u00e7\u00e3o de profissionais por tempo determinado para atuarem na Policl\u00ednica Regional de Sa\u00fade em Senhor do Bonfim. De acordo com edital publicado na \u00faltima quinta-feira, 29 de maio, o","og:url":"https:\/\/minutobahia24h.com.br\/?p=30062","og:image":"https:\/\/minutobahia24h.com.br\/wp-content\/uploads\/2025\/06\/Sem-titulo-25.jpg","og:image:secure_url":"https:\/\/minutobahia24h.com.br\/wp-content\/uploads\/2025\/06\/Sem-titulo-25.jpg","og:image:width":950,"og:image:height":434,"article:published_time":"2025-06-02T18:31:30+00:00","article:modified_time":"2025-06-02T18:31:32+00:00","twitter:card":"summary_large_image","twitter:title":"Policl\u00ednica Regional de Sa\u00fade de Senhor do Bonfim abre inscri\u00e7\u00f5es para Processo Seletivo - Minuto Bahia 24h","twitter:description":"Est\u00e3o abertas as inscri\u00e7\u00f5es para o Processo Seletivo Simplificado n\u00ba 01\/2025 do Cons\u00f3rcio P\u00fablico Interfederativo de Sa\u00fade de Senhor do Bonfim. O referido processo visa a contrata\u00e7\u00e3o de profissionais por tempo determinado para atuarem na Policl\u00ednica Regional de Sa\u00fade em Senhor do Bonfim. De acordo com edital publicado na \u00faltima quinta-feira, 29 de maio, o","twitter:image":"https:\/\/minutobahia24h.com.br\/wp-content\/uploads\/2025\/06\/Sem-titulo-25.jpg"},"aioseo_meta_data":{"post_id":"30062","title":null,"description":null,"keywords":null,"keyphrases":{"focus":{"keyphrase":"","score":0,"analysis":{"keyphraseInTitle":{"score":0,"maxScore":9,"error":1}}},"additional":[]},"primary_term":null,"canonical_url":null,"og_title":null,"og_description":null,"og_object_type":"default","og_image_type":"default","og_image_url":null,"og_image_width":null,"og_image_height":null,"og_image_custom_url":null,"og_image_custom_fields":null,"og_video":"","og_custom_url":null,"og_article_section":null,"og_article_tags":null,"twitter_use_og":true,"twitter_card":"default","twitter_image_type":"default","twitter_image_url":null,"twitter_image_custom_url":null,"twitter_image_custom_fields":null,"twitter_title":null,"twitter_description":null,"schema":{"blockGraphs":[],"customGraphs":[],"default":{"data":{"Article":[],"Course":[],"Dataset":[],"FAQPage":[],"Movie":[],"Person":[],"Product":[],"ProductReview":[],"Car":[],"Recipe":[],"Service":[],"SoftwareApplication":[],"WebPage":[]},"graphName":"BlogPosting","isEnabled":true},"graphs":[]},"schema_type":"default","schema_type_options":null,"pillar_content":false,"robots_default":true,"robots_noindex":false,"robots_noarchive":false,"robots_nosnippet":false,"robots_nofollow":false,"robots_noimageindex":false,"robots_noodp":false,"robots_notranslate":false,"robots_max_snippet":"-1","robots_max_videopreview":"-1","robots_max_imagepreview":"large","priority":null,"frequency":"default","local_seo":null,"breadcrumb_settings":null,"limit_modified_date":false,"ai":null,"created":"2025-06-02 18:31:32","updated":"2025-06-05 20:36:59","seo_analyzer_scan_date":null,"focus_keyword":null,"additional_keywords":null,"truseo_locale":null},"aioseo_breadcrumb":"<div class=\"aioseo-breadcrumbs\"><span class=\"aioseo-breadcrumb\">\n\t\t\t<a href=\"https:\/\/minutobahia24h.com.br\" title=\"In\u00edcio\">In\u00edcio<\/a>\n\t\t<\/span><span class=\"aioseo-breadcrumb-separator\">&raquo;<\/span><span class=\"aioseo-breadcrumb\">\n\t\t\t<a href=\"https:\/\/minutobahia24h.com.br\/?cat=3\" title=\"Regional\">Regional<\/a>\n\t\t<\/span><span class=\"aioseo-breadcrumb-separator\">&raquo;<\/span><span class=\"aioseo-breadcrumb\">\n\t\t\tPolicl\u00ednica Regional de Sa\u00fade de Senhor do Bonfim abre inscri\u00e7\u00f5es para Processo Seletivo\n\t\t<\/span><\/div>","aioseo_breadcrumb_json":[{"label":"In\u00edcio","link":"https:\/\/minutobahia24h.com.br"},{"label":"Regional","link":"https:\/\/minutobahia24h.com.br\/?cat=3"},{"label":"Policl\u00ednica Regional de Sa\u00fade de Senhor do Bonfim abre inscri\u00e7\u00f5es para Processo Seletivo","link":"https:\/\/minutobahia24h.com.br\/?p=30062"}],"jetpack_sharing_enabled":true,"jetpack_featured_media_url":"https:\/\/i0.wp.com\/minutobahia24h.com.br\/wp-content\/uploads\/2025\/06\/Sem-titulo-25.jpg?fit=950%2C434&ssl=1","_links":{"self":[{"href":"https:\/\/minutobahia24h.com.br\/index.php?rest_route=\/wp\/v2\/posts\/30062","targetHints":{"allow":["GET"]}}],"collection":[{"href":"https:\/\/minutobahia24h.com.br\/index.php?rest_route=\/wp\/v2\/posts"}],"about":[{"href":"https:\/\/minutobahia24h.com.br\/index.php?rest_route=\/wp\/v2\/types\/post"}],"author":[{"embeddable":true,"href":"https:\/\/minutobahia24h.com.br\/index.php?rest_route=\/wp\/v2\/users\/2"}],"replies":[{"embeddable":true,"href":"https:\/\/minutobahia24h.com.br\/index.php?rest_route=%2Fwp%2Fv2%2Fcomments&post=30062"}],"version-history":[{"count":1,"href":"https:\/\/minutobahia24h.com.br\/index.php?rest_route=\/wp\/v2\/posts\/30062\/revisions"}],"predecessor-version":[{"id":30064,"href":"https:\/\/minutobahia24h.com.br\/index.php?rest_route=\/wp\/v2\/posts\/30062\/revisions\/30064"}],"wp:featuredmedia":[{"embeddable":true,"href":"https:\/\/minutobahia24h.com.br\/index.php?rest_route=\/wp\/v2\/media\/30063"}],"wp:attachment":[{"href":"https:\/\/minutobahia24h.com.br\/index.php?rest_route=%2Fwp%2Fv2%2Fmedia&parent=30062"}],"wp:term":[{"taxonomy":"category","embeddable":true,"href":"https:\/\/minutobahia24h.com.br\/index.php?rest_route=%2Fwp%2Fv2%2Fcategories&post=30062"},{"taxonomy":"post_tag","embeddable":true,"href":"https:\/\/minutobahia24h.com.br\/index.php?rest_route=%2Fwp%2Fv2%2Ftags&post=30062"}],"curies":[{"name":"wp","href":"https:\/\/api.w.org\/{rel}","templated":true}]}}