{"id":30054,"date":"2025-06-02T15:18:48","date_gmt":"2025-06-02T18:18:48","guid":{"rendered":"https:\/\/minutobahia24h.com.br\/?p=30054"},"modified":"2025-06-02T15:18:50","modified_gmt":"2025-06-02T18:18:50","slug":"nte-25-marca-presenca-em-encontro-estrategico-promovido-pela-secretaria-da-educacao-da-bahia","status":"publish","type":"post","link":"https:\/\/minutobahia24h.com.br\/?p=30054","title":{"rendered":"NTE 25 marca presen\u00e7a em encontro estrat\u00e9gico promovido pela Secretaria da Educa\u00e7\u00e3o da Bahia"},"content":{"rendered":"<div class=\"wp-block-image\">\n<figure class=\"aligncenter size-large\"><img data-recalc-dims=\"1\" fetchpriority=\"high\" decoding=\"async\" width=\"800\" height=\"593\" src=\"https:\/\/i0.wp.com\/minutobahia24h.com.br\/wp-content\/uploads\/2025\/06\/WhatsApp-Image-2025-06-02-at-14.32.19-1024x759.jpeg?resize=800%2C593&#038;ssl=1\" alt=\"\" class=\"wp-image-30055\" srcset=\"https:\/\/i0.wp.com\/minutobahia24h.com.br\/wp-content\/uploads\/2025\/06\/WhatsApp-Image-2025-06-02-at-14.32.19.jpeg?resize=1024%2C759&amp;ssl=1 1024w, https:\/\/i0.wp.com\/minutobahia24h.com.br\/wp-content\/uploads\/2025\/06\/WhatsApp-Image-2025-06-02-at-14.32.19.jpeg?resize=300%2C222&amp;ssl=1 300w, https:\/\/i0.wp.com\/minutobahia24h.com.br\/wp-content\/uploads\/2025\/06\/WhatsApp-Image-2025-06-02-at-14.32.19.jpeg?resize=768%2C569&amp;ssl=1 768w, https:\/\/i0.wp.com\/minutobahia24h.com.br\/wp-content\/uploads\/2025\/06\/WhatsApp-Image-2025-06-02-at-14.32.19.jpeg?resize=750%2C556&amp;ssl=1 750w, https:\/\/i0.wp.com\/minutobahia24h.com.br\/wp-content\/uploads\/2025\/06\/WhatsApp-Image-2025-06-02-at-14.32.19.jpeg?w=1080&amp;ssl=1 1080w\" sizes=\"(max-width: 800px) 100vw, 800px\" \/><\/figure>\n<\/div>\n\n\n<p>A Secretaria da Educa\u00e7\u00e3o do Estado da Bahia promoveu, neste final de semana, o <strong>Encontro de Integra\u00e7\u00e3o da Gest\u00e3o Descentralizada<\/strong>, reunindo os gestores dos 27 N\u00facleos Territoriais de Educa\u00e7\u00e3o (NTE), al\u00e9m de diretores e superintendentes da SEC. O evento, realizado no Instituto An\u00edsio Teixeira (IAT), teve como objetivo discutir estrat\u00e9gias pedag\u00f3gicas e fortalecer a atua\u00e7\u00e3o da rede p\u00fablica estadual.<\/p>\n\n\n\n<p>O <strong>NTE 25<\/strong>, representado por seu diretor, <strong>Helder Amorim<\/strong>, participou ativamente das discuss\u00f5es, contribuindo com reflex\u00f5es e propostas voltadas \u00e0 melhoria dos \u00edndices educacionais no territ\u00f3rio.<\/p>\n\n\n\n<p>Para Helder Amorim, o momento foi essencial para o alinhamento entre os N\u00facleos e a Secretaria, permitindo um olhar mais direcionado \u00e0s necessidades reais das unidades escolares.<\/p>\n\n\n\n<p><strong>&#8220;Estar nesse encontro refor\u00e7a o nosso compromisso com uma educa\u00e7\u00e3o p\u00fablica melhor para todos. Quando os N\u00facleos e a Secretaria conversam e trocam ideias, conseguimos melhorar nossas a\u00e7\u00f5es nas escolas. Saio daqui com mais clareza do que precisa ser feito e com mais motiva\u00e7\u00e3o para seguir trabalhando por nossos estudantes.&#8221;,<\/strong> afirmou o diretor do NTE 25.<\/p>\n\n\n<div class=\"wp-block-image\">\n<figure class=\"aligncenter size-large\"><img data-recalc-dims=\"1\" decoding=\"async\" width=\"800\" height=\"593\" src=\"https:\/\/i0.wp.com\/minutobahia24h.com.br\/wp-content\/uploads\/2025\/06\/WhatsApp-Image-2025-06-02-at-14.32.18-1024x759.jpeg?resize=800%2C593&#038;ssl=1\" alt=\"\" class=\"wp-image-30056\" srcset=\"https:\/\/i0.wp.com\/minutobahia24h.com.br\/wp-content\/uploads\/2025\/06\/WhatsApp-Image-2025-06-02-at-14.32.18.jpeg?resize=1024%2C759&amp;ssl=1 1024w, https:\/\/i0.wp.com\/minutobahia24h.com.br\/wp-content\/uploads\/2025\/06\/WhatsApp-Image-2025-06-02-at-14.32.18.jpeg?resize=300%2C222&amp;ssl=1 300w, https:\/\/i0.wp.com\/minutobahia24h.com.br\/wp-content\/uploads\/2025\/06\/WhatsApp-Image-2025-06-02-at-14.32.18.jpeg?resize=768%2C569&amp;ssl=1 768w, https:\/\/i0.wp.com\/minutobahia24h.com.br\/wp-content\/uploads\/2025\/06\/WhatsApp-Image-2025-06-02-at-14.32.18.jpeg?resize=750%2C556&amp;ssl=1 750w, https:\/\/i0.wp.com\/minutobahia24h.com.br\/wp-content\/uploads\/2025\/06\/WhatsApp-Image-2025-06-02-at-14.32.18.jpeg?w=1080&amp;ssl=1 1080w\" sizes=\"(max-width: 800px) 100vw, 800px\" \/><\/figure>\n<\/div>\n\n\n<p>A iniciativa faz parte da estrat\u00e9gia da SEC de estimular o compartilhamento de boas pr\u00e1ticas e enfrentar os desafios pedag\u00f3gicos identificados nas escolas da rede estadual. De acordo com Manoel Calazans, assessor especial da Secretaria, a constru\u00e7\u00e3o coletiva de solu\u00e7\u00f5es \u00e9 fundamental para impulsionar a aprendizagem dos estudantes.<\/p>\n\n\n\n<p>\u201cO papel da SEC vai al\u00e9m dos investimentos em estrutura f\u00edsica. \u00c9 tamb\u00e9m trabalhar com a escuta e o apoio direto aos NTEs, que est\u00e3o em contato cotidiano com as escolas e os estudantes. Esse encontro nos permite identificar gargalos e pensar a\u00e7\u00f5es pr\u00e1ticas, com base em evid\u00eancias\u201d, destacou Calazans.<\/p>\n\n\n\n<p>Al\u00e9m de promover a integra\u00e7\u00e3o entre os gestores, o evento tamb\u00e9m funcionou como espa\u00e7o de forma\u00e7\u00e3o e planejamento, com foco no fortalecimento da gest\u00e3o pedag\u00f3gica e na melhoria dos resultados em avalia\u00e7\u00f5es externas.<\/p>\n\n\n\n<p>ASCOM \u2013 NTE 25<\/p>\n","protected":false},"excerpt":{"rendered":"<p>A Secretaria da Educa\u00e7\u00e3o do Estado da Bahia promoveu, neste final de semana, o Encontro de Integra\u00e7\u00e3o da Gest\u00e3o Descentralizada, reunindo os gestores dos 27 N\u00facleos Territoriais de Educa\u00e7\u00e3o (NTE), al\u00e9m de diretores e superintendentes da SEC. O evento, realizado no Instituto An\u00edsio Teixeira (IAT), teve como objetivo discutir estrat\u00e9gias pedag\u00f3gicas e fortalecer a atua\u00e7\u00e3o [&hellip;]<\/p>\n","protected":false},"author":2,"featured_media":30055,"comment_status":"open","ping_status":"open","sticky":false,"template":"","format":"standard","meta":{"_jetpack_memberships_contains_paid_content":false,"footnotes":""},"categories":[34],"tags":[],"class_list":["post-30054","post","type-post","status-publish","format-standard","has-post-thumbnail","hentry","category-educacao"],"aioseo_notices":[],"jetpack_featured_media_url":"https:\/\/i0.wp.com\/minutobahia24h.com.br\/wp-content\/uploads\/2025\/06\/WhatsApp-Image-2025-06-02-at-14.32.19.jpeg?fit=1080%2C800&ssl=1","jetpack_sharing_enabled":true,"_links":{"self":[{"href":"https:\/\/minutobahia24h.com.br\/index.php?rest_route=\/wp\/v2\/posts\/30054","targetHints":{"allow":["GET"]}}],"collection":[{"href":"https:\/\/minutobahia24h.com.br\/index.php?rest_route=\/wp\/v2\/posts"}],"about":[{"href":"https:\/\/minutobahia24h.com.br\/index.php?rest_route=\/wp\/v2\/types\/post"}],"author":[{"embeddable":true,"href":"https:\/\/minutobahia24h.com.br\/index.php?rest_route=\/wp\/v2\/users\/2"}],"replies":[{"embeddable":true,"href":"https:\/\/minutobahia24h.com.br\/index.php?rest_route=%2Fwp%2Fv2%2Fcomments&post=30054"}],"version-history":[{"count":1,"href":"https:\/\/minutobahia24h.com.br\/index.php?rest_route=\/wp\/v2\/posts\/30054\/revisions"}],"predecessor-version":[{"id":30057,"href":"https:\/\/minutobahia24h.com.br\/index.php?rest_route=\/wp\/v2\/posts\/30054\/revisions\/30057"}],"wp:featuredmedia":[{"embeddable":true,"href":"https:\/\/minutobahia24h.com.br\/index.php?rest_route=\/wp\/v2\/media\/30055"}],"wp:attachment":[{"href":"https:\/\/minutobahia24h.com.br\/index.php?rest_route=%2Fwp%2Fv2%2Fmedia&parent=30054"}],"wp:term":[{"taxonomy":"category","embeddable":true,"href":"https:\/\/minutobahia24h.com.br\/index.php?rest_route=%2Fwp%2Fv2%2Fcategories&post=30054"},{"taxonomy":"post_tag","embeddable":true,"href":"https:\/\/minutobahia24h.com.br\/index.php?rest_route=%2Fwp%2Fv2%2Ftags&post=30054"}],"curies":[{"name":"wp","href":"https:\/\/api.w.org\/{rel}","templated":true}]}}