{"id":30048,"date":"2025-06-02T15:14:14","date_gmt":"2025-06-02T18:14:14","guid":{"rendered":"https:\/\/minutobahia24h.com.br\/?p=30048"},"modified":"2025-06-02T15:14:15","modified_gmt":"2025-06-02T18:14:15","slug":"sem-merenda-escolar-jequie-gasta-mais-de-r-6-milhoes-com-sao-joao","status":"publish","type":"post","link":"https:\/\/minutobahia24h.com.br\/?p=30048","title":{"rendered":"Sem merenda escolar, Jequi\u00e9 gasta mais de R$ 6 milh\u00f5es com S\u00e3o Jo\u00e3o"},"content":{"rendered":"<div class=\"wp-block-image\">\n<figure class=\"aligncenter size-large\"><img data-recalc-dims=\"1\" fetchpriority=\"high\" decoding=\"async\" width=\"800\" height=\"534\" src=\"https:\/\/i0.wp.com\/minutobahia24h.com.br\/wp-content\/uploads\/2025\/06\/Sem-titulo-23-1024x683.jpg?resize=800%2C534&#038;ssl=1\" alt=\"\" class=\"wp-image-30049\" srcset=\"https:\/\/i0.wp.com\/minutobahia24h.com.br\/wp-content\/uploads\/2025\/06\/Sem-titulo-23.jpg?resize=1024%2C683&amp;ssl=1 1024w, https:\/\/i0.wp.com\/minutobahia24h.com.br\/wp-content\/uploads\/2025\/06\/Sem-titulo-23.jpg?resize=300%2C200&amp;ssl=1 300w, https:\/\/i0.wp.com\/minutobahia24h.com.br\/wp-content\/uploads\/2025\/06\/Sem-titulo-23.jpg?resize=768%2C512&amp;ssl=1 768w, https:\/\/i0.wp.com\/minutobahia24h.com.br\/wp-content\/uploads\/2025\/06\/Sem-titulo-23.jpg?resize=750%2C500&amp;ssl=1 750w, https:\/\/i0.wp.com\/minutobahia24h.com.br\/wp-content\/uploads\/2025\/06\/Sem-titulo-23.jpg?w=1080&amp;ssl=1 1080w\" sizes=\"(max-width: 800px) 100vw, 800px\" \/><figcaption class=\"wp-element-caption\">S\u00e3o Jo\u00e3o de Jequi\u00e9 2024 &#8211;\u00a0Foto: Divulga\u00e7\u00e3o\/Prefeitura de Jequi\u00e9<br><\/figcaption><\/figure>\n<\/div>\n\n\n<p>Em meio \u00e0 falta de merenda escolar na zona rural de<a href=\"https:\/\/atarde.com.br\/?q=+Jequi%C3%A9&amp;d=1\" target=\"_blank\" rel=\"noreferrer noopener\">&nbsp;Jequi\u00e9<\/a>, como<a href=\"https:\/\/atarde.com.br\/ocarrasco\" target=\"_blank\" rel=\"noreferrer noopener\">&nbsp;mostrou a coluna&nbsp;<\/a><strong><a href=\"https:\/\/atarde.com.br\/ocarrasco\" target=\"_blank\" rel=\"noreferrer noopener\">O Carrasco&nbsp;<\/a><\/strong>desta segunda, o prefeito Z\u00e9 Coc\u00e1 (PP) decidiu gastar mais de R$ 6 milh\u00f5es para realizar o S\u00e3o Jo\u00e3o 2025, segundo mostra o levantamento realizado pelo Painel de Transpar\u00eancia do Minist\u00e9rio P\u00fablico do Estado (MP-BA).<\/p>\n\n\n\n<p>Conforme dados do &#8220;<a href=\"https:\/\/paineljunino.mpba.mp.br\/\" target=\"_blank\" rel=\"noreferrer noopener\">Transparent\u00f4metro<\/a>&#8220;, o munic\u00edpio a cerca de 366,9 km de Salvador, usar\u00e1 R$ 6, 305 milh\u00f5es da renda do munic\u00edpio na contrata\u00e7\u00e3o das atra\u00e7\u00f5es que se apresentar\u00e3o na festividade este ano \u2014 um acr\u00e9scimo de mais de R$ 800 mil em rela\u00e7\u00e3o a 2024, quando o gasto foi pouco mais de R$ 5,4 milh\u00f5es.<\/p>\n\n\n\n<p>Ao todo, ser\u00e3o 14 dias de festa, com 25 atra\u00e7\u00f5es confirmadas, entre elas Wesley Safad\u00e3o, Ana Castela, Alok, Murilo Hulf, Dorgival Dantas, entre outros artistas. O cantor Gusttavo Lima tamb\u00e9m foi anunciado,<strong>&nbsp;mas seu nome n\u00e3o aparece no Portal da Transpar\u00eancia.<\/strong><\/p>\n\n\n\n<p>No ranking das cidades baianas, Jequi\u00e9 ocupa a quarta posi\u00e7\u00e3o entre os 10 munic\u00edpios que mais gastaram com a festa.<\/p>\n\n\n\n<h2 class=\"wp-block-heading\">Confira a lista completa:<\/h2>\n\n\n\n<p>Cruz das Almas &#8211; R$ 9,29 milh\u00f5es<\/p>\n\n\n\n<p>Irec\u00ea &#8211; R$ 6,96 milh\u00f5es<\/p>\n\n\n\n<p>Santo Ant\u00f4nio de Jesus &#8211; R$ 6,35 milh\u00f5es<\/p>\n\n\n\n<p><strong>Jequi\u00e9<\/strong>&nbsp;&#8211; R$ 6,31 milh\u00f5es<\/p>\n\n\n\n<p>Quijingue &#8211; R$ 5,25 milh\u00f5es<\/p>\n\n\n\n<p>Concei\u00e7\u00e3o do Jacu\u00edpe &#8211; R$ 5,13 milh\u00f5es<\/p>\n\n\n\n<p>Lu\u00eds Eduardo Magalh\u00e3es &#8211; R$ 4,97 milh\u00f5es<\/p>\n\n\n\n<p>Euclides da Cunha &#8211; R$ 4,67 milh\u00f5es<\/p>\n\n\n\n<p>Amargosa &#8211; R$ 4,3 milh\u00f5es<\/p>\n\n\n\n<p>Tucano &#8211; R$ 4,29 milh\u00f5es<\/p>\n\n\n\n<h2 class=\"wp-block-heading\">Sem merenda<\/h2>\n\n\n\n<p>Apesar do alto or\u00e7amento no S\u00e3o Jo\u00e3o, as escolas da zona rural de Jequi\u00e9 enfrentam momentos dif\u00edceis. Segundo relatos ao&nbsp;<a href=\"https:\/\/atarde.com.br\/ocarrasco\" target=\"_blank\" rel=\"noreferrer noopener\">Carrasco<\/a>, do&nbsp;<strong>A TARDE<\/strong>, estudantes sofrem com a falta de merenda escolar, e pais denunciam que, por falta de alimenta\u00e7\u00e3o, uma unidade chegou a ser fechada.<\/p>\n\n\n\n<p>Atarde<\/p>\n","protected":false},"excerpt":{"rendered":"<p>Em meio \u00e0 falta de merenda escolar na zona rural de&nbsp;Jequi\u00e9, como&nbsp;mostrou a coluna&nbsp;O Carrasco&nbsp;desta segunda, o prefeito Z\u00e9 Coc\u00e1 (PP) decidiu gastar mais de R$ 6 milh\u00f5es para realizar o S\u00e3o Jo\u00e3o 2025, segundo mostra o levantamento realizado pelo Painel de Transpar\u00eancia do Minist\u00e9rio P\u00fablico do Estado (MP-BA). Conforme dados do &#8220;Transparent\u00f4metro&#8220;, o munic\u00edpio [&hellip;]<\/p>\n","protected":false},"author":2,"featured_media":30049,"comment_status":"open","ping_status":"open","sticky":false,"template":"","format":"standard","meta":{"_jetpack_memberships_contains_paid_content":false,"footnotes":""},"categories":[3],"tags":[],"class_list":["post-30048","post","type-post","status-publish","format-standard","has-post-thumbnail","hentry","category-regional"],"aioseo_notices":[],"jetpack_featured_media_url":"https:\/\/i0.wp.com\/minutobahia24h.com.br\/wp-content\/uploads\/2025\/06\/Sem-titulo-23.jpg?fit=1080%2C720&ssl=1","jetpack_sharing_enabled":true,"_links":{"self":[{"href":"https:\/\/minutobahia24h.com.br\/index.php?rest_route=\/wp\/v2\/posts\/30048","targetHints":{"allow":["GET"]}}],"collection":[{"href":"https:\/\/minutobahia24h.com.br\/index.php?rest_route=\/wp\/v2\/posts"}],"about":[{"href":"https:\/\/minutobahia24h.com.br\/index.php?rest_route=\/wp\/v2\/types\/post"}],"author":[{"embeddable":true,"href":"https:\/\/minutobahia24h.com.br\/index.php?rest_route=\/wp\/v2\/users\/2"}],"replies":[{"embeddable":true,"href":"https:\/\/minutobahia24h.com.br\/index.php?rest_route=%2Fwp%2Fv2%2Fcomments&post=30048"}],"version-history":[{"count":1,"href":"https:\/\/minutobahia24h.com.br\/index.php?rest_route=\/wp\/v2\/posts\/30048\/revisions"}],"predecessor-version":[{"id":30050,"href":"https:\/\/minutobahia24h.com.br\/index.php?rest_route=\/wp\/v2\/posts\/30048\/revisions\/30050"}],"wp:featuredmedia":[{"embeddable":true,"href":"https:\/\/minutobahia24h.com.br\/index.php?rest_route=\/wp\/v2\/media\/30049"}],"wp:attachment":[{"href":"https:\/\/minutobahia24h.com.br\/index.php?rest_route=%2Fwp%2Fv2%2Fmedia&parent=30048"}],"wp:term":[{"taxonomy":"category","embeddable":true,"href":"https:\/\/minutobahia24h.com.br\/index.php?rest_route=%2Fwp%2Fv2%2Fcategories&post=30048"},{"taxonomy":"post_tag","embeddable":true,"href":"https:\/\/minutobahia24h.com.br\/index.php?rest_route=%2Fwp%2Fv2%2Ftags&post=30048"}],"curies":[{"name":"wp","href":"https:\/\/api.w.org\/{rel}","templated":true}]}}