{"id":30045,"date":"2025-06-02T15:12:44","date_gmt":"2025-06-02T18:12:44","guid":{"rendered":"https:\/\/minutobahia24h.com.br\/?p=30045"},"modified":"2025-06-02T15:12:46","modified_gmt":"2025-06-02T18:12:46","slug":"populacao-de-paulo-afonso-questiona-gastos-milionarios-com-sao-joao","status":"publish","type":"post","link":"https:\/\/minutobahia24h.com.br\/?p=30045","title":{"rendered":"Popula\u00e7\u00e3o de Paulo Afonso questiona gastos milion\u00e1rios com S\u00e3o Jo\u00e3o"},"content":{"rendered":"<div class=\"wp-block-image\">\n<figure class=\"aligncenter size-full\"><img data-recalc-dims=\"1\" fetchpriority=\"high\" decoding=\"async\" width=\"750\" height=\"531\" src=\"https:\/\/i0.wp.com\/minutobahia24h.com.br\/wp-content\/uploads\/2025\/06\/Sem-titulo-22.jpg?resize=750%2C531&#038;ssl=1\" alt=\"\" class=\"wp-image-30046\" srcset=\"https:\/\/i0.wp.com\/minutobahia24h.com.br\/wp-content\/uploads\/2025\/06\/Sem-titulo-22.jpg?w=750&amp;ssl=1 750w, https:\/\/i0.wp.com\/minutobahia24h.com.br\/wp-content\/uploads\/2025\/06\/Sem-titulo-22.jpg?resize=300%2C212&amp;ssl=1 300w, https:\/\/i0.wp.com\/minutobahia24h.com.br\/wp-content\/uploads\/2025\/06\/Sem-titulo-22.jpg?resize=120%2C86&amp;ssl=1 120w\" sizes=\"(max-width: 750px) 100vw, 750px\" \/><figcaption class=\"wp-element-caption\">Prefeito de Paulo Afonso, M\u00e1rio Galinho (PSD) &#8211;\u00a0Foto: Divulga\u00e7\u00e3o<br><\/figcaption><\/figure>\n<\/div>\n\n\n<p class=\"wp-block-paragraph\">Pacientes \u00e0 espera de consultas e exames. Essa \u00e9 a situa\u00e7\u00e3o de quem depende de alguns servi\u00e7os do Hospital Municipal Nair Alves de Souza, em&nbsp;<a href=\"https:\/\/atarde.com.br\/tags\/paulo-afonso?d=1\" target=\"_blank\" rel=\"noreferrer noopener\">Paulo Afonso<\/a>, Vale do S\u00e3o Francisco. O munic\u00edpio de 120 mil habitantes, conta atualmente, com o Hospital Regional, para servi\u00e7os de maior alta complexidade.<\/p>\n\n\n\n<p class=\"wp-block-paragraph\">Em meio \u00e0s reclama\u00e7\u00f5es, a popula\u00e7\u00e3o contesta os gastos do prefeito M\u00e1rio Galinho (PSD) com as atra\u00e7\u00f5es musicais para as festas juninas, em detrimento \u00e0 Sa\u00fade.<\/p>\n\n\n\n<p class=\"wp-block-paragraph\">De acordo com den\u00fancias de moradores, a situa\u00e7\u00e3o da falta de medicamentos, exames suspensos e paralisa\u00e7\u00e3o de servi\u00e7os, s\u00e3o algumas das mazelas na Sa\u00fade do munic\u00edpio.<\/p>\n\n\n\n<p class=\"wp-block-paragraph\">&#8220;Estou no 5\u00ba m\u00eas de gesta\u00e7\u00e3o e ainda n\u00e3o consegui um ultrassom. Conhe\u00e7o gestante de quase 9 meses, que n\u00e3o consegui tamb\u00e9m aqui no munic\u00edpio&#8221;, disse uma moradora que n\u00e3o quis se identificar.<\/p>\n\n\n\n<p class=\"wp-block-paragraph\">&#8220;Precisei ir para Arco Verde, em Pernambuco, para conseguir uma consulta, pois se esperasse por Paulo Afonso, poderia ter acontecido algo pior&#8221;, disse outra moradora.<\/p>\n\n\n\n<p class=\"wp-block-paragraph\">De acordo com o Transparet\u00f4metro, ferramenta do Minist\u00e9rio P\u00fablico do Estado da Bahia (MP-BA), o munic\u00edpio vai gastar R$ 3.930.000,00 (tr\u00eas milh\u00f5es, novecentos e trinta mil reais) com artistas.<\/p>\n\n\n\n<p class=\"wp-block-paragraph\">Entre os cach\u00eas mais caros est\u00e1 o do cantor Z\u00e9 Ramalho, o qual vai receber R$ 500.000,00 (quinhentos mil reais pela apresenta\u00e7\u00e3o de x hora).<\/p>\n\n\n\n<h2 class=\"wp-block-heading\">Veja outras atra\u00e7\u00f5es:<\/h2>\n\n\n\n<p class=\"wp-block-paragraph\">L\u00e9o Magalh\u00e3es \u2013 R$ 450.000,00<\/p>\n\n\n\n<p class=\"wp-block-paragraph\">Chambinho do Acordeon \u2013 R$ 180.000,00<\/p>\n\n\n\n<p class=\"wp-block-paragraph\">Unha Pintada \u2013 R$ 350.000,00<\/p>\n\n\n\n<p class=\"wp-block-paragraph\">Thiago Aquino \u2013 R$ 350.000,00<\/p>\n\n\n\n<p class=\"wp-block-paragraph\">No in\u00edcio do m\u00eas, o gestor municipal gastou R$ 500 mil reais com atra\u00e7\u00f5es que se apresentaram no&nbsp;<a href=\"https:\/\/atarde.com.br\/municipios\/com-caos-na-saude-paulo-afonso-gasta-r-500-mil-em-evento-de-motocicleta-1316710\" target=\"_blank\" rel=\"noreferrer noopener\">Moto Paulo Afonso 2025<\/a>, evento realizado entre os dias 1 e 3 de maio, de acordo como foram divulgados no Di\u00e1rio Oficial do Munic\u00edpio. Entre as bandas contratadas estiveram Biquini Cavad\u00e3o, Detonautas e Rock Beats, com pagamentos que variaram entre R$ 22 mil e R$ 250 mil.<\/p>\n\n\n\n<p class=\"wp-block-paragraph\">Em nota, a Prefeitura de Paulo Afonso, disse que os investimentos realizados nos festejos juninos, seguem um planejamento estrat\u00e9gico que visa impulsionar a economia, gerar renda e emprego, al\u00e9m de fomentar o turismo e valorizar a cultura nordestina.<\/p>\n\n\n\n<p class=\"wp-block-paragraph\">Diz ainda que, nenhum valor que est\u00e1 sendo investido no S\u00e3o Jo\u00e3o, compromete os recursos da Sa\u00fade ou de outras \u00e1reas essenciais.<\/p>\n\n\n\n<p class=\"wp-block-paragraph\">Em rela\u00e7\u00e3o \u00e0 sa\u00fade a prefeitura refor\u00e7a o que investimentos est\u00e3o ocorrendo somente no hospital Nair Alves de Souza que tem recebido melhoria significativa na estrutura.<\/p>\n\n\n\n<p class=\"wp-block-paragraph\">atarde<\/p>\n","protected":false},"excerpt":{"rendered":"<p>Pacientes \u00e0 espera de consultas e exames. Essa \u00e9 a situa\u00e7\u00e3o de quem depende de alguns servi\u00e7os do Hospital Municipal Nair Alves de Souza, em&nbsp;Paulo Afonso, Vale do S\u00e3o Francisco. O munic\u00edpio de 120 mil habitantes, conta atualmente, com o Hospital Regional, para servi\u00e7os de maior alta complexidade. Em meio \u00e0s reclama\u00e7\u00f5es, a popula\u00e7\u00e3o contesta [&hellip;]<\/p>\n","protected":false},"author":2,"featured_media":30046,"comment_status":"open","ping_status":"open","sticky":false,"template":"","format":"standard","meta":{"_jetpack_newsletter_access":"","_jetpack_dont_email_post_to_subs":false,"_jetpack_newsletter_tier_id":0,"_jetpack_memberships_contains_paywalled_content":false,"_jetpack_feature_clip_id":0,"_jetpack_memberships_contains_paid_content":false,"footnotes":"","jetpack_post_was_ever_published":false},"categories":[3],"tags":[],"class_list":["post-30045","post","type-post","status-publish","format-standard","has-post-thumbnail","hentry","category-regional"],"aioseo_notices":[],"aioseo_head":"\n\t\t<!-- All in One SEO 5.0.1.1 - aioseo.com -->\n\t<meta name=\"description\" content=\"Pacientes \u00e0 espera de consultas e exames. Essa \u00e9 a situa\u00e7\u00e3o de quem depende de alguns servi\u00e7os do Hospital Municipal Nair Alves de Souza, em Paulo Afonso, Vale do S\u00e3o Francisco. O munic\u00edpio de 120 mil habitantes, conta atualmente, com o Hospital Regional, para servi\u00e7os de maior alta complexidade. Em meio \u00e0s reclama\u00e7\u00f5es, a popula\u00e7\u00e3o contesta\" \/>\n\t<meta name=\"robots\" content=\"max-image-preview:large\" \/>\n\t<meta name=\"author\" content=\"andre\"\/>\n\t<link rel=\"canonical\" href=\"https:\/\/minutobahia24h.com.br\/?p=30045\" \/>\n\t<meta name=\"generator\" content=\"All in One SEO (AIOSEO) 5.0.1.1\" \/>\n\t\t<meta property=\"og:locale\" content=\"pt_BR\" \/>\n\t\t<meta property=\"og:site_name\" content=\"Minuto Bahia 24h - O seu portal de not\u00edcias\" \/>\n\t\t<meta property=\"og:type\" content=\"article\" \/>\n\t\t<meta property=\"og:title\" content=\"Popula\u00e7\u00e3o de Paulo Afonso questiona gastos milion\u00e1rios com S\u00e3o Jo\u00e3o - Minuto Bahia 24h\" \/>\n\t\t<meta property=\"og:description\" content=\"Pacientes \u00e0 espera de consultas e exames. Essa \u00e9 a situa\u00e7\u00e3o de quem depende de alguns servi\u00e7os do Hospital Municipal Nair Alves de Souza, em Paulo Afonso, Vale do S\u00e3o Francisco. O munic\u00edpio de 120 mil habitantes, conta atualmente, com o Hospital Regional, para servi\u00e7os de maior alta complexidade. Em meio \u00e0s reclama\u00e7\u00f5es, a popula\u00e7\u00e3o contesta\" \/>\n\t\t<meta property=\"og:url\" content=\"https:\/\/minutobahia24h.com.br\/?p=30045\" \/>\n\t\t<meta property=\"og:image\" content=\"https:\/\/minutobahia24h.com.br\/wp-content\/uploads\/2025\/06\/Sem-titulo-22.jpg\" \/>\n\t\t<meta property=\"og:image:secure_url\" content=\"https:\/\/minutobahia24h.com.br\/wp-content\/uploads\/2025\/06\/Sem-titulo-22.jpg\" \/>\n\t\t<meta property=\"og:image:width\" content=\"750\" \/>\n\t\t<meta property=\"og:image:height\" content=\"531\" \/>\n\t\t<meta property=\"article:published_time\" content=\"2025-06-02T18:12:44+00:00\" \/>\n\t\t<meta property=\"article:modified_time\" content=\"2025-06-02T18:12:46+00:00\" \/>\n\t\t<meta name=\"twitter:card\" content=\"summary_large_image\" \/>\n\t\t<meta name=\"twitter:title\" content=\"Popula\u00e7\u00e3o de Paulo Afonso questiona gastos milion\u00e1rios com S\u00e3o Jo\u00e3o - Minuto Bahia 24h\" \/>\n\t\t<meta name=\"twitter:description\" content=\"Pacientes \u00e0 espera de consultas e exames. Essa \u00e9 a situa\u00e7\u00e3o de quem depende de alguns servi\u00e7os do Hospital Municipal Nair Alves de Souza, em Paulo Afonso, Vale do S\u00e3o Francisco. O munic\u00edpio de 120 mil habitantes, conta atualmente, com o Hospital Regional, para servi\u00e7os de maior alta complexidade. Em meio \u00e0s reclama\u00e7\u00f5es, a popula\u00e7\u00e3o contesta\" \/>\n\t\t<meta name=\"twitter:image\" content=\"https:\/\/minutobahia24h.com.br\/wp-content\/uploads\/2025\/06\/Sem-titulo-22.jpg\" \/>\n\t\t<script type=\"application\/ld+json\" class=\"aioseo-schema\">\n\t\t\t{\"@context\":\"https:\\\/\\\/schema.org\",\"@graph\":[{\"@type\":\"BlogPosting\",\"@id\":\"https:\\\/\\\/minutobahia24h.com.br\\\/?p=30045#blogposting\",\"name\":\"Popula\\u00e7\\u00e3o de Paulo Afonso questiona gastos milion\\u00e1rios com S\\u00e3o Jo\\u00e3o - Minuto Bahia 24h\",\"headline\":\"Popula\\u00e7\\u00e3o de Paulo Afonso questiona gastos milion\\u00e1rios com S\\u00e3o Jo\\u00e3o\",\"author\":{\"@id\":\"https:\\\/\\\/minutobahia24h.com.br\\\/?author=2#author\"},\"publisher\":{\"@id\":\"https:\\\/\\\/minutobahia24h.com.br\\\/#organization\"},\"image\":{\"@type\":\"ImageObject\",\"url\":\"https:\\\/\\\/i0.wp.com\\\/minutobahia24h.com.br\\\/wp-content\\\/uploads\\\/2025\\\/06\\\/Sem-titulo-22.jpg?fit=750%2C531&ssl=1\",\"width\":750,\"height\":531},\"datePublished\":\"2025-06-02T15:12:44-03:00\",\"dateModified\":\"2025-06-02T15:12:46-03:00\",\"inLanguage\":\"pt-BR\",\"mainEntityOfPage\":{\"@id\":\"https:\\\/\\\/minutobahia24h.com.br\\\/?p=30045#webpage\"},\"isPartOf\":{\"@id\":\"https:\\\/\\\/minutobahia24h.com.br\\\/?p=30045#webpage\"},\"articleSection\":\"Regional\"},{\"@type\":\"BreadcrumbList\",\"@id\":\"https:\\\/\\\/minutobahia24h.com.br\\\/?p=30045#breadcrumblist\",\"itemListElement\":[{\"@type\":\"ListItem\",\"@id\":\"https:\\\/\\\/minutobahia24h.com.br#listItem\",\"position\":1,\"name\":\"In\\u00edcio\",\"item\":\"https:\\\/\\\/minutobahia24h.com.br\",\"nextItem\":{\"@type\":\"ListItem\",\"@id\":\"https:\\\/\\\/minutobahia24h.com.br\\\/?cat=3#listItem\",\"name\":\"Regional\"}},{\"@type\":\"ListItem\",\"@id\":\"https:\\\/\\\/minutobahia24h.com.br\\\/?cat=3#listItem\",\"position\":2,\"name\":\"Regional\",\"item\":\"https:\\\/\\\/minutobahia24h.com.br\\\/?cat=3\",\"nextItem\":{\"@type\":\"ListItem\",\"@id\":\"https:\\\/\\\/minutobahia24h.com.br\\\/?p=30045#listItem\",\"name\":\"Popula\\u00e7\\u00e3o de Paulo Afonso questiona gastos milion\\u00e1rios com S\\u00e3o Jo\\u00e3o\"},\"previousItem\":{\"@type\":\"ListItem\",\"@id\":\"https:\\\/\\\/minutobahia24h.com.br#listItem\",\"name\":\"In\\u00edcio\"}},{\"@type\":\"ListItem\",\"@id\":\"https:\\\/\\\/minutobahia24h.com.br\\\/?p=30045#listItem\",\"position\":3,\"name\":\"Popula\\u00e7\\u00e3o de Paulo Afonso questiona gastos milion\\u00e1rios com S\\u00e3o Jo\\u00e3o\",\"previousItem\":{\"@type\":\"ListItem\",\"@id\":\"https:\\\/\\\/minutobahia24h.com.br\\\/?cat=3#listItem\",\"name\":\"Regional\"}}]},{\"@type\":\"Organization\",\"@id\":\"https:\\\/\\\/minutobahia24h.com.br\\\/#organization\",\"name\":\"Minuto Bahia 24h\",\"description\":\"O seu portal de not\\u00edcias\",\"url\":\"https:\\\/\\\/minutobahia24h.com.br\\\/\",\"logo\":{\"@type\":\"ImageObject\",\"url\":\"https:\\\/\\\/i0.wp.com\\\/minutobahia24h.com.br\\\/wp-content\\\/uploads\\\/2023\\\/09\\\/cropped-minutoba.png?fit=457%2C119&ssl=1\",\"@id\":\"https:\\\/\\\/minutobahia24h.com.br\\\/?p=30045\\\/#organizationLogo\",\"width\":457,\"height\":119},\"image\":{\"@id\":\"https:\\\/\\\/minutobahia24h.com.br\\\/?p=30045\\\/#organizationLogo\"}},{\"@type\":\"Person\",\"@id\":\"https:\\\/\\\/minutobahia24h.com.br\\\/?author=2#author\",\"url\":\"https:\\\/\\\/minutobahia24h.com.br\\\/?author=2\",\"name\":\"andre\",\"image\":{\"@type\":\"ImageObject\",\"@id\":\"https:\\\/\\\/minutobahia24h.com.br\\\/?p=30045#authorImage\",\"url\":\"https:\\\/\\\/secure.gravatar.com\\\/avatar\\\/0ec5eafed5f3925c321625d79a680d589901b94bca787ae396a35f6c4a960922?s=96&d=mm&r=g\",\"width\":96,\"height\":96,\"caption\":\"andre\"}},{\"@type\":\"WebPage\",\"@id\":\"https:\\\/\\\/minutobahia24h.com.br\\\/?p=30045#webpage\",\"url\":\"https:\\\/\\\/minutobahia24h.com.br\\\/?p=30045\",\"name\":\"Popula\\u00e7\\u00e3o de Paulo Afonso questiona gastos milion\\u00e1rios com S\\u00e3o Jo\\u00e3o - Minuto Bahia 24h\",\"description\":\"Pacientes \\u00e0 espera de consultas e exames. Essa \\u00e9 a situa\\u00e7\\u00e3o de quem depende de alguns servi\\u00e7os do Hospital Municipal Nair Alves de Souza, em Paulo Afonso, Vale do S\\u00e3o Francisco. O munic\\u00edpio de 120 mil habitantes, conta atualmente, com o Hospital Regional, para servi\\u00e7os de maior alta complexidade. Em meio \\u00e0s reclama\\u00e7\\u00f5es, a popula\\u00e7\\u00e3o contesta\",\"inLanguage\":\"pt-BR\",\"isPartOf\":{\"@id\":\"https:\\\/\\\/minutobahia24h.com.br\\\/#website\"},\"breadcrumb\":{\"@id\":\"https:\\\/\\\/minutobahia24h.com.br\\\/?p=30045#breadcrumblist\"},\"author\":{\"@id\":\"https:\\\/\\\/minutobahia24h.com.br\\\/?author=2#author\"},\"creator\":{\"@id\":\"https:\\\/\\\/minutobahia24h.com.br\\\/?author=2#author\"},\"image\":{\"@type\":\"ImageObject\",\"url\":\"https:\\\/\\\/i0.wp.com\\\/minutobahia24h.com.br\\\/wp-content\\\/uploads\\\/2025\\\/06\\\/Sem-titulo-22.jpg?fit=750%2C531&ssl=1\",\"@id\":\"https:\\\/\\\/minutobahia24h.com.br\\\/?p=30045\\\/#mainImage\",\"width\":750,\"height\":531},\"primaryImageOfPage\":{\"@id\":\"https:\\\/\\\/minutobahia24h.com.br\\\/?p=30045#mainImage\"},\"datePublished\":\"2025-06-02T15:12:44-03:00\",\"dateModified\":\"2025-06-02T15:12:46-03:00\"},{\"@type\":\"WebSite\",\"@id\":\"https:\\\/\\\/minutobahia24h.com.br\\\/#website\",\"url\":\"https:\\\/\\\/minutobahia24h.com.br\\\/\",\"name\":\"Minuto Bahia 24h\",\"description\":\"O seu portal de not\\u00edcias\",\"inLanguage\":\"pt-BR\",\"publisher\":{\"@id\":\"https:\\\/\\\/minutobahia24h.com.br\\\/#organization\"}}]}\n\t\t<\/script>\n\t\t<!-- All in One SEO -->\n\n","aioseo_head_json":{"title":"Popula\u00e7\u00e3o de Paulo Afonso questiona gastos milion\u00e1rios com S\u00e3o Jo\u00e3o - Minuto Bahia 24h","description":"Pacientes \u00e0 espera de consultas e exames. Essa \u00e9 a situa\u00e7\u00e3o de quem depende de alguns servi\u00e7os do Hospital Municipal Nair Alves de Souza, em Paulo Afonso, Vale do S\u00e3o Francisco. O munic\u00edpio de 120 mil habitantes, conta atualmente, com o Hospital Regional, para servi\u00e7os de maior alta complexidade. Em meio \u00e0s reclama\u00e7\u00f5es, a popula\u00e7\u00e3o contesta","canonical_url":"https:\/\/minutobahia24h.com.br\/?p=30045","robots":"max-image-preview:large","keywords":"","webmasterTools":{"miscellaneous":""},"schema":{"@context":"https:\/\/schema.org","@graph":[{"@type":"BlogPosting","@id":"https:\/\/minutobahia24h.com.br\/?p=30045#blogposting","name":"Popula\u00e7\u00e3o de Paulo Afonso questiona gastos milion\u00e1rios com S\u00e3o Jo\u00e3o - Minuto Bahia 24h","headline":"Popula\u00e7\u00e3o de Paulo Afonso questiona gastos milion\u00e1rios com S\u00e3o Jo\u00e3o","author":{"@id":"https:\/\/minutobahia24h.com.br\/?author=2#author"},"publisher":{"@id":"https:\/\/minutobahia24h.com.br\/#organization"},"image":{"@type":"ImageObject","url":"https:\/\/i0.wp.com\/minutobahia24h.com.br\/wp-content\/uploads\/2025\/06\/Sem-titulo-22.jpg?fit=750%2C531&ssl=1","width":750,"height":531},"datePublished":"2025-06-02T15:12:44-03:00","dateModified":"2025-06-02T15:12:46-03:00","inLanguage":"pt-BR","mainEntityOfPage":{"@id":"https:\/\/minutobahia24h.com.br\/?p=30045#webpage"},"isPartOf":{"@id":"https:\/\/minutobahia24h.com.br\/?p=30045#webpage"},"articleSection":"Regional"},{"@type":"BreadcrumbList","@id":"https:\/\/minutobahia24h.com.br\/?p=30045#breadcrumblist","itemListElement":[{"@type":"ListItem","@id":"https:\/\/minutobahia24h.com.br#listItem","position":1,"name":"In\u00edcio","item":"https:\/\/minutobahia24h.com.br","nextItem":{"@type":"ListItem","@id":"https:\/\/minutobahia24h.com.br\/?cat=3#listItem","name":"Regional"}},{"@type":"ListItem","@id":"https:\/\/minutobahia24h.com.br\/?cat=3#listItem","position":2,"name":"Regional","item":"https:\/\/minutobahia24h.com.br\/?cat=3","nextItem":{"@type":"ListItem","@id":"https:\/\/minutobahia24h.com.br\/?p=30045#listItem","name":"Popula\u00e7\u00e3o de Paulo Afonso questiona gastos milion\u00e1rios com S\u00e3o Jo\u00e3o"},"previousItem":{"@type":"ListItem","@id":"https:\/\/minutobahia24h.com.br#listItem","name":"In\u00edcio"}},{"@type":"ListItem","@id":"https:\/\/minutobahia24h.com.br\/?p=30045#listItem","position":3,"name":"Popula\u00e7\u00e3o de Paulo Afonso questiona gastos milion\u00e1rios com S\u00e3o Jo\u00e3o","previousItem":{"@type":"ListItem","@id":"https:\/\/minutobahia24h.com.br\/?cat=3#listItem","name":"Regional"}}]},{"@type":"Organization","@id":"https:\/\/minutobahia24h.com.br\/#organization","name":"Minuto Bahia 24h","description":"O seu portal de not\u00edcias","url":"https:\/\/minutobahia24h.com.br\/","logo":{"@type":"ImageObject","url":"https:\/\/i0.wp.com\/minutobahia24h.com.br\/wp-content\/uploads\/2023\/09\/cropped-minutoba.png?fit=457%2C119&ssl=1","@id":"https:\/\/minutobahia24h.com.br\/?p=30045\/#organizationLogo","width":457,"height":119},"image":{"@id":"https:\/\/minutobahia24h.com.br\/?p=30045\/#organizationLogo"}},{"@type":"Person","@id":"https:\/\/minutobahia24h.com.br\/?author=2#author","url":"https:\/\/minutobahia24h.com.br\/?author=2","name":"andre","image":{"@type":"ImageObject","@id":"https:\/\/minutobahia24h.com.br\/?p=30045#authorImage","url":"https:\/\/secure.gravatar.com\/avatar\/0ec5eafed5f3925c321625d79a680d589901b94bca787ae396a35f6c4a960922?s=96&d=mm&r=g","width":96,"height":96,"caption":"andre"}},{"@type":"WebPage","@id":"https:\/\/minutobahia24h.com.br\/?p=30045#webpage","url":"https:\/\/minutobahia24h.com.br\/?p=30045","name":"Popula\u00e7\u00e3o de Paulo Afonso questiona gastos milion\u00e1rios com S\u00e3o Jo\u00e3o - Minuto Bahia 24h","description":"Pacientes \u00e0 espera de consultas e exames. Essa \u00e9 a situa\u00e7\u00e3o de quem depende de alguns servi\u00e7os do Hospital Municipal Nair Alves de Souza, em Paulo Afonso, Vale do S\u00e3o Francisco. O munic\u00edpio de 120 mil habitantes, conta atualmente, com o Hospital Regional, para servi\u00e7os de maior alta complexidade. Em meio \u00e0s reclama\u00e7\u00f5es, a popula\u00e7\u00e3o contesta","inLanguage":"pt-BR","isPartOf":{"@id":"https:\/\/minutobahia24h.com.br\/#website"},"breadcrumb":{"@id":"https:\/\/minutobahia24h.com.br\/?p=30045#breadcrumblist"},"author":{"@id":"https:\/\/minutobahia24h.com.br\/?author=2#author"},"creator":{"@id":"https:\/\/minutobahia24h.com.br\/?author=2#author"},"image":{"@type":"ImageObject","url":"https:\/\/i0.wp.com\/minutobahia24h.com.br\/wp-content\/uploads\/2025\/06\/Sem-titulo-22.jpg?fit=750%2C531&ssl=1","@id":"https:\/\/minutobahia24h.com.br\/?p=30045\/#mainImage","width":750,"height":531},"primaryImageOfPage":{"@id":"https:\/\/minutobahia24h.com.br\/?p=30045#mainImage"},"datePublished":"2025-06-02T15:12:44-03:00","dateModified":"2025-06-02T15:12:46-03:00"},{"@type":"WebSite","@id":"https:\/\/minutobahia24h.com.br\/#website","url":"https:\/\/minutobahia24h.com.br\/","name":"Minuto Bahia 24h","description":"O seu portal de not\u00edcias","inLanguage":"pt-BR","publisher":{"@id":"https:\/\/minutobahia24h.com.br\/#organization"}}]},"og:locale":"pt_BR","og:site_name":"Minuto Bahia 24h - O seu portal de not\u00edcias","og:type":"article","og:title":"Popula\u00e7\u00e3o de Paulo Afonso questiona gastos milion\u00e1rios com S\u00e3o Jo\u00e3o - Minuto Bahia 24h","og:description":"Pacientes \u00e0 espera de consultas e exames. Essa \u00e9 a situa\u00e7\u00e3o de quem depende de alguns servi\u00e7os do Hospital Municipal Nair Alves de Souza, em Paulo Afonso, Vale do S\u00e3o Francisco. O munic\u00edpio de 120 mil habitantes, conta atualmente, com o Hospital Regional, para servi\u00e7os de maior alta complexidade. Em meio \u00e0s reclama\u00e7\u00f5es, a popula\u00e7\u00e3o contesta","og:url":"https:\/\/minutobahia24h.com.br\/?p=30045","og:image":"https:\/\/minutobahia24h.com.br\/wp-content\/uploads\/2025\/06\/Sem-titulo-22.jpg","og:image:secure_url":"https:\/\/minutobahia24h.com.br\/wp-content\/uploads\/2025\/06\/Sem-titulo-22.jpg","og:image:width":750,"og:image:height":531,"article:published_time":"2025-06-02T18:12:44+00:00","article:modified_time":"2025-06-02T18:12:46+00:00","twitter:card":"summary_large_image","twitter:title":"Popula\u00e7\u00e3o de Paulo Afonso questiona gastos milion\u00e1rios com S\u00e3o Jo\u00e3o - Minuto Bahia 24h","twitter:description":"Pacientes \u00e0 espera de consultas e exames. Essa \u00e9 a situa\u00e7\u00e3o de quem depende de alguns servi\u00e7os do Hospital Municipal Nair Alves de Souza, em Paulo Afonso, Vale do S\u00e3o Francisco. O munic\u00edpio de 120 mil habitantes, conta atualmente, com o Hospital Regional, para servi\u00e7os de maior alta complexidade. Em meio \u00e0s reclama\u00e7\u00f5es, a popula\u00e7\u00e3o contesta","twitter:image":"https:\/\/minutobahia24h.com.br\/wp-content\/uploads\/2025\/06\/Sem-titulo-22.jpg"},"aioseo_meta_data":{"post_id":"30045","title":null,"description":null,"keywords":null,"keyphrases":{"focus":{"keyphrase":"","score":0,"analysis":{"keyphraseInTitle":{"score":0,"maxScore":9,"error":1}}},"additional":[]},"primary_term":null,"canonical_url":null,"og_title":null,"og_description":null,"og_object_type":"default","og_image_type":"default","og_image_url":null,"og_image_width":null,"og_image_height":null,"og_image_custom_url":null,"og_image_custom_fields":null,"og_video":"","og_custom_url":null,"og_article_section":null,"og_article_tags":null,"twitter_use_og":true,"twitter_card":"default","twitter_image_type":"default","twitter_image_url":null,"twitter_image_custom_url":null,"twitter_image_custom_fields":null,"twitter_title":null,"twitter_description":null,"schema":{"blockGraphs":[],"customGraphs":[],"default":{"data":{"Article":[],"Course":[],"Dataset":[],"FAQPage":[],"Movie":[],"Person":[],"Product":[],"ProductReview":[],"Car":[],"Recipe":[],"Service":[],"SoftwareApplication":[],"WebPage":[]},"graphName":"BlogPosting","isEnabled":true},"graphs":[]},"schema_type":"default","schema_type_options":null,"pillar_content":false,"robots_default":true,"robots_noindex":false,"robots_noarchive":false,"robots_nosnippet":false,"robots_nofollow":false,"robots_noimageindex":false,"robots_noodp":false,"robots_notranslate":false,"robots_max_snippet":"-1","robots_max_videopreview":"-1","robots_max_imagepreview":"large","priority":null,"frequency":"default","local_seo":null,"breadcrumb_settings":null,"limit_modified_date":false,"ai":null,"created":"2025-06-02 18:12:46","updated":"2025-06-05 20:36:28","seo_analyzer_scan_date":null,"focus_keyword":null,"additional_keywords":null,"truseo_locale":null},"aioseo_breadcrumb":"<div class=\"aioseo-breadcrumbs\"><span class=\"aioseo-breadcrumb\">\n\t\t\t<a href=\"https:\/\/minutobahia24h.com.br\" title=\"In\u00edcio\">In\u00edcio<\/a>\n\t\t<\/span><span class=\"aioseo-breadcrumb-separator\">&raquo;<\/span><span class=\"aioseo-breadcrumb\">\n\t\t\t<a href=\"https:\/\/minutobahia24h.com.br\/?cat=3\" title=\"Regional\">Regional<\/a>\n\t\t<\/span><span class=\"aioseo-breadcrumb-separator\">&raquo;<\/span><span class=\"aioseo-breadcrumb\">\n\t\t\tPopula\u00e7\u00e3o de Paulo Afonso questiona gastos milion\u00e1rios com S\u00e3o Jo\u00e3o\n\t\t<\/span><\/div>","aioseo_breadcrumb_json":[{"label":"In\u00edcio","link":"https:\/\/minutobahia24h.com.br"},{"label":"Regional","link":"https:\/\/minutobahia24h.com.br\/?cat=3"},{"label":"Popula\u00e7\u00e3o de Paulo Afonso questiona gastos milion\u00e1rios com S\u00e3o Jo\u00e3o","link":"https:\/\/minutobahia24h.com.br\/?p=30045"}],"jetpack_sharing_enabled":true,"jetpack_featured_media_url":"https:\/\/i0.wp.com\/minutobahia24h.com.br\/wp-content\/uploads\/2025\/06\/Sem-titulo-22.jpg?fit=750%2C531&ssl=1","_links":{"self":[{"href":"https:\/\/minutobahia24h.com.br\/index.php?rest_route=\/wp\/v2\/posts\/30045","targetHints":{"allow":["GET"]}}],"collection":[{"href":"https:\/\/minutobahia24h.com.br\/index.php?rest_route=\/wp\/v2\/posts"}],"about":[{"href":"https:\/\/minutobahia24h.com.br\/index.php?rest_route=\/wp\/v2\/types\/post"}],"author":[{"embeddable":true,"href":"https:\/\/minutobahia24h.com.br\/index.php?rest_route=\/wp\/v2\/users\/2"}],"replies":[{"embeddable":true,"href":"https:\/\/minutobahia24h.com.br\/index.php?rest_route=%2Fwp%2Fv2%2Fcomments&post=30045"}],"version-history":[{"count":1,"href":"https:\/\/minutobahia24h.com.br\/index.php?rest_route=\/wp\/v2\/posts\/30045\/revisions"}],"predecessor-version":[{"id":30047,"href":"https:\/\/minutobahia24h.com.br\/index.php?rest_route=\/wp\/v2\/posts\/30045\/revisions\/30047"}],"wp:featuredmedia":[{"embeddable":true,"href":"https:\/\/minutobahia24h.com.br\/index.php?rest_route=\/wp\/v2\/media\/30046"}],"wp:attachment":[{"href":"https:\/\/minutobahia24h.com.br\/index.php?rest_route=%2Fwp%2Fv2%2Fmedia&parent=30045"}],"wp:term":[{"taxonomy":"category","embeddable":true,"href":"https:\/\/minutobahia24h.com.br\/index.php?rest_route=%2Fwp%2Fv2%2Fcategories&post=30045"},{"taxonomy":"post_tag","embeddable":true,"href":"https:\/\/minutobahia24h.com.br\/index.php?rest_route=%2Fwp%2Fv2%2Ftags&post=30045"}],"curies":[{"name":"wp","href":"https:\/\/api.w.org\/{rel}","templated":true}]}}