{"id":30024,"date":"2025-06-02T08:12:09","date_gmt":"2025-06-02T11:12:09","guid":{"rendered":"https:\/\/minutobahia24h.com.br\/?p=30024"},"modified":"2025-06-02T08:12:10","modified_gmt":"2025-06-02T11:12:10","slug":"brasil-tem-oito-cidades-entre-as-50-mais-violentas-do-mundo-bahia-registra-dois-municipios-no-ranking","status":"publish","type":"post","link":"https:\/\/minutobahia24h.com.br\/?p=30024","title":{"rendered":"Brasil tem oito cidades entre as 50 mais violentas do mundo; Bahia registra dois munic\u00edpios no ranking"},"content":{"rendered":"<div class=\"wp-block-image\">\n<figure class=\"aligncenter size-large\"><img data-recalc-dims=\"1\" fetchpriority=\"high\" decoding=\"async\" width=\"800\" height=\"420\" src=\"https:\/\/i0.wp.com\/minutobahia24h.com.br\/wp-content\/uploads\/2025\/06\/Sem-titulo-17-1024x538.jpg?resize=800%2C420&#038;ssl=1\" alt=\"\" class=\"wp-image-30025\" srcset=\"https:\/\/i0.wp.com\/minutobahia24h.com.br\/wp-content\/uploads\/2025\/06\/Sem-titulo-17.jpg?resize=1024%2C538&amp;ssl=1 1024w, https:\/\/i0.wp.com\/minutobahia24h.com.br\/wp-content\/uploads\/2025\/06\/Sem-titulo-17.jpg?resize=300%2C158&amp;ssl=1 300w, https:\/\/i0.wp.com\/minutobahia24h.com.br\/wp-content\/uploads\/2025\/06\/Sem-titulo-17.jpg?resize=768%2C403&amp;ssl=1 768w, https:\/\/i0.wp.com\/minutobahia24h.com.br\/wp-content\/uploads\/2025\/06\/Sem-titulo-17.jpg?resize=750%2C394&amp;ssl=1 750w, https:\/\/i0.wp.com\/minutobahia24h.com.br\/wp-content\/uploads\/2025\/06\/Sem-titulo-17.jpg?resize=1140%2C599&amp;ssl=1 1140w, https:\/\/i0.wp.com\/minutobahia24h.com.br\/wp-content\/uploads\/2025\/06\/Sem-titulo-17.jpg?w=1200&amp;ssl=1 1200w\" sizes=\"(max-width: 800px) 100vw, 800px\" \/><figcaption class=\"wp-element-caption\">Foto: Divulga\u00e7\u00e3o \/ Prefeitura de Feira de Santana<br><\/figcaption><\/figure>\n<\/div>\n\n\n<p>O Brasil figura com oito cidades na lista das 50 mais violentas do mundo, de acordo com levantamento do Conselho Cidad\u00e3o para a Seguran\u00e7a P\u00fablica e a Justi\u00e7a Penal, organiza\u00e7\u00e3o n\u00e3o governamental mexicana. Os dados, referentes ao ano de 2024, foram atualizados em fevereiro de 2025.<\/p>\n\n\n\n<p>O munic\u00edpio baiano de Feira de Santana lidera o ranking brasileiro, com taxa de 55,63 homic\u00eddios por 100 mil habitantes, ocupando a 22\u00aa posi\u00e7\u00e3o no ranking global. A regi\u00e3o metropolitana de Recife aparece em seguida, com taxa de 41,88 homic\u00eddios por 100 mil habitantes, ficando na 31\u00aa coloca\u00e7\u00e3o.<\/p>\n\n\n\n<p>As demais cidades brasileiras citadas s\u00e3o Fortaleza, Salvador, Macei\u00f3, Porto Velho, Manaus e Caruaru. No total, essas oito cidades somaram 6.451 homic\u00eddios em 2024, com m\u00e9dia de 38,55 homic\u00eddios por 100 mil habitantes.<\/p>\n\n\n\n<figure class=\"wp-block-image\"><img data-recalc-dims=\"1\" decoding=\"async\" data-src=\"https:\/\/i0.wp.com\/www.bahianoticias.com.br\/fotos\/principal_noticias\/305264\/mg\/image.png?w=800&#038;ssl=1\" alt=\"\" src=\"data:image\/gif;base64,R0lGODlhAQABAAAAACH5BAEKAAEALAAAAAABAAEAAAICTAEAOw==\" class=\"lazyload\" \/><noscript><img data-recalc-dims=\"1\" decoding=\"async\" src=\"https:\/\/i0.wp.com\/www.bahianoticias.com.br\/fotos\/principal_noticias\/305264\/mg\/image.png?w=800&#038;ssl=1\" alt=\"\"\/><\/noscript><\/figure>\n\n\n\n<p>BN<\/p>\n","protected":false},"excerpt":{"rendered":"<p>O Brasil figura com oito cidades na lista das 50 mais violentas do mundo, de acordo com levantamento do Conselho Cidad\u00e3o para a Seguran\u00e7a P\u00fablica e a Justi\u00e7a Penal, organiza\u00e7\u00e3o n\u00e3o governamental mexicana. Os dados, referentes ao ano de 2024, foram atualizados em fevereiro de 2025. O munic\u00edpio baiano de Feira de Santana lidera o [&hellip;]<\/p>\n","protected":false},"author":2,"featured_media":30025,"comment_status":"open","ping_status":"open","sticky":false,"template":"","format":"standard","meta":{"_jetpack_memberships_contains_paid_content":false,"footnotes":""},"categories":[46],"tags":[],"class_list":["post-30024","post","type-post","status-publish","format-standard","has-post-thumbnail","hentry","category-noticia"],"aioseo_notices":[],"jetpack_featured_media_url":"https:\/\/i0.wp.com\/minutobahia24h.com.br\/wp-content\/uploads\/2025\/06\/Sem-titulo-17.jpg?fit=1200%2C630&ssl=1","jetpack_sharing_enabled":true,"_links":{"self":[{"href":"https:\/\/minutobahia24h.com.br\/index.php?rest_route=\/wp\/v2\/posts\/30024","targetHints":{"allow":["GET"]}}],"collection":[{"href":"https:\/\/minutobahia24h.com.br\/index.php?rest_route=\/wp\/v2\/posts"}],"about":[{"href":"https:\/\/minutobahia24h.com.br\/index.php?rest_route=\/wp\/v2\/types\/post"}],"author":[{"embeddable":true,"href":"https:\/\/minutobahia24h.com.br\/index.php?rest_route=\/wp\/v2\/users\/2"}],"replies":[{"embeddable":true,"href":"https:\/\/minutobahia24h.com.br\/index.php?rest_route=%2Fwp%2Fv2%2Fcomments&post=30024"}],"version-history":[{"count":1,"href":"https:\/\/minutobahia24h.com.br\/index.php?rest_route=\/wp\/v2\/posts\/30024\/revisions"}],"predecessor-version":[{"id":30026,"href":"https:\/\/minutobahia24h.com.br\/index.php?rest_route=\/wp\/v2\/posts\/30024\/revisions\/30026"}],"wp:featuredmedia":[{"embeddable":true,"href":"https:\/\/minutobahia24h.com.br\/index.php?rest_route=\/wp\/v2\/media\/30025"}],"wp:attachment":[{"href":"https:\/\/minutobahia24h.com.br\/index.php?rest_route=%2Fwp%2Fv2%2Fmedia&parent=30024"}],"wp:term":[{"taxonomy":"category","embeddable":true,"href":"https:\/\/minutobahia24h.com.br\/index.php?rest_route=%2Fwp%2Fv2%2Fcategories&post=30024"},{"taxonomy":"post_tag","embeddable":true,"href":"https:\/\/minutobahia24h.com.br\/index.php?rest_route=%2Fwp%2Fv2%2Ftags&post=30024"}],"curies":[{"name":"wp","href":"https:\/\/api.w.org\/{rel}","templated":true}]}}