{"id":30018,"date":"2025-06-02T08:05:41","date_gmt":"2025-06-02T11:05:41","guid":{"rendered":"https:\/\/minutobahia24h.com.br\/?p=30018"},"modified":"2025-06-02T08:05:42","modified_gmt":"2025-06-02T11:05:42","slug":"em-junho-conta-de-energia-tera-bandeira-tarifaria-vermelha","status":"publish","type":"post","link":"https:\/\/minutobahia24h.com.br\/?p=30018","title":{"rendered":"Em junho, conta de energia ter\u00e1 bandeira tarif\u00e1ria vermelha"},"content":{"rendered":"<div class=\"wp-block-image\">\n<figure class=\"aligncenter size-full\"><img data-recalc-dims=\"1\" fetchpriority=\"high\" decoding=\"async\" width=\"597\" height=\"420\" src=\"https:\/\/i0.wp.com\/minutobahia24h.com.br\/wp-content\/uploads\/2025\/06\/Sem-titulo-15.jpg?resize=597%2C420&#038;ssl=1\" alt=\"\" class=\"wp-image-30019\" srcset=\"https:\/\/i0.wp.com\/minutobahia24h.com.br\/wp-content\/uploads\/2025\/06\/Sem-titulo-15.jpg?w=597&amp;ssl=1 597w, https:\/\/i0.wp.com\/minutobahia24h.com.br\/wp-content\/uploads\/2025\/06\/Sem-titulo-15.jpg?resize=300%2C211&amp;ssl=1 300w\" sizes=\"(max-width: 597px) 100vw, 597px\" \/><figcaption class=\"wp-element-caption\">Foto: Divulga\u00e7\u00e3o\/ Neoenergia Coelba<br><\/figcaption><\/figure>\n<\/div>\n\n\n<p>A bandeira tarif\u00e1ria ser\u00e1 vermelha no m\u00eas de junho, de acordo com a Ag\u00eancia Nacional de Energia El\u00e9trica (Aneel). O \u00f3rg\u00e3o confirmou, nesta sexta-feira (30), que haver\u00e1 cobran\u00e7a extra nas contas de luz no pr\u00f3ximo m\u00eas. A decis\u00e3o ocorre devido \u00e0 redu\u00e7\u00e3o no volume de chuvas e \u00e0s condi\u00e7\u00f5es menos favor\u00e1veis dos reservat\u00f3rios, o que impacta diretamente na gera\u00e7\u00e3o de energia.<\/p>\n\n\n\n<p>Com a bandeira vermelha, a Neoenergia Coelba chama ainda mais aten\u00e7\u00e3o para a necessidade de um consumo consciente de energia el\u00e9trica. Al\u00e9m da economia financeira, o cliente contribui com o meio ambiente, evitando desperd\u00edcios com a ado\u00e7\u00e3o de pequenas mudan\u00e7as de h\u00e1bitos que o transformam em um consumidor mais respons\u00e1vel. Confira algumas dicas para economizar na conta:<\/p>\n\n\n\n<p><strong>Ar-condicionado e ventilador<\/strong><\/p>\n\n\n\n<p>Mesmo em per\u00edodos mais amenos, como junho, muitas pessoas continuam usando ar-condicionado, que est\u00e1 entre os aparelhos que mais consomem energia em resid\u00eancias. Para garantir o uso eficiente, a Neoenergia Coelba recomenda manter a temperatura entre 23\u00baC e 25\u00baC e programar o desligamento autom\u00e1tico durante a madrugada. Outra op\u00e7\u00e3o \u00e9 optar por aparelhos com tecnologia Inverter, que s\u00e3o at\u00e9 60% mais econ\u00f4micos por evitarem picos de energia.<\/p>\n\n\n\n<p>Na hora da compra, prefira equipamentos com Selo Procel ou categoria A de consumo. A instala\u00e7\u00e3o deve ser feita no alto da parede e em paralelo ao lado maior do c\u00f4modo. Tamb\u00e9m \u00e9 essencial manter a manuten\u00e7\u00e3o em dia e limpar filtros e sa\u00eddas de ar a cada duas semanas.<\/p>\n\n\n\n<p>Ap\u00f3s a refrigera\u00e7\u00e3o do espa\u00e7o, ventiladores de teto podem ser usados para manter o ambiente agrad\u00e1vel com menor consumo. Vale lembrar: quanto maior a velocidade, maior o consumo.<\/p>\n\n\n\n<p><strong>Chuveiro el\u00e9trico<\/strong><br>Prefira banhos curtos e utilize o aparelho na op\u00e7\u00e3o \u201cver\u00e3o\u201d, que consome at\u00e9 30% menos energia. Desligue a \u00e1gua enquanto se ensaboa e use sempre resist\u00eancias originais, pois as inadequadas podem aumentar o consumo e trazer riscos. Se poss\u00edvel, considere a substitui\u00e7\u00e3o por um aquecedor solar t\u00e9rmico.<\/p>\n\n\n\n<p><strong>Geladeiras<\/strong><br>Evite colocar alimentos quentes dentro da geladeira e verifique com frequ\u00eancia a borracha de veda\u00e7\u00e3o. O aparelho deve ficar a pelo menos 10 cm de dist\u00e2ncia da parede. Abra a porta o m\u00ednimo poss\u00edvel e por tempo reduzido para evitar sobrecarga no motor.<\/p>\n\n\n\n<p><strong>Ilumina\u00e7\u00e3o natural e uso de LED<\/strong><br>Aproveite ao m\u00e1ximo a luz natural, mantendo cortinas e janelas abertas durante o dia. Apague as luzes dos c\u00f4modos desocupados e prefira as l\u00e2mpadas de LED, que consomem cerca de 40% menos energia. Al\u00e9m da economia, o LED tem vida \u00fatil maior (em m\u00e9dia 25 mil horas) e n\u00e3o cont\u00e9m subst\u00e2ncias t\u00f3xicas, como o merc\u00fario presente em l\u00e2mpadas fluorescentes.<\/p>\n\n\n\n<p>Bahia.ba<\/p>\n","protected":false},"excerpt":{"rendered":"<p>A bandeira tarif\u00e1ria ser\u00e1 vermelha no m\u00eas de junho, de acordo com a Ag\u00eancia Nacional de Energia El\u00e9trica (Aneel). O \u00f3rg\u00e3o confirmou, nesta sexta-feira (30), que haver\u00e1 cobran\u00e7a extra nas contas de luz no pr\u00f3ximo m\u00eas. A decis\u00e3o ocorre devido \u00e0 redu\u00e7\u00e3o no volume de chuvas e \u00e0s condi\u00e7\u00f5es menos favor\u00e1veis dos reservat\u00f3rios, o que [&hellip;]<\/p>\n","protected":false},"author":2,"featured_media":30019,"comment_status":"open","ping_status":"open","sticky":false,"template":"","format":"standard","meta":{"_jetpack_memberships_contains_paid_content":false,"footnotes":""},"categories":[19],"tags":[],"class_list":["post-30018","post","type-post","status-publish","format-standard","has-post-thumbnail","hentry","category-economia"],"aioseo_notices":[],"jetpack_featured_media_url":"https:\/\/i0.wp.com\/minutobahia24h.com.br\/wp-content\/uploads\/2025\/06\/Sem-titulo-15.jpg?fit=597%2C420&ssl=1","jetpack_sharing_enabled":true,"_links":{"self":[{"href":"https:\/\/minutobahia24h.com.br\/index.php?rest_route=\/wp\/v2\/posts\/30018","targetHints":{"allow":["GET"]}}],"collection":[{"href":"https:\/\/minutobahia24h.com.br\/index.php?rest_route=\/wp\/v2\/posts"}],"about":[{"href":"https:\/\/minutobahia24h.com.br\/index.php?rest_route=\/wp\/v2\/types\/post"}],"author":[{"embeddable":true,"href":"https:\/\/minutobahia24h.com.br\/index.php?rest_route=\/wp\/v2\/users\/2"}],"replies":[{"embeddable":true,"href":"https:\/\/minutobahia24h.com.br\/index.php?rest_route=%2Fwp%2Fv2%2Fcomments&post=30018"}],"version-history":[{"count":1,"href":"https:\/\/minutobahia24h.com.br\/index.php?rest_route=\/wp\/v2\/posts\/30018\/revisions"}],"predecessor-version":[{"id":30020,"href":"https:\/\/minutobahia24h.com.br\/index.php?rest_route=\/wp\/v2\/posts\/30018\/revisions\/30020"}],"wp:featuredmedia":[{"embeddable":true,"href":"https:\/\/minutobahia24h.com.br\/index.php?rest_route=\/wp\/v2\/media\/30019"}],"wp:attachment":[{"href":"https:\/\/minutobahia24h.com.br\/index.php?rest_route=%2Fwp%2Fv2%2Fmedia&parent=30018"}],"wp:term":[{"taxonomy":"category","embeddable":true,"href":"https:\/\/minutobahia24h.com.br\/index.php?rest_route=%2Fwp%2Fv2%2Fcategories&post=30018"},{"taxonomy":"post_tag","embeddable":true,"href":"https:\/\/minutobahia24h.com.br\/index.php?rest_route=%2Fwp%2Fv2%2Ftags&post=30018"}],"curies":[{"name":"wp","href":"https:\/\/api.w.org\/{rel}","templated":true}]}}