{"id":30015,"date":"2025-06-02T08:03:54","date_gmt":"2025-06-02T11:03:54","guid":{"rendered":"https:\/\/minutobahia24h.com.br\/?p=30015"},"modified":"2025-06-02T08:03:56","modified_gmt":"2025-06-02T11:03:56","slug":"titulo-do-psg-amplia-lista-de-longos-jejuns-quebrados-na-temporada","status":"publish","type":"post","link":"https:\/\/minutobahia24h.com.br\/?p=30015","title":{"rendered":"T\u00edtulo do PSG amplia lista de longos jejuns quebrados na temporada"},"content":{"rendered":"<div class=\"wp-block-image\">\n<figure class=\"aligncenter size-full\"><img data-recalc-dims=\"1\" fetchpriority=\"high\" decoding=\"async\" width=\"800\" height=\"525\" src=\"https:\/\/i0.wp.com\/minutobahia24h.com.br\/wp-content\/uploads\/2025\/06\/Sem-titulo-14.jpg?resize=800%2C525&#038;ssl=1\" alt=\"\" class=\"wp-image-30016\" srcset=\"https:\/\/i0.wp.com\/minutobahia24h.com.br\/wp-content\/uploads\/2025\/06\/Sem-titulo-14.jpg?w=984&amp;ssl=1 984w, https:\/\/i0.wp.com\/minutobahia24h.com.br\/wp-content\/uploads\/2025\/06\/Sem-titulo-14.jpg?resize=300%2C197&amp;ssl=1 300w, https:\/\/i0.wp.com\/minutobahia24h.com.br\/wp-content\/uploads\/2025\/06\/Sem-titulo-14.jpg?resize=768%2C504&amp;ssl=1 768w, https:\/\/i0.wp.com\/minutobahia24h.com.br\/wp-content\/uploads\/2025\/06\/Sem-titulo-14.jpg?resize=750%2C492&amp;ssl=1 750w\" sizes=\"(max-width: 800px) 100vw, 800px\" \/><figcaption class=\"wp-element-caption\">Marquinhos levanta o trof\u00e9u: o PSG \u00e9 campe\u00e3o da Champions League \u2014 Foto: Getty Images<br><br><\/figcaption><\/figure>\n<\/div>\n\n\n<p>O&nbsp;<a class=\"\" href=\"https:\/\/globoesporte.globo.com\/futebol\/futebol-internacional\/futebol-frances\/times\/paris-saint-germain\/\">Paris Saint-Germain<\/a>&nbsp;conquistou a Champions League pela primeira vez na sua hist\u00f3ria. Os franceses venceram a Inter de Mil\u00e3o por 5 a 0 na Alemanha e encerraram um jejum de 55 anos sem a ta\u00e7a continental. O PSG entra para lista extensa de clubes que, nesta temporada, acabaram com longos per\u00edodos sem t\u00edtulos.<\/p>\n\n\n\n<p><strong>Veja a lista de times que quebraram jejuns na temporada:<\/strong><\/p>\n\n\n\n<h2 class=\"wp-block-heading\"><strong>Platense &#8211; 120 anos<\/strong><\/h2>\n\n\n\n<p>Sem tradi\u00e7\u00e3o no futebol argentino, o Platense foi de longe uma das grandes zebras do futebol mundial na temporada. Neste domingo, banhado por l\u00e1grimas de torcedores, treinadores (sim, a equipe \u00e9 comandada pela dupla Sergio Gomez\/Favio Orsi) e jogadores, o primeiro t\u00edtulo da hist\u00f3ria do clube veio com um apertado 1 a 0 sobre o Hurac\u00e1n, na final do Torneo Apertura. Mainero marcou o gola\u00e7o que coroou uma campanha composta por vit\u00f3rias contra gigantes Racing, River Plate e San Lorenzo no mata-mata.<\/p>\n\n\n<div class=\"wp-block-image\">\n<figure class=\"aligncenter\"><img data-recalc-dims=\"1\" decoding=\"async\" src=\"https:\/\/i0.wp.com\/s2-ge.glbimg.com\/KTW0uleYoERZZyIHc8Lwmlp_-1U%3D\/0x0%3A4650x3100\/984x0\/smart\/filters%3Astrip_icc%28%29\/i.s3.glbimg.com\/v1\/AUTH_bc8228b6673f488aa253bbcb03c80ec5\/internal_photos\/bs\/2025\/t\/D\/bQKtPqRgKuyGnAiObYFg\/gettyimages-2218150741.jpg?w=800&#038;ssl=1\" alt=\"Platense \u00e9 campe\u00e3o argentino \u2014 Foto: Joaqu\u00edn Camiletti\/Getty Images)\"\/><\/figure>\n<\/div>\n\n\n<p>Platense \u00e9 campe\u00e3o argentino \u2014 Foto: Joaqu\u00edn Camiletti\/Getty Images)<\/p>\n\n\n\n<p><a class=\"\" href=\"https:\/\/globoesporte.globo.com\/futebol\/futebol-internacional\/futebol-ingles\/times\/crystal-palace\/\">Crystal Palace<\/a>\u00a0&#8211; 119 anos<\/p>\n\n\n<div class=\"wp-block-image\">\n<figure class=\"aligncenter\"><img data-recalc-dims=\"1\" decoding=\"async\" src=\"https:\/\/i0.wp.com\/s2-ge.glbimg.com\/BEg_dPVGSJhMKdXFwSvN8JDXsHo%3D\/0x0%3A3221x2110\/984x0\/smart\/filters%3Astrip_icc%28%29\/i.s3.glbimg.com\/v1\/AUTH_bc8228b6673f488aa253bbcb03c80ec5\/internal_photos\/bs\/2025\/3\/F\/hN90AURl6G2CNn6EA4vA\/2025-05-17t180505z-171909237-up1el5h1drg8e-rtrmadp-3-soccer-england-cry-mci-report.jpg?w=800&#038;ssl=1\" alt=\"Crystal Palace levanta a ta\u00e7a de campe\u00e3o da Copa da Inglaterra 2025 \u2014 Foto: Reuters\/Andrew Boyers\"\/><\/figure>\n<\/div>\n\n\n<p>Crystal Palace levanta a ta\u00e7a de campe\u00e3o da Copa da Inglaterra 2025 \u2014 Foto: Reuters\/Andrew Boyers<\/p>\n\n\n\n<p>O Crystal Palace conquistou a Copa da Inglaterra ao vencer o Manchester City por 1 a 0. O t\u00edtulo in\u00e9dito inaugurou as conquistas de primeira prateleira nos 119 anos de hist\u00f3ria do clube. O goleiro Dean Henderson saiu como her\u00f3i da partida, depois de pegar o p\u00eanalti cobrado por Marmoush e empilhar boas defesas. O gol de Eze, que fez a festa dos torcedores em Wembley, p\u00f4s um ponto final em um fantasma na Copa, j\u00e1 que o Palace foi vice-campe\u00e3o contra o United duas vezes &#8211; em 89\/90 e 15\/16.<\/p>\n\n\n\n<h2 class=\"wp-block-heading\">Go Ahead Eagles &#8211; 93 anos<\/h2>\n\n\n\n<p>O Go Ahead Eagles encerrou um longo per\u00edodo de seca depois de vencer o Az Alkmaar nos p\u00eanaltis em uma partida heroica. A equipe perdia por 1 a 0 at\u00e9 os 54 minutos do segundo tempo, quando o lateral-direito Mats Deijl empatou, levou a decis\u00e3o para as penalidades e viu o time vencer a Ta\u00e7a da Holanda. O \u00faltimo trof\u00e9u havia sido o Campeonato Holand\u00eas de 1932\/33, per\u00edodo em que a competi\u00e7\u00e3o ainda era amadora. O clube tem outros tr\u00eas t\u00edtulos desse per\u00edodo, vencidos em 1929\/30, 1921\/22 e 1916\/17.<\/p>\n\n\n<div class=\"wp-block-image\">\n<figure class=\"aligncenter\"><img data-recalc-dims=\"1\" decoding=\"async\" src=\"https:\/\/i0.wp.com\/s2-ge.glbimg.com\/fF3_snp8eby-fYVWfPqAqhfRDKQ%3D\/349x0%3A5379x2303\/984x0\/smart\/filters%3Astrip_icc%28%29\/i.s3.glbimg.com\/v1\/AUTH_bc8228b6673f488aa253bbcb03c80ec5\/internal_photos\/bs\/2025\/h\/R\/1bpmABTfexRP7qOQx4tg\/gettyimages-2210782329.jpg?w=800&#038;ssl=1\" alt=\"O Go Ahead Eagle \u00e9 campe\u00e3o da Ta\u00e7a da Holanda \u2014 Foto: Marcel van Dorst\/Getty Images\"\/><\/figure>\n<\/div>\n\n\n<p>O Go Ahead Eagle \u00e9 campe\u00e3o da Ta\u00e7a da Holanda \u2014 Foto: Marcel van Dorst\/Getty Images<\/p>\n\n\n\n<h2 class=\"wp-block-heading\"><a class=\"\" href=\"https:\/\/globoesporte.globo.com\/equipe\/futebol\/futebol-internacional\/futebol-ingles\/newcastle.html\">Newcastle<\/a>&nbsp;&#8211; 70 anos<\/h2>\n\n\n\n<p>O Newcastle levantou a ta\u00e7a da Copa da Liga Inglesa pela primeira vez depois de vencer o Liverpool por 2 a 1 em um Wembley lotado. O zagueiro Burn e o centroavante Isak balan\u00e7aram as redes para garantir o t\u00edtulo. O gol sofrido nos acr\u00e9scimos trouxe tens\u00e3o para o fim da partida, mas n\u00e3o impediu a concretiza\u00e7\u00e3o de conquista relevante depois de 70 anos. Desde a Copa da Inglaterra em 1954\/55, foram duas finais da competi\u00e7\u00e3o perdidas, em 1975\/1976 e 2022\/23.<\/p>\n\n\n<div class=\"wp-block-image\">\n<figure class=\"aligncenter\"><img data-recalc-dims=\"1\" decoding=\"async\" src=\"https:\/\/i0.wp.com\/s2-ge.glbimg.com\/T6dHeI9yRoo6oWl0JA4yIn4oBoY%3D\/0x0%3A4563x3042\/984x0\/smart\/filters%3Astrip_icc%28%29\/i.s3.glbimg.com\/v1\/AUTH_bc8228b6673f488aa253bbcb03c80ec5\/internal_photos\/bs\/2025\/B\/L\/Mxe6qGR1ipAXVzl3FrGg\/gettyimages-2207517828.jpg?w=800&#038;ssl=1\" alt=\"Newscatle conquista a Copa da Liga Inglesa \u2014 Foto: Ed Sykes\/Getty Images\"\/><\/figure>\n<\/div>\n\n\n<p>Newscatle conquista a Copa da Liga Inglesa \u2014 Foto: Ed Sykes\/Getty Images<\/p>\n\n\n\n<h2 class=\"wp-block-heading\">Paris Saint-Germain &#8211; 55 anos<\/h2>\n\n\n\n<p>O Paris Saint-Germain anotou&nbsp;<a class=\"\" href=\"https:\/\/ge.globo.com\/futebol\/futebol-internacional\/liga-dos-campeoes\/noticia\/2025\/05\/31\/goleada-do-psg-sobre-a-inter-de-milao-e-a-maior-em-uma-final-de-champions-league.ghtml\">a maior goleada da hist\u00f3ria das finais da Liga dos Campe\u00f5es<\/a>. O placar de 5 a 0 coroou um t\u00edtulo esperado por 55 anos. O duelo contra a Inter de Mil\u00e3o na Allianz Arena, na Alemanha, foi marcado principalmente por um nome: Desir\u00e9 Dou\u00e9. Os dois gols marcados e a assist\u00eancia fizeram do jovem franc\u00eas de 19 anos o her\u00f3i da conquista. Cinco anos depois do vice-campeonato continental contra o Bayern de Munique, o PSG leva a ta\u00e7a in\u00e9dita para Paris.<\/p>\n\n\n<div class=\"wp-block-image\">\n<figure class=\"aligncenter\"><img data-recalc-dims=\"1\" decoding=\"async\" src=\"https:\/\/i0.wp.com\/s2-ge.glbimg.com\/JvRbHvA9wvs1kNDtanViSBWLbRw%3D\/0x0%3A1024x683\/984x0\/smart\/filters%3Astrip_icc%28%29\/i.s3.glbimg.com\/v1\/AUTH_bc8228b6673f488aa253bbcb03c80ec5\/internal_photos\/bs\/2025\/u\/6\/EJjmqJReGLTE0soz1EMg\/gettyimages-2218002813.jpg?w=800&#038;ssl=1\" alt=\"Paris Saint-Germain comemora o seu primeiro t\u00edtulo da Champions League \u2014 Foto: Getty Images\"\/><\/figure>\n<\/div>\n\n\n<p>Paris Saint-Germain comemora o seu primeiro t\u00edtulo da Champions League \u2014 Foto: Getty Images<\/p>\n\n\n\n<h2 class=\"wp-block-heading\"><a class=\"\" href=\"https:\/\/globoesporte.globo.com\/equipe\/futebol\/futebol-internacional\/futebol-italiano\/bologna.html\">Bologna<\/a>&nbsp;&#8211; 51 anos<\/h2>\n\n\n\n<p>A vit\u00f3ria por 1 a 0 sobre o Milan deu ao Bologna seu primeiro t\u00edtulo expressivo nos \u00faltimos 51 anos. Com gol de Ndoye, o time conquistou a Copa da It\u00e1lia no Est\u00e1dio Ol\u00edmpico de Roma. A tradi\u00e7\u00e3o constru\u00edda com sete t\u00edtulos italianos ficou apagada durante anos nas s\u00e9ries B e C do campeonato nacional. Na volta por cima, o trof\u00e9u erguido se une aos outros dos da competi\u00e7\u00e3o, vencidos em 1969\/70 e 1973\/74, o \u00faltimo de primeira grandeza no pa\u00eds.<\/p>\n\n\n<div class=\"wp-block-image\">\n<figure class=\"aligncenter\"><img data-recalc-dims=\"1\" decoding=\"async\" src=\"https:\/\/i0.wp.com\/s2-ge.glbimg.com\/vvPKMq-rZB97OSP5uMMEDQ50Mew%3D\/0x0%3A1024x628\/984x0\/smart\/filters%3Astrip_icc%28%29\/i.s3.glbimg.com\/v1\/AUTH_bc8228b6673f488aa253bbcb03c80ec5\/internal_photos\/bs\/2025\/6\/c\/vHY3eGSb6brBgaDAksKg\/000-46qd8r8.jpg?w=800&#038;ssl=1\" alt=\"Bologna vence o Milan e \u00e9 campe\u00e3o da Copa da It\u00e1lia \u2014 Foto: AFP\"\/><\/figure>\n<\/div>\n\n\n<p>Bologna vence o Milan e \u00e9 campe\u00e3o da Copa da It\u00e1lia \u2014 Foto: AFP<\/p>\n\n\n\n<p><a class=\"\" href=\"https:\/\/globoesporte.globo.com\/equipe\/futebol\/futebol-internacional\/futebol-ingles\/tottenham.html\">Tottenham<\/a>\u00a0&#8211; 17 anos<\/p>\n\n\n\n<p>Tricampe\u00e3o da Liga Europa, o Tottenham n\u00e3o levantava nenhuma ta\u00e7a h\u00e1 17 anos. O gol decisivo de Brennan Johnson e as atua\u00e7\u00f5es tanto do goleiro Vicario quanto dos defensores foram suficientes para garantir o t\u00edtulo. Com a vit\u00f3ria sobre o Manchester United, os londrinos igualam as tr\u00eas ta\u00e7as do Liverpool, dividindo o posto de maiores campe\u00f5es ingleses da competi\u00e7\u00e3o. Os outros dois trof\u00e9us s\u00e3o de 1971\/72 e 1983\/84, quando o campeonato ainda se chamava Copa da Uefa.<\/p>\n\n\n<div class=\"wp-block-image\">\n<figure class=\"aligncenter\"><img data-recalc-dims=\"1\" decoding=\"async\" src=\"https:\/\/i0.wp.com\/s2-ge.glbimg.com\/0R6wmzKZFy4u1tw41ygbzHdGLq4%3D\/0x0%3A1024x682\/984x0\/smart\/filters%3Astrip_icc%28%29\/i.s3.glbimg.com\/v1\/AUTH_bc8228b6673f488aa253bbcb03c80ec5\/internal_photos\/bs\/2025\/g\/l\/MCqNmJTBeV6YAyG9sKhQ\/000-47mx867.jpg?w=800&#038;ssl=1\" alt=\"Tottenham campe\u00e3o - Liga Europa \u2014 Foto: Thomas COEX \/ AFP\"\/><\/figure>\n<\/div>\n\n\n<p>Tottenham campe\u00e3o &#8211; Liga Europa \u2014 Foto: Thomas COEX \/ AFP<\/p>\n\n\n\n<p>Harry Kane &#8211; 14 anos<\/p>\n\n\n\n<p>A conquista do Campeonato Alem\u00e3o pelo Bayern de Munique garantiu a Harry Kane seu primeiro t\u00edtulo depois de 14 anos como jogador profissional. O empate por 2 a 2 entre Bayer Leverkusen e Freiburg na 32\u00aa rodada selou o 34\u00ba trof\u00e9u do Bayern e o primeiro do atacante ingl\u00eas. Foram 10 anos vestindo a camisa do Tottenham at\u00e9 o grande momento na segunda temporada pelos alem\u00e3es.<\/p>\n\n\n<div class=\"wp-block-image\">\n<figure class=\"aligncenter\"><img data-recalc-dims=\"1\" decoding=\"async\" src=\"https:\/\/i0.wp.com\/s2-ge.glbimg.com\/BFsiaDtOIY1FbW53q8fcxkGi-Xo%3D\/0x0%3A1024x683\/984x0\/smart\/filters%3Astrip_icc%28%29\/i.s3.glbimg.com\/v1\/AUTH_bc8228b6673f488aa253bbcb03c80ec5\/internal_photos\/bs\/2025\/4\/h\/iNlOetQPGJWp1ZQ8AA7g\/gettyimages-2214393870.jpg?w=800&#038;ssl=1\" alt=\"Harry Kane levanta trof\u00e9u da Bundesliga: o primeiro t\u00edtulo de sua carreira \u2014 Foto: Getty Images\"\/><\/figure>\n<\/div>\n\n\n<p>Harry Kane levanta trof\u00e9u da Bundesliga: o primeiro t\u00edtulo de sua carreira \u2014 Foto: Getty Images<\/p>\n","protected":false},"excerpt":{"rendered":"<p>O&nbsp;Paris Saint-Germain&nbsp;conquistou a Champions League pela primeira vez na sua hist\u00f3ria. Os franceses venceram a Inter de Mil\u00e3o por 5 a 0 na Alemanha e encerraram um jejum de 55 anos sem a ta\u00e7a continental. O PSG entra para lista extensa de clubes que, nesta temporada, acabaram com longos per\u00edodos sem t\u00edtulos. Veja a lista [&hellip;]<\/p>\n","protected":false},"author":2,"featured_media":30016,"comment_status":"open","ping_status":"open","sticky":false,"template":"","format":"standard","meta":{"_jetpack_memberships_contains_paid_content":false,"footnotes":""},"categories":[20],"tags":[],"class_list":["post-30015","post","type-post","status-publish","format-standard","has-post-thumbnail","hentry","category-esporte"],"aioseo_notices":[],"jetpack_featured_media_url":"https:\/\/i0.wp.com\/minutobahia24h.com.br\/wp-content\/uploads\/2025\/06\/Sem-titulo-14.jpg?fit=984%2C646&ssl=1","jetpack_sharing_enabled":true,"_links":{"self":[{"href":"https:\/\/minutobahia24h.com.br\/index.php?rest_route=\/wp\/v2\/posts\/30015","targetHints":{"allow":["GET"]}}],"collection":[{"href":"https:\/\/minutobahia24h.com.br\/index.php?rest_route=\/wp\/v2\/posts"}],"about":[{"href":"https:\/\/minutobahia24h.com.br\/index.php?rest_route=\/wp\/v2\/types\/post"}],"author":[{"embeddable":true,"href":"https:\/\/minutobahia24h.com.br\/index.php?rest_route=\/wp\/v2\/users\/2"}],"replies":[{"embeddable":true,"href":"https:\/\/minutobahia24h.com.br\/index.php?rest_route=%2Fwp%2Fv2%2Fcomments&post=30015"}],"version-history":[{"count":1,"href":"https:\/\/minutobahia24h.com.br\/index.php?rest_route=\/wp\/v2\/posts\/30015\/revisions"}],"predecessor-version":[{"id":30017,"href":"https:\/\/minutobahia24h.com.br\/index.php?rest_route=\/wp\/v2\/posts\/30015\/revisions\/30017"}],"wp:featuredmedia":[{"embeddable":true,"href":"https:\/\/minutobahia24h.com.br\/index.php?rest_route=\/wp\/v2\/media\/30016"}],"wp:attachment":[{"href":"https:\/\/minutobahia24h.com.br\/index.php?rest_route=%2Fwp%2Fv2%2Fmedia&parent=30015"}],"wp:term":[{"taxonomy":"category","embeddable":true,"href":"https:\/\/minutobahia24h.com.br\/index.php?rest_route=%2Fwp%2Fv2%2Fcategories&post=30015"},{"taxonomy":"post_tag","embeddable":true,"href":"https:\/\/minutobahia24h.com.br\/index.php?rest_route=%2Fwp%2Fv2%2Ftags&post=30015"}],"curies":[{"name":"wp","href":"https:\/\/api.w.org\/{rel}","templated":true}]}}