{"id":29993,"date":"2025-06-02T07:08:57","date_gmt":"2025-06-02T10:08:57","guid":{"rendered":"https:\/\/minutobahia24h.com.br\/?p=29993"},"modified":"2025-06-02T07:08:58","modified_gmt":"2025-06-02T10:08:58","slug":"hemoba-promove-campanha-de-doacao-de-sangue-para-celebrar-o-junho-vermelho","status":"publish","type":"post","link":"https:\/\/minutobahia24h.com.br\/?p=29993","title":{"rendered":"Hemoba promove campanha de doa\u00e7\u00e3o de sangue para celebrar o Junho Vermelho"},"content":{"rendered":"<div class=\"wp-block-image\">\n<figure class=\"aligncenter size-full\"><img data-recalc-dims=\"1\" fetchpriority=\"high\" decoding=\"async\" width=\"600\" height=\"750\" src=\"https:\/\/i0.wp.com\/minutobahia24h.com.br\/wp-content\/uploads\/2025\/06\/Sem-titulo-8.jpg?resize=600%2C750&#038;ssl=1\" alt=\"\" class=\"wp-image-29995\" srcset=\"https:\/\/i0.wp.com\/minutobahia24h.com.br\/wp-content\/uploads\/2025\/06\/Sem-titulo-8.jpg?w=600&amp;ssl=1 600w, https:\/\/i0.wp.com\/minutobahia24h.com.br\/wp-content\/uploads\/2025\/06\/Sem-titulo-8.jpg?resize=240%2C300&amp;ssl=1 240w\" sizes=\"(max-width: 600px) 100vw, 600px\" \/><figcaption class=\"wp-element-caption\"><sub>Adelm\u00e1rio Coelho \u00e9 o padrinho da campanha de doa\u00e7\u00e3o de sangue da Hemoba<\/sub><br><\/figcaption><\/figure>\n<\/div>\n\n\n<p>Com a campanha&nbsp;<strong><mark>\u201cDoe sangue. \u00c9 tradi\u00e7\u00e3o que salva vidas\u201d<\/mark><\/strong>, a Hemoba celebra o&nbsp;<strong><mark>Junho Vermelho<\/mark><\/strong>, iniciativa que objetiva conscientizar a sociedade sobre a import\u00e2ncia da doa\u00e7\u00e3o de sangue. A a\u00e7\u00e3o, que ter\u00e1 como padrinho o cantor e compositor Adelm\u00e1rio Coelho, busca incentivar as pessoas a doarem sangue de forma volunt\u00e1ria e altru\u00edsta.<\/p>\n\n\n\n<p>Em junho, pode diminuir o n\u00famero de doa\u00e7\u00f5es de sangue, ocasionado por v\u00e1rios fatores, como maior incid\u00eancia de infec\u00e7\u00f5es respirat\u00f3rias em decorr\u00eancia de ondas mais intensas de frio e chuvas; aumento de viagens por causa das f\u00e9rias escolares e, no Nordeste, celebra\u00e7\u00f5es das festas juninas. Al\u00e9m disso, cresce a demanda por transfus\u00e3o de sangue motivada por um maior n\u00famero de acidentes nas estradas e elevado \u00edndice de casos de queimaduras, ocasionados pelos fogos de artif\u00edcios dos festejos juninos.<\/p>\n\n\n\n<p>Na programa\u00e7\u00e3o do Junho Vermelho, entre as participa\u00e7\u00f5es j\u00e1 est\u00e3o confirmadas a banda Tio Barnab\u00e9, no dia 05\/06; o cantor Del Feliz, em 09\/06; a Banda Flor de Milho, em 14\/06; e Adelm\u00e1rio Coelho, em 16\/06.<\/p>\n\n\n\n<p>No dia 14 de junho, ser\u00e1 celebrado o&nbsp;<strong><mark>Dia Mundial do Doador de Sangue<\/mark><\/strong>, data foi criada pela Organiza\u00e7\u00e3o Mundial de Sa\u00fade (OMS) para conscientizar sobre a necessidade dos hemocomponentes em diversos tratamentos e incentivar a doa\u00e7\u00e3o regular de sangue.<\/p>\n\n\n\n<h4 class=\"wp-block-heading\"><strong><mark>Onde doar<\/mark><\/strong><\/h4>\n\n\n\n<p><strong>UCT Hemoba \u2013 Senhor do Bonfim<\/strong><\/p>\n\n\n\n<ul class=\"wp-block-list\">\n<li><strong><mark>Endere\u00e7o:<\/mark><\/strong>\u00a0Pra\u00e7a Duque de Caxias, n\u00ba. 172, Centro \u2013 Cep: 48.970-000<br>Tel: (74) 3541-3256<\/li>\n\n\n\n<li><strong><mark>E-mail:<\/mark><\/strong>\u00a0uct.bonfim@hemoba.ba.gov.br<\/li>\n\n\n\n<li><strong><mark>Funcionamento:<\/mark><\/strong>\u00a0Segunda \u00e0 Sexta-feira : 7h30 \u00e0s 13h30 (coleta)<\/li>\n\n\n\n<li><strong><mark>Unidade Laborat\u00f3rio<\/mark><\/strong>\u00a0(dispensa\u00e7\u00e3o): 24 horas<\/li>\n<\/ul>\n\n\n\n<h4 class=\"wp-block-heading\"><strong><mark>Crit\u00e9rios para doa\u00e7\u00e3o<\/mark><\/strong><\/h4>\n\n\n\n<p>Para doar sangue, o candidato tem que estar em boas condi\u00e7\u00f5es de sa\u00fade, pesar acima de 50 kg e ter idade entre 16 e 69 anos. Lembrando que menores de 18 anos devem ir acompanhados dos pais ou respons\u00e1vel legal, e idosos acima de 60 anos s\u00f3 podem doar se j\u00e1 tiverem doado anteriormente.<\/p>\n\n\n\n<p>No dia da doa\u00e7\u00e3o, o volunt\u00e1rio n\u00e3o pode estar em jejum, n\u00e3o ter ingerido bebida alco\u00f3lica nas 12 horas anteriores \u00e0 doa\u00e7\u00e3o e n\u00e3o ter fumado por pelo menos duas horas antes do procedimento, al\u00e9m de ter dormido por no m\u00ednimo seis horas na noite anterior.<\/p>\n\n\n\n<p>Tamb\u00e9m \u00e9 recomend\u00e1vel que evite alimentos gordurosos nas \u00faltimas 4 horas anteriores ao procedimento. Para doar, \u00e9 necess\u00e1ria apresenta\u00e7\u00e3o de um documento com foto, emitido por \u00f3rg\u00e3o oficial e v\u00e1lido em todo o territ\u00f3rio nacional.<\/p>\n\n\n\n<p>blogdoeloiltoncajuhy<\/p>\n","protected":false},"excerpt":{"rendered":"<p>Com a campanha&nbsp;\u201cDoe sangue. \u00c9 tradi\u00e7\u00e3o que salva vidas\u201d, a Hemoba celebra o&nbsp;Junho Vermelho, iniciativa que objetiva conscientizar a sociedade sobre a import\u00e2ncia da doa\u00e7\u00e3o de sangue. A a\u00e7\u00e3o, que ter\u00e1 como padrinho o cantor e compositor Adelm\u00e1rio Coelho, busca incentivar as pessoas a doarem sangue de forma volunt\u00e1ria e altru\u00edsta. Em junho, pode diminuir [&hellip;]<\/p>\n","protected":false},"author":2,"featured_media":29995,"comment_status":"open","ping_status":"open","sticky":false,"template":"","format":"standard","meta":{"_jetpack_memberships_contains_paid_content":false,"footnotes":""},"categories":[3],"tags":[],"class_list":["post-29993","post","type-post","status-publish","format-standard","has-post-thumbnail","hentry","category-regional"],"aioseo_notices":[],"jetpack_featured_media_url":"https:\/\/i0.wp.com\/minutobahia24h.com.br\/wp-content\/uploads\/2025\/06\/Sem-titulo-8.jpg?fit=600%2C750&ssl=1","jetpack_sharing_enabled":true,"_links":{"self":[{"href":"https:\/\/minutobahia24h.com.br\/index.php?rest_route=\/wp\/v2\/posts\/29993","targetHints":{"allow":["GET"]}}],"collection":[{"href":"https:\/\/minutobahia24h.com.br\/index.php?rest_route=\/wp\/v2\/posts"}],"about":[{"href":"https:\/\/minutobahia24h.com.br\/index.php?rest_route=\/wp\/v2\/types\/post"}],"author":[{"embeddable":true,"href":"https:\/\/minutobahia24h.com.br\/index.php?rest_route=\/wp\/v2\/users\/2"}],"replies":[{"embeddable":true,"href":"https:\/\/minutobahia24h.com.br\/index.php?rest_route=%2Fwp%2Fv2%2Fcomments&post=29993"}],"version-history":[{"count":1,"href":"https:\/\/minutobahia24h.com.br\/index.php?rest_route=\/wp\/v2\/posts\/29993\/revisions"}],"predecessor-version":[{"id":29996,"href":"https:\/\/minutobahia24h.com.br\/index.php?rest_route=\/wp\/v2\/posts\/29993\/revisions\/29996"}],"wp:featuredmedia":[{"embeddable":true,"href":"https:\/\/minutobahia24h.com.br\/index.php?rest_route=\/wp\/v2\/media\/29995"}],"wp:attachment":[{"href":"https:\/\/minutobahia24h.com.br\/index.php?rest_route=%2Fwp%2Fv2%2Fmedia&parent=29993"}],"wp:term":[{"taxonomy":"category","embeddable":true,"href":"https:\/\/minutobahia24h.com.br\/index.php?rest_route=%2Fwp%2Fv2%2Fcategories&post=29993"},{"taxonomy":"post_tag","embeddable":true,"href":"https:\/\/minutobahia24h.com.br\/index.php?rest_route=%2Fwp%2Fv2%2Ftags&post=29993"}],"curies":[{"name":"wp","href":"https:\/\/api.w.org\/{rel}","templated":true}]}}