{"id":29984,"date":"2025-06-02T07:02:21","date_gmt":"2025-06-02T10:02:21","guid":{"rendered":"https:\/\/minutobahia24h.com.br\/?p=29984"},"modified":"2025-06-02T07:02:23","modified_gmt":"2025-06-02T10:02:23","slug":"feira-da-economia-solidaria-acontece-em-senhor-do-bonfim-nesta-terca-e-quarta-feira","status":"publish","type":"post","link":"https:\/\/minutobahia24h.com.br\/?p=29984","title":{"rendered":"Feira da Economia Solid\u00e1ria acontece em Senhor do Bonfim nesta ter\u00e7a e quarta-feira"},"content":{"rendered":"<div class=\"wp-block-image\">\n<figure class=\"aligncenter size-full\"><img data-recalc-dims=\"1\" fetchpriority=\"high\" decoding=\"async\" width=\"550\" height=\"545\" src=\"https:\/\/i0.wp.com\/minutobahia24h.com.br\/wp-content\/uploads\/2025\/06\/Sem-titulo-4.jpg?resize=550%2C545&#038;ssl=1\" alt=\"\" class=\"wp-image-29985\" srcset=\"https:\/\/i0.wp.com\/minutobahia24h.com.br\/wp-content\/uploads\/2025\/06\/Sem-titulo-4.jpg?w=550&amp;ssl=1 550w, https:\/\/i0.wp.com\/minutobahia24h.com.br\/wp-content\/uploads\/2025\/06\/Sem-titulo-4.jpg?resize=300%2C297&amp;ssl=1 300w, https:\/\/i0.wp.com\/minutobahia24h.com.br\/wp-content\/uploads\/2025\/06\/Sem-titulo-4.jpg?resize=150%2C150&amp;ssl=1 150w, https:\/\/i0.wp.com\/minutobahia24h.com.br\/wp-content\/uploads\/2025\/06\/Sem-titulo-4.jpg?resize=75%2C75&amp;ssl=1 75w\" sizes=\"(max-width: 550px) 100vw, 550px\" \/><\/figure>\n<\/div>\n\n\n<p>Durante os dias \ud83d\uddd3\ufe0f03 (ter\u00e7a)e 04 (quarta)de junho, o Cal\u00e7ad\u00e3o de Senhor do Bonfim recebe mais uma edi\u00e7\u00e3o da Feira da Economia Solid\u00e1ria. No clima dos festejos juninos \ud83e\ude97voc\u00ea encontrar\u00e1 diversos licores \ud83e\udd43tradicionais da cidade, comidas t\u00edpicas \ud83e\udd5cdoces, geleias, biscoitos, caf\u00e9s \u2615\ufe0f da regi\u00e3o, artesanatos e manualidades para decora\u00e7\u00e3o.<\/p>\n\n\n\n<p>Para animar ainda mais os expositores e visitantes, teremos apresenta\u00e7\u00f5es musicais com sanfoneiros \ud83e\ude97\ud83e\ude97\ud83c\udfb6\ud83c\udfb5\ud83c\udfa4para garantir aquele arrasta-p\u00e9 \ud83d\udc83\ud83d\udd7ae n\u00e3o deixar ningu\u00e9m parado. Venha valorizar e fortalecer a cultura, a tradi\u00e7\u00e3o e a economia local!!!<\/p>\n\n\n\n<p>\ud83d\udccc Cal\u00e7ad\u00e3o, dias 03 e 04 de junho, \ud83d\udd70\ufe0fdas 8h \u00e0s 18h.<\/p>\n\n\n\n<p>A Feira da Economia Solid\u00e1ria \u00e9 uma a\u00e7\u00e3o do\u00a0<a href=\"https:\/\/www.instagram.com\/govba\/\">@govba<\/a>\u00a0por meio da\u00a0<a href=\"https:\/\/www.instagram.com\/setrebahia\/\">@setrebahia<\/a>\u00a0e realizada pela\u00a0<a href=\"https:\/\/www.instagram.com\/adesba.com.br\/\">@adesba.com.br<\/a>\u00a0que nesta edi\u00e7\u00e3o tem os apoios do\u00a0<a href=\"https:\/\/www.instagram.com\/cesolpiemontedadiamantina\/\">@cesolpiemontedadiamantina<\/a>\u00a0e da\u00a0<a href=\"https:\/\/www.instagram.com\/prefbonfim\/\">@prefbonfim<\/a><\/p>\n","protected":false},"excerpt":{"rendered":"<p>Durante os dias \ud83d\uddd3\ufe0f03 (ter\u00e7a)e 04 (quarta)de junho, o Cal\u00e7ad\u00e3o de Senhor do Bonfim recebe mais uma edi\u00e7\u00e3o da Feira da Economia Solid\u00e1ria. No clima dos festejos juninos \ud83e\ude97voc\u00ea encontrar\u00e1 diversos licores \ud83e\udd43tradicionais da cidade, comidas t\u00edpicas \ud83e\udd5cdoces, geleias, biscoitos, caf\u00e9s \u2615\ufe0f da regi\u00e3o, artesanatos e manualidades para decora\u00e7\u00e3o. Para animar ainda mais os expositores [&hellip;]<\/p>\n","protected":false},"author":2,"featured_media":29985,"comment_status":"open","ping_status":"open","sticky":false,"template":"","format":"standard","meta":{"_jetpack_memberships_contains_paid_content":false,"footnotes":""},"categories":[3],"tags":[],"class_list":["post-29984","post","type-post","status-publish","format-standard","has-post-thumbnail","hentry","category-regional"],"aioseo_notices":[],"jetpack_featured_media_url":"https:\/\/i0.wp.com\/minutobahia24h.com.br\/wp-content\/uploads\/2025\/06\/Sem-titulo-4.jpg?fit=550%2C545&ssl=1","jetpack_sharing_enabled":true,"_links":{"self":[{"href":"https:\/\/minutobahia24h.com.br\/index.php?rest_route=\/wp\/v2\/posts\/29984","targetHints":{"allow":["GET"]}}],"collection":[{"href":"https:\/\/minutobahia24h.com.br\/index.php?rest_route=\/wp\/v2\/posts"}],"about":[{"href":"https:\/\/minutobahia24h.com.br\/index.php?rest_route=\/wp\/v2\/types\/post"}],"author":[{"embeddable":true,"href":"https:\/\/minutobahia24h.com.br\/index.php?rest_route=\/wp\/v2\/users\/2"}],"replies":[{"embeddable":true,"href":"https:\/\/minutobahia24h.com.br\/index.php?rest_route=%2Fwp%2Fv2%2Fcomments&post=29984"}],"version-history":[{"count":1,"href":"https:\/\/minutobahia24h.com.br\/index.php?rest_route=\/wp\/v2\/posts\/29984\/revisions"}],"predecessor-version":[{"id":29986,"href":"https:\/\/minutobahia24h.com.br\/index.php?rest_route=\/wp\/v2\/posts\/29984\/revisions\/29986"}],"wp:featuredmedia":[{"embeddable":true,"href":"https:\/\/minutobahia24h.com.br\/index.php?rest_route=\/wp\/v2\/media\/29985"}],"wp:attachment":[{"href":"https:\/\/minutobahia24h.com.br\/index.php?rest_route=%2Fwp%2Fv2%2Fmedia&parent=29984"}],"wp:term":[{"taxonomy":"category","embeddable":true,"href":"https:\/\/minutobahia24h.com.br\/index.php?rest_route=%2Fwp%2Fv2%2Fcategories&post=29984"},{"taxonomy":"post_tag","embeddable":true,"href":"https:\/\/minutobahia24h.com.br\/index.php?rest_route=%2Fwp%2Fv2%2Ftags&post=29984"}],"curies":[{"name":"wp","href":"https:\/\/api.w.org\/{rel}","templated":true}]}}