{"id":29936,"date":"2025-05-30T08:04:10","date_gmt":"2025-05-30T11:04:10","guid":{"rendered":"https:\/\/minutobahia24h.com.br\/?p=29936"},"modified":"2025-05-30T08:04:12","modified_gmt":"2025-05-30T11:04:12","slug":"pf-marca-depoimento-de-bolsonaro-em-inquerito-do-stf-contra-eduardo-bolsonaro","status":"publish","type":"post","link":"https:\/\/minutobahia24h.com.br\/?p=29936","title":{"rendered":"PF marca depoimento de Bolsonaro em inqu\u00e9rito do STF contra Eduardo Bolsonaro"},"content":{"rendered":"<div class=\"wp-block-image\">\n<figure class=\"aligncenter size-full\"><img data-recalc-dims=\"1\" fetchpriority=\"high\" decoding=\"async\" width=\"600\" height=\"420\" src=\"https:\/\/i0.wp.com\/minutobahia24h.com.br\/wp-content\/uploads\/2025\/05\/Sem-titulo-394.jpg?resize=600%2C420&#038;ssl=1\" alt=\"\" class=\"wp-image-29937\" srcset=\"https:\/\/i0.wp.com\/minutobahia24h.com.br\/wp-content\/uploads\/2025\/05\/Sem-titulo-394.jpg?w=600&amp;ssl=1 600w, https:\/\/i0.wp.com\/minutobahia24h.com.br\/wp-content\/uploads\/2025\/05\/Sem-titulo-394.jpg?resize=300%2C210&amp;ssl=1 300w\" sizes=\"(max-width: 600px) 100vw, 600px\" \/><figcaption class=\"wp-element-caption\">Foto: Marcelo Camargo\/Ag\u00eancia Brasil<br><\/figcaption><\/figure>\n<\/div>\n\n\n<p>A Pol\u00edcia Federal marcou para o dia 5 de junho, \u00e0s 15h, o depoimento do ex-presidente Jair Bolsonaro (PL) no inqu\u00e9rito que tramita no Supremo Tribunal Federal (STF) sobre a atua\u00e7\u00e3o do deputado Eduardo Bolsonaro (PL-SP) contra institui\u00e7\u00f5es brasileiras. A investiga\u00e7\u00e3o \u00e9 conduzida sob a relatoria do ministro Alexandre de Moraes.<\/p>\n\n\n\n<p>O caso foi aberto a pedido do procurador-geral da Rep\u00fablica, Paulo Gonet, que apontou poss\u00edveis crimes cometidos por Eduardo durante viagens aos Estados Unidos, onde teria feito articula\u00e7\u00f5es com autoridades estrangeiras contra integrantes do STF, da Procuradoria-Geral da Rep\u00fablica (PGR) e da Pol\u00edcia Federal (PF).<\/p>\n\n\n\n<p>Entre os epis\u00f3dios citados est\u00e1 a tentativa do deputado de convencer o governo Donald Trump a aplicar san\u00e7\u00f5es contra o ministro Alexandre de Moraes.<\/p>\n\n\n\n<p>A investiga\u00e7\u00e3o apura os crimes de coa\u00e7\u00e3o no curso do processo, obstru\u00e7\u00e3o de investiga\u00e7\u00e3o e aboli\u00e7\u00e3o violenta do Estado Democr\u00e1tico de Direito<\/p>\n\n\n\n<p>O depoimento de Jair Bolsonaro faz parte do esfor\u00e7o da PF em apurar o eventual envolvimento do ex-presidente nas articula\u00e7\u00f5es do filho com autoridades estrangeiras e nas ofensivas contra o Judici\u00e1rio brasileiro.<\/p>\n\n\n\n<p>Bahia.ba<\/p>\n","protected":false},"excerpt":{"rendered":"<p>A Pol\u00edcia Federal marcou para o dia 5 de junho, \u00e0s 15h, o depoimento do ex-presidente Jair Bolsonaro (PL) no inqu\u00e9rito que tramita no Supremo Tribunal Federal (STF) sobre a atua\u00e7\u00e3o do deputado Eduardo Bolsonaro (PL-SP) contra institui\u00e7\u00f5es brasileiras. A investiga\u00e7\u00e3o \u00e9 conduzida sob a relatoria do ministro Alexandre de Moraes. O caso foi aberto [&hellip;]<\/p>\n","protected":false},"author":2,"featured_media":29937,"comment_status":"open","ping_status":"open","sticky":false,"template":"","format":"standard","meta":{"_jetpack_memberships_contains_paid_content":false,"footnotes":""},"categories":[39],"tags":[],"class_list":["post-29936","post","type-post","status-publish","format-standard","has-post-thumbnail","hentry","category-politica"],"aioseo_notices":[],"jetpack_featured_media_url":"https:\/\/i0.wp.com\/minutobahia24h.com.br\/wp-content\/uploads\/2025\/05\/Sem-titulo-394.jpg?fit=600%2C420&ssl=1","jetpack_sharing_enabled":true,"_links":{"self":[{"href":"https:\/\/minutobahia24h.com.br\/index.php?rest_route=\/wp\/v2\/posts\/29936","targetHints":{"allow":["GET"]}}],"collection":[{"href":"https:\/\/minutobahia24h.com.br\/index.php?rest_route=\/wp\/v2\/posts"}],"about":[{"href":"https:\/\/minutobahia24h.com.br\/index.php?rest_route=\/wp\/v2\/types\/post"}],"author":[{"embeddable":true,"href":"https:\/\/minutobahia24h.com.br\/index.php?rest_route=\/wp\/v2\/users\/2"}],"replies":[{"embeddable":true,"href":"https:\/\/minutobahia24h.com.br\/index.php?rest_route=%2Fwp%2Fv2%2Fcomments&post=29936"}],"version-history":[{"count":1,"href":"https:\/\/minutobahia24h.com.br\/index.php?rest_route=\/wp\/v2\/posts\/29936\/revisions"}],"predecessor-version":[{"id":29938,"href":"https:\/\/minutobahia24h.com.br\/index.php?rest_route=\/wp\/v2\/posts\/29936\/revisions\/29938"}],"wp:featuredmedia":[{"embeddable":true,"href":"https:\/\/minutobahia24h.com.br\/index.php?rest_route=\/wp\/v2\/media\/29937"}],"wp:attachment":[{"href":"https:\/\/minutobahia24h.com.br\/index.php?rest_route=%2Fwp%2Fv2%2Fmedia&parent=29936"}],"wp:term":[{"taxonomy":"category","embeddable":true,"href":"https:\/\/minutobahia24h.com.br\/index.php?rest_route=%2Fwp%2Fv2%2Fcategories&post=29936"},{"taxonomy":"post_tag","embeddable":true,"href":"https:\/\/minutobahia24h.com.br\/index.php?rest_route=%2Fwp%2Fv2%2Ftags&post=29936"}],"curies":[{"name":"wp","href":"https:\/\/api.w.org\/{rel}","templated":true}]}}