{"id":29930,"date":"2025-05-30T08:01:12","date_gmt":"2025-05-30T11:01:12","guid":{"rendered":"https:\/\/minutobahia24h.com.br\/?p=29930"},"modified":"2025-05-30T08:01:14","modified_gmt":"2025-05-30T11:01:14","slug":"imposto-de-renda-2025-hoje-e-o-ultimo-dia-para-declaracao-7-milhoes-ainda-nao-entregaram","status":"publish","type":"post","link":"https:\/\/minutobahia24h.com.br\/?p=29930","title":{"rendered":"Imposto de Renda 2025: hoje \u00e9 o \u00faltimo dia para declara\u00e7\u00e3o; 7 milh\u00f5es ainda n\u00e3o entregaram"},"content":{"rendered":"<div class=\"wp-block-image\">\n<figure class=\"aligncenter size-full\"><img data-recalc-dims=\"1\" fetchpriority=\"high\" decoding=\"async\" width=\"800\" height=\"524\" src=\"https:\/\/i0.wp.com\/minutobahia24h.com.br\/wp-content\/uploads\/2025\/05\/Sem-titulo-392.jpg?resize=800%2C524&#038;ssl=1\" alt=\"\" class=\"wp-image-29931\" srcset=\"https:\/\/i0.wp.com\/minutobahia24h.com.br\/wp-content\/uploads\/2025\/05\/Sem-titulo-392.jpg?w=984&amp;ssl=1 984w, https:\/\/i0.wp.com\/minutobahia24h.com.br\/wp-content\/uploads\/2025\/05\/Sem-titulo-392.jpg?resize=300%2C196&amp;ssl=1 300w, https:\/\/i0.wp.com\/minutobahia24h.com.br\/wp-content\/uploads\/2025\/05\/Sem-titulo-392.jpg?resize=768%2C503&amp;ssl=1 768w, https:\/\/i0.wp.com\/minutobahia24h.com.br\/wp-content\/uploads\/2025\/05\/Sem-titulo-392.jpg?resize=750%2C491&amp;ssl=1 750w\" sizes=\"(max-width: 800px) 100vw, 800px\" \/><figcaption class=\"wp-element-caption\">Imposto de renda \u2014 Foto: Marcos Serra\/g1<br><br><\/figcaption><\/figure>\n<\/div>\n\n\n<p>O prazo para a entrega da declara\u00e7\u00e3o do Imposto de Renda 2025 termina nesta sexta-feira (30). Pela manh\u00e3 do \u00faltimo dia, mais de 39 milh\u00f5es de contribuintes j\u00e1 haviam enviado suas declara\u00e7\u00f5es.<\/p>\n\n\n\n<p><strong>A&nbsp;<\/strong><a class=\"\" href=\"https:\/\/g1.globo.com\/tudo-sobre\/receita-federal\/\"><strong>Receita Federal<\/strong><\/a><strong>, portanto, ainda aguardava o recebimento de 7 milh\u00f5es de declara\u00e7\u00f5es<\/strong>&nbsp;para&nbsp;<a class=\"\" href=\"https:\/\/g1.globo.com\/economia\/imposto-de-renda\/noticia\/2025\/03\/12\/imposto-de-renda-2025-receita-espera-receber-462-milhoes-de-declaracoes-neste-ano.ghtml\">atingir a estimativa total de 46,2 milh\u00f5es neste ano.<\/a><\/p>\n\n\n\n<p>Para quem ainda tem d\u00favidas ou n\u00e3o conseguiu reunir todos os documentos, especialistas recomendam que a declara\u00e7\u00e3o seja entregue dentro do prazo,&nbsp;<a class=\"\" href=\"https:\/\/g1.globo.com\/economia\/imposto-de-renda\/noticia\/2025\/05\/29\/imposto-de-renda-2025-prazo-acaba-nesta-sexta-entrega-da-declaracao-incompleta-evita-multa.ghtml\">mesmo que incompleta<\/a>, para evitar a aplica\u00e7\u00e3o de multa. Depois, \u00e9 poss\u00edvel fazer as corre\u00e7\u00f5es necess\u00e1rias.<\/p>\n\n\n\n<p><strong>\u26a0\ufe0f ATEN\u00c7\u00c3O:<\/strong>&nbsp;Ap\u00f3s o prazo final,&nbsp;<strong>n\u00e3o ser\u00e1 mais poss\u00edvel alterar o modelo da declara\u00e7\u00e3o<\/strong>&nbsp;\u2014 de simplificada para completa ou vice-versa. Quem n\u00e3o entregar a declara\u00e7\u00e3o dentro do prazo estar\u00e1 sujeito a multa e, em alguns casos,&nbsp;<a class=\"\" href=\"https:\/\/g1.globo.com\/economia\/imposto-de-renda\/noticia\/2025\/05\/12\/imposto-de-renda-2025-o-que-acontece-se-eu-nao-declarar.ghtml\">ficar com o nome sujo e ter o CPF apontado como irregular<\/a>&nbsp;pelo Fisco.<\/p>\n\n\n\n<p>O programa gerador da declara\u00e7\u00e3o do Imposto de Renda 2025 est\u00e1 dispon\u00edvel para download desde 13 de mar\u00e7o.&nbsp;<a class=\"\" href=\"https:\/\/g1.globo.com\/economia\/imposto-de-renda\/noticia\/2025\/03\/18\/imposto-de-renda-2025-veja-como-baixar-o-programa-para-declaracao.ghtml\"><strong>Veja aqui como baixar.<\/strong><\/a><\/p>\n\n\n\n<p>Nos links abaixo, voc\u00ea encontra respostas para as d\u00favidas mais frequentes, respondidas pelas reportagens do&nbsp;<a class=\"\" href=\"https:\/\/www.g1.com.br\/\" target=\"_blank\" rel=\"noreferrer noopener\"><strong>g1<\/strong><\/a>, com tudo o que \u00e9 necess\u00e1rio saber para preencher e enviar sua declara\u00e7\u00e3o corretamente.<\/p>\n\n\n\n<h2 class=\"wp-block-heading\">O que voc\u00ea precisa saber para fazer o IRPF 2025<\/h2>\n\n\n\n<ul class=\"wp-block-list\">\n<li><a class=\"\" href=\"https:\/\/g1.globo.com\/economia\/imposto-de-renda\/noticia\/2025\/04\/01\/imposto-de-renda-2025-veja-passo-a-passo-para-fazer-a-declaracao-pre-preenchida.ghtml\">Veja como fazer a declara\u00e7\u00e3o pr\u00e9-preenchida<\/a><\/li>\n\n\n\n<li><a class=\"\" href=\"https:\/\/g1.globo.com\/economia\/imposto-de-renda\/noticia\/2025\/03\/17\/imposto-de-renda-2025-prazo-comeca-nesta-segunda.ghtml\">Veja mudan\u00e7as e quem \u00e9 obrigado a declarar<\/a><\/li>\n\n\n\n<li><a class=\"\" href=\"https:\/\/g1.globo.com\/economia\/imposto-de-renda\/noticia\/2025\/03\/18\/imposto-de-renda-2025-veja-como-baixar-o-programa-para-declaracao.ghtml\">Veja como baixar o programa<\/a><\/li>\n\n\n\n<li><a class=\"\" href=\"https:\/\/g1.globo.com\/economia\/imposto-de-renda\/noticia\/2025\/03\/12\/imposto-de-renda-2025-veja-o-calendario-dos-lotes-de-restituicao.ghtml\">Veja o calend\u00e1rio dos lotes de restitui\u00e7\u00e3o<\/a><\/li>\n\n\n\n<li><a class=\"\" href=\"https:\/\/g1.globo.com\/economia\/imposto-de-renda\/noticia\/2025\/03\/12\/imposto-de-renda-2025-saiba-quais-sao-os-limites-para-as-deducoes.ghtml\">Entenda os limites para dedu\u00e7\u00e3o do Imposto de Renda<\/a><\/li>\n\n\n\n<li><a class=\"\" href=\"https:\/\/g1.globo.com\/economia\/imposto-de-renda\/noticia\/2025\/05\/22\/imposto-de-renda-2025-veja-a-tabela-de-aliquotas-e-saiba-como-fazer-o-calculo.ghtml\">Veja a tabela de al\u00edquotas e saiba como fazer o c\u00e1lculo<\/a><\/li>\n<\/ul>\n\n\n\n<h2 class=\"wp-block-heading\">Sou MEI, como fazer a declara\u00e7\u00e3o?<\/h2>\n\n\n\n<ul class=\"wp-block-list\">\n<li><a class=\"\" href=\"https:\/\/g1.globo.com\/economia\/imposto-de-renda\/noticia\/2025\/03\/24\/imposto-de-renda-2025-mei-precisa-declarar-como-pessoa-fisica-entenda-as-regras.ghtml\">MEI precisa declarar como pessoa f\u00edsica? Entenda as regras<\/a><\/li>\n\n\n\n<li><a class=\"\" href=\"https:\/\/g1.globo.com\/economia\/imposto-de-renda\/noticia\/2025\/05\/19\/imposto-de-renda-2025-quando-um-mei-e-obrigado-a-declarar-entenda-as-regras.ghtml\">Quando um MEI \u00e9 obrigado a declarar?<\/a><\/li>\n\n\n\n<li><a class=\"\" href=\"https:\/\/g1.globo.com\/empreendedorismo\/noticia\/2025\/05\/26\/ultrapassou-o-limite-de-faturamento-anual-do-mei-entenda-o-que-fazer-e-como-regularizar-a-situacao.ghtml\">Ultrapassou o limite de faturamento anual do MEI? Entenda o que fazer e como regularizar a situa\u00e7\u00e3o<\/a><\/li>\n<\/ul>\n\n\n\n<h2 class=\"wp-block-heading\">Como declarar renda obtida por &#8216;freelas&#8217;, trabalho aut\u00f4nomo ou informal?<\/h2>\n\n\n\n<ul class=\"wp-block-list\">\n<li><a class=\"\" href=\"https:\/\/g1.globo.com\/economia\/imposto-de-renda\/noticia\/2025\/03\/21\/imposto-de-renda-2025-como-declarar-renda-obtida-por-freelas-trabalho-autonomo-ou-informal.ghtml\">Entenda como declarar rendimentos obtidos por &#8216;freelas&#8217;, trabalho aut\u00f4nomo ou informal<\/a><\/li>\n<\/ul>\n\n\n\n<h2 class=\"wp-block-heading\">O que acontece se eu n\u00e3o declarar?<\/h2>\n\n\n\n<ul class=\"wp-block-list\">\n<li><a class=\"\" href=\"https:\/\/g1.globo.com\/economia\/imposto-de-renda\/noticia\/2025\/05\/12\/imposto-de-renda-2025-o-que-acontece-se-eu-nao-declarar.ghtml\">Entenda o que acontece se voc\u00ea n\u00e3o entregar a declara\u00e7\u00e3o do Imposto de Renda<\/a><\/li>\n<\/ul>\n\n\n\n<p><\/p>\n","protected":false},"excerpt":{"rendered":"<p>O prazo para a entrega da declara\u00e7\u00e3o do Imposto de Renda 2025 termina nesta sexta-feira (30). Pela manh\u00e3 do \u00faltimo dia, mais de 39 milh\u00f5es de contribuintes j\u00e1 haviam enviado suas declara\u00e7\u00f5es. A&nbsp;Receita Federal, portanto, ainda aguardava o recebimento de 7 milh\u00f5es de declara\u00e7\u00f5es&nbsp;para&nbsp;atingir a estimativa total de 46,2 milh\u00f5es neste ano. Para quem ainda [&hellip;]<\/p>\n","protected":false},"author":2,"featured_media":29931,"comment_status":"open","ping_status":"open","sticky":false,"template":"","format":"standard","meta":{"_jetpack_memberships_contains_paid_content":false,"footnotes":""},"categories":[19],"tags":[],"class_list":["post-29930","post","type-post","status-publish","format-standard","has-post-thumbnail","hentry","category-economia"],"aioseo_notices":[],"jetpack_featured_media_url":"https:\/\/i0.wp.com\/minutobahia24h.com.br\/wp-content\/uploads\/2025\/05\/Sem-titulo-392.jpg?fit=984%2C644&ssl=1","jetpack_sharing_enabled":true,"_links":{"self":[{"href":"https:\/\/minutobahia24h.com.br\/index.php?rest_route=\/wp\/v2\/posts\/29930","targetHints":{"allow":["GET"]}}],"collection":[{"href":"https:\/\/minutobahia24h.com.br\/index.php?rest_route=\/wp\/v2\/posts"}],"about":[{"href":"https:\/\/minutobahia24h.com.br\/index.php?rest_route=\/wp\/v2\/types\/post"}],"author":[{"embeddable":true,"href":"https:\/\/minutobahia24h.com.br\/index.php?rest_route=\/wp\/v2\/users\/2"}],"replies":[{"embeddable":true,"href":"https:\/\/minutobahia24h.com.br\/index.php?rest_route=%2Fwp%2Fv2%2Fcomments&post=29930"}],"version-history":[{"count":1,"href":"https:\/\/minutobahia24h.com.br\/index.php?rest_route=\/wp\/v2\/posts\/29930\/revisions"}],"predecessor-version":[{"id":29932,"href":"https:\/\/minutobahia24h.com.br\/index.php?rest_route=\/wp\/v2\/posts\/29930\/revisions\/29932"}],"wp:featuredmedia":[{"embeddable":true,"href":"https:\/\/minutobahia24h.com.br\/index.php?rest_route=\/wp\/v2\/media\/29931"}],"wp:attachment":[{"href":"https:\/\/minutobahia24h.com.br\/index.php?rest_route=%2Fwp%2Fv2%2Fmedia&parent=29930"}],"wp:term":[{"taxonomy":"category","embeddable":true,"href":"https:\/\/minutobahia24h.com.br\/index.php?rest_route=%2Fwp%2Fv2%2Fcategories&post=29930"},{"taxonomy":"post_tag","embeddable":true,"href":"https:\/\/minutobahia24h.com.br\/index.php?rest_route=%2Fwp%2Fv2%2Ftags&post=29930"}],"curies":[{"name":"wp","href":"https:\/\/api.w.org\/{rel}","templated":true}]}}