{"id":29926,"date":"2025-05-30T07:59:21","date_gmt":"2025-05-30T10:59:21","guid":{"rendered":"https:\/\/minutobahia24h.com.br\/?p=29926"},"modified":"2025-05-30T07:59:23","modified_gmt":"2025-05-30T10:59:23","slug":"governo-trump-enviou-carta-a-moraes-repreendendo-por-determinar-bloqueio-da-rede-social-rumble-diz-nyt","status":"publish","type":"post","link":"https:\/\/minutobahia24h.com.br\/?p=29926","title":{"rendered":"Governo Trump enviou carta a Moraes repreendendo por determinar bloqueio da rede social Rumble, diz NYT"},"content":{"rendered":"<div class=\"wp-block-image\">\n<figure class=\"aligncenter size-full\"><img data-recalc-dims=\"1\" fetchpriority=\"high\" decoding=\"async\" width=\"800\" height=\"451\" src=\"https:\/\/i0.wp.com\/minutobahia24h.com.br\/wp-content\/uploads\/2025\/05\/Sem-titulo-391.jpg?resize=800%2C451&#038;ssl=1\" alt=\"\" class=\"wp-image-29928\" srcset=\"https:\/\/i0.wp.com\/minutobahia24h.com.br\/wp-content\/uploads\/2025\/05\/Sem-titulo-391.jpg?w=884&amp;ssl=1 884w, https:\/\/i0.wp.com\/minutobahia24h.com.br\/wp-content\/uploads\/2025\/05\/Sem-titulo-391.jpg?resize=300%2C169&amp;ssl=1 300w, https:\/\/i0.wp.com\/minutobahia24h.com.br\/wp-content\/uploads\/2025\/05\/Sem-titulo-391.jpg?resize=768%2C433&amp;ssl=1 768w, https:\/\/i0.wp.com\/minutobahia24h.com.br\/wp-content\/uploads\/2025\/05\/Sem-titulo-391.jpg?resize=750%2C423&amp;ssl=1 750w\" sizes=\"(max-width: 800px) 100vw, 800px\" \/><figcaption class=\"wp-element-caption\">Presidente dos EUA, Donald Trump; e o ministro do STF, Alexandre de Moraes. \u2014 Foto: Jim WATSON \/ POOL \/ AFP e Brenno Carvalho \/ Ag\u00eancia O Globo<br><\/figcaption><\/figure>\n<\/div>\n\n\n<p>O<a class=\"\" href=\"https:\/\/cbn.globo.com\/mundo\/noticia\/2025\/05\/28\/governo-trump-anuncia-restricao-de-visto-que-pode-afetar-alexandre-de-moraes-entenda.ghtml\">&nbsp;governo dos Estados Unidos, por meio do Departamento de Justi\u00e7a, enviou uma carta ao ministro do STF Alexandre de Moraes<\/a>&nbsp;repreendendo ele por ordenar que a rede social Rumble seja bloqueada no Brasil e tamb\u00e9m pelo bloqueio das contas de um usu\u00e1rio espec\u00edfico.&nbsp;<a class=\"\" href=\"https:\/\/cbn.globo.com\/mundo\/noticia\/2025\/05\/28\/governo-trump-anuncia-restricao-de-visto-que-pode-afetar-alexandre-de-moraes-entenda.ghtml\">A informa\u00e7\u00e3o \u00e9 do jornal The New York Times.<\/a><\/p>\n\n\n\n<p>A publica\u00e7\u00e3o n\u00e3o diz o nome do usu\u00e1rio, por\u00e9m o perfil que Moraes pediu o bloqueio foi do blogueiro bolsonarista Allan dos Santos.<\/p>\n\n\n\n<p>O Departamento de Justi\u00e7a disse ao ministro que ele poderia aplicar leis no Brasil, mas que n\u00e3o poderia ordenar que empresas tomassem medidas espec\u00edficas nos Estados Unidos, como foi determinado por Alexandre. Ele tamb\u00e9m determinou o bloqueio do Rumble no Brasil em fevereiro deste ano.<\/p>\n\n\n\n<p>A carta foi enviada no in\u00edcio desse m\u00eas. No entanto, ao longo dos \u00faltimos dias, o governo Trump vem em uma ofensiva &#8211; seja direta ou indiretamente &#8211; de a\u00e7\u00f5es que poderiam atingir o ministro.<\/p>\n\n\n\n<p>Nessa semana, o secret\u00e1rio de Estado dos EUA, Marco Rubio, anunciou a restri\u00e7\u00e3o de visto contra autoridades de outros pa\u00edses que tentassem censurar americanos. Ele n\u00e3o revelou nomes, por\u00e9m aliados de Trump marcaram Moraes em publica\u00e7\u00f5es nas redes sociais.<\/p>\n\n\n\n<p>Rubio afirmou na semana passada que o governo americano iria impor alguma san\u00e7\u00e3o contra Moraes, mas n\u00e3o especificou o que seria. A fala foi feita em resposta ao deputado Cory Mills que acusou o Judici\u00e1rio brasileiro de promover uma &#8216;persegui\u00e7\u00e3o pol\u00edtica&#8217; contra o grupo pol\u00edtico do ex-presidente Jair Bolsonaro. A declara\u00e7\u00e3o ocorre em meio ao lobby do deputado licenciado, Eduardo Bolsonaro, com pol\u00edticos aliados norte-americanos. Ele est\u00e1 nos Estados Unidos, onde busca apoio pela anistia aos condenados do 8 de janeiro.<\/p>\n\n\n\n<blockquote class=\"wp-block-quote is-layout-flow wp-block-quote-is-layout-flow\">\n<p>&#8216;Hoje, anuncio uma nova pol\u00edtica de restri\u00e7\u00e3o de vistos que se aplicar\u00e1 a autoridades estrangeiras e pessoas c\u00famplices na censura de americanos. A liberdade de express\u00e3o \u00e9 essencial ao estilo de vida americano \u2013 um direito inato sobre o qual governos estrangeiros n\u00e3o t\u00eam autoridade&#8217;, afirmou o secret\u00e1rio em publica\u00e7\u00e3o nas redes.<\/p>\n<\/blockquote>\n\n\n\n<blockquote class=\"wp-block-quote is-layout-flow wp-block-quote-is-layout-flow\">\n<p>&#8216;Estrangeiros que trabalham para minar os direitos dos americanos n\u00e3o devem ter o privil\u00e9gio de viajar para o nosso pa\u00eds. Seja na Am\u00e9rica Latina, na Europa ou em qualquer outro lugar, os dias de tratamento passivo para aqueles que trabalham para minar os direitos dos americanos acabaram&#8217;, completou.<\/p>\n<\/blockquote>\n\n\n\n<p>A san\u00e7\u00e3o contra Moraes seria com base na Lei Magnitsky. Nela, h\u00e1 a permiss\u00e3o de punir qualquer estrangeiro envolvido em viola\u00e7\u00f5es de direitos humanos ou em caso de algum tipo de corrup\u00e7\u00e3o. Essa legisla\u00e7\u00e3o est\u00e1 em vigor nos Estados Unidos desde 2012.<\/p>\n\n\n\n<h2 class=\"wp-block-heading\">Rea\u00e7\u00f5es brasileiras<\/h2>\n\n\n\n<figure class=\"wp-block-image\"><img data-recalc-dims=\"1\" decoding=\"async\" src=\"https:\/\/i0.wp.com\/s2-cbn.glbimg.com\/x4SqmbE_LdvWBAQ1mUuXPFS4jcI%3D\/0x0%3A8256x5504\/984x0\/smart\/filters%3Astrip_icc%28%29\/i.s3.glbimg.com\/v1\/AUTH_d975fad146a14bbfad9e763717b09688\/internal_photos\/bs\/2025\/o\/A\/UxQ5akSuyCcZBpRLbbbg\/000-46t33vl-1-.jpg?w=800&#038;ssl=1\" alt=\"O presidente dos Estados Unidos, Donald Trump, em visita a tropas americanas no Catar \u2014 Foto: Brendan SMIALOWSKI \/ AFP\"\/><\/figure>\n\n\n\n<p>O presidente dos Estados Unidos, Donald Trump, em visita a tropas americanas no Catar \u2014 Foto: Brendan SMIALOWSKI \/ AFP<\/p>\n\n\n\n<p>Na \u00faltima semana, a amea\u00e7a dos Estados Unidos de impor algum tipo de san\u00e7\u00e3o ao ministro do STF, Alexandre de Moraes, gerou rea\u00e7\u00f5es do judici\u00e1rio brasileiro, do governo e tamb\u00e9m do Congresso. O ministro do STF, Gilmar Mendes, disse, nesta quarta-feira, que &#8220;n\u00e3o se pode admitir que agentes estrangeiros cerceiem o exerc\u00edcio da jurisdi\u00e7\u00e3o dom\u00e9stica&#8221;.<\/p>\n\n\n\n<p>Sem citar Moraes nem a amea\u00e7a feita pelo do chefe de Departamento de Estado do governo Donald Trump, Marco Rubio, Gilmar Mendes destacou que a experi\u00eancia brasileira mostrou nos \u00faltimos anos &#8220;que c\u00e2maras de eco e manifesta\u00e7\u00f5es extremistas corroem os fundamentos republicanos&#8221; e que &#8220;cabe a cada Estado, mediante aparato institucional pr\u00f3prio, salvaguardar preceitos democr\u00e1ticos&#8221;.<\/p>\n\n\n\n<p>A ministra de Rela\u00e7\u00f5es Institucionais, Gleisi Hoffmann, disse que &#8216;a conspira\u00e7\u00e3o de Bolsonaro com a extrema-direita dos Estados Unidos \u00e9 vergonhosa&#8217; e que a amea\u00e7a de san\u00e7\u00e3o merece rep\u00fadio.<\/p>\n\n\n\n<p>O l\u00edder do PT na C\u00e2mara, Lindbergh Farias, fez uma representa\u00e7\u00e3o contra Eduardo Bolsonaro e disse esperar uma posi\u00e7\u00e3o forte do governo.<\/p>\n\n\n\n<blockquote class=\"wp-block-quote is-layout-flow wp-block-quote-is-layout-flow\">\n<p>&#8216;Inclusive entrei com a representa\u00e7\u00e3o criminal agora contra Eduardo Bolsonaro por estar articulando fora do pa\u00eds por crime de coa\u00e7\u00e3o no curso do processo. Ou seja, tem um julgamento do pai dele, ele fica articulando com mentiras, dizendo que aqui n\u00e3o \u00e9 uma democracia. \u00c9 a continuidade do golpe contra o Estado Democr\u00e1tico e Direito que ele est\u00e1 fazendo. \u00c9 muito grave o que est\u00e1 acontecendo. Se houver de fato uma san\u00e7\u00e3o como essa, o governo brasileiro vai ter que tomar uma posi\u00e7\u00e3o muito dura.&#8217;<\/p>\n<\/blockquote>\n\n\n\n<p>A bancada petista soltou nota, em que repudia &#8220;qualquer tentativa de interfer\u00eancia externa em assuntos internos do pa\u00eds&#8221;, especialmente quando se trata de decis\u00e3o judicial para proteger o Estado Democr\u00e1tico de Direito.<\/p>\n\n\n\n<p>Caso tenha a\u00e7\u00f5es contra Moraes, os EUA devem entrar especialmente nos pontos de proibi\u00e7\u00e3o de viagem ao pa\u00eds, congelamento de bens no pa\u00eds e proibi\u00e7\u00e3o de qualquer empresa se relacionar economicamente com ele.<\/p>\n\n\n\n<h2 class=\"wp-block-heading\">Itamaraty atua nos bastidores<\/h2>\n\n\n\n<p>O Itamaraty atua nos bastidores e avalia a temperatura para abrir um canal de negocia\u00e7\u00e3o com o governo Trump diante da possibilidade de san\u00e7\u00f5es ao ministro Alexandre de Moraes, do Supremo Tribunal Federal (STF).<\/p>\n\n\n\n<p>Enquanto o governo brasileiro segue na linha do equil\u00edbrio e buscando o di\u00e1logo, a gest\u00e3o norte-americana apresenta resist\u00eancia. O ministro das Rela\u00e7\u00f5es Exteriores, Mauro Vieira, ainda n\u00e3o dialogou pessoalmente com o chefe da diplomacia americana, Marco Rubio. At\u00e9 mar\u00e7o, o diplomata j\u00e1 havia contatado 59 pa\u00edses e ignorava o Brasil.<\/p>\n\n\n\n<p>Nesta ter\u00e7a-feira (27), a embaixada dos Estados Unidos no pa\u00eds refor\u00e7ou que permanece o que Marco Rubio disse semana passada no Congresso americano, sobre a grande possibilidade de sancionar Moraes. Na pr\u00e1tica, as san\u00e7\u00f5es envolvem bloqueio de contas banc\u00e1rias, cancelamento de cart\u00f5es de cr\u00e9dito e restri\u00e7\u00f5es de entrada no pa\u00eds &#8211; e seria um caso in\u00e9dito no Brasil.<\/p>\n\n\n\n<p><\/p>\n","protected":false},"excerpt":{"rendered":"<p>O&nbsp;governo dos Estados Unidos, por meio do Departamento de Justi\u00e7a, enviou uma carta ao ministro do STF Alexandre de Moraes&nbsp;repreendendo ele por ordenar que a rede social Rumble seja bloqueada no Brasil e tamb\u00e9m pelo bloqueio das contas de um usu\u00e1rio espec\u00edfico.&nbsp;A informa\u00e7\u00e3o \u00e9 do jornal The New York Times. A publica\u00e7\u00e3o n\u00e3o diz o [&hellip;]<\/p>\n","protected":false},"author":2,"featured_media":29928,"comment_status":"open","ping_status":"open","sticky":false,"template":"","format":"standard","meta":{"_jetpack_memberships_contains_paid_content":false,"footnotes":""},"categories":[46],"tags":[],"class_list":["post-29926","post","type-post","status-publish","format-standard","has-post-thumbnail","hentry","category-noticia"],"aioseo_notices":[],"jetpack_featured_media_url":"https:\/\/i0.wp.com\/minutobahia24h.com.br\/wp-content\/uploads\/2025\/05\/Sem-titulo-391.jpg?fit=884%2C498&ssl=1","jetpack_sharing_enabled":true,"_links":{"self":[{"href":"https:\/\/minutobahia24h.com.br\/index.php?rest_route=\/wp\/v2\/posts\/29926","targetHints":{"allow":["GET"]}}],"collection":[{"href":"https:\/\/minutobahia24h.com.br\/index.php?rest_route=\/wp\/v2\/posts"}],"about":[{"href":"https:\/\/minutobahia24h.com.br\/index.php?rest_route=\/wp\/v2\/types\/post"}],"author":[{"embeddable":true,"href":"https:\/\/minutobahia24h.com.br\/index.php?rest_route=\/wp\/v2\/users\/2"}],"replies":[{"embeddable":true,"href":"https:\/\/minutobahia24h.com.br\/index.php?rest_route=%2Fwp%2Fv2%2Fcomments&post=29926"}],"version-history":[{"count":1,"href":"https:\/\/minutobahia24h.com.br\/index.php?rest_route=\/wp\/v2\/posts\/29926\/revisions"}],"predecessor-version":[{"id":29929,"href":"https:\/\/minutobahia24h.com.br\/index.php?rest_route=\/wp\/v2\/posts\/29926\/revisions\/29929"}],"wp:featuredmedia":[{"embeddable":true,"href":"https:\/\/minutobahia24h.com.br\/index.php?rest_route=\/wp\/v2\/media\/29928"}],"wp:attachment":[{"href":"https:\/\/minutobahia24h.com.br\/index.php?rest_route=%2Fwp%2Fv2%2Fmedia&parent=29926"}],"wp:term":[{"taxonomy":"category","embeddable":true,"href":"https:\/\/minutobahia24h.com.br\/index.php?rest_route=%2Fwp%2Fv2%2Fcategories&post=29926"},{"taxonomy":"post_tag","embeddable":true,"href":"https:\/\/minutobahia24h.com.br\/index.php?rest_route=%2Fwp%2Fv2%2Ftags&post=29926"}],"curies":[{"name":"wp","href":"https:\/\/api.w.org\/{rel}","templated":true}]}}