{"id":29905,"date":"2025-05-30T07:07:32","date_gmt":"2025-05-30T10:07:32","guid":{"rendered":"https:\/\/minutobahia24h.com.br\/?p=29905"},"modified":"2025-05-30T07:07:34","modified_gmt":"2025-05-30T10:07:34","slug":"vidraceiro-natural-de-queimadas-morre-em-acidente-de-trabalho-em-caldas-de-cipo","status":"publish","type":"post","link":"https:\/\/minutobahia24h.com.br\/?p=29905","title":{"rendered":"Vidraceiro natural de Queimadas morre em acidente de trabalho em Caldas de Cip\u00f3"},"content":{"rendered":"\n<figure class=\"wp-block-image size-full\"><img data-recalc-dims=\"1\" fetchpriority=\"high\" decoding=\"async\" width=\"800\" height=\"514\" src=\"https:\/\/i0.wp.com\/minutobahia24h.com.br\/wp-content\/uploads\/2025\/05\/Sem-titulo-383.jpg?resize=800%2C514&#038;ssl=1\" alt=\"\" class=\"wp-image-29906\" srcset=\"https:\/\/i0.wp.com\/minutobahia24h.com.br\/wp-content\/uploads\/2025\/05\/Sem-titulo-383.jpg?w=928&amp;ssl=1 928w, https:\/\/i0.wp.com\/minutobahia24h.com.br\/wp-content\/uploads\/2025\/05\/Sem-titulo-383.jpg?resize=300%2C193&amp;ssl=1 300w, https:\/\/i0.wp.com\/minutobahia24h.com.br\/wp-content\/uploads\/2025\/05\/Sem-titulo-383.jpg?resize=768%2C493&amp;ssl=1 768w, https:\/\/i0.wp.com\/minutobahia24h.com.br\/wp-content\/uploads\/2025\/05\/Sem-titulo-383.jpg?resize=750%2C482&amp;ssl=1 750w\" sizes=\"(max-width: 800px) 100vw, 800px\" \/><\/figure>\n\n\n\n<p>O vidraceiro Eliel Gon\u00e7alves, de 40 anos, natural de Pedrol\u00e2ndia, povoado do munic\u00edpio de Queimadas, morreu nesta quinta-feira (29), ap\u00f3s sofrer uma descarga el\u00e9trica enquanto trabalhava na cidade de Caldas de Cip\u00f3, no nordeste da Bahia.<\/p>\n\n\n\n<p>Segundo o site Not\u00edcias de Queimadas e Regi\u00e3o (NQ+), Eliel realizava a instala\u00e7\u00e3o de um vidro quando foi atingido por um choque el\u00e9trico e morreu ainda no local. As circunst\u00e2ncias exatas do acidente n\u00e3o foram divulgadas at\u00e9 o momento.<\/p>\n\n\n\n<p>O corpo da v\u00edtima foi encaminhado ao Departamento de Pol\u00edcia T\u00e9cnica (DPT) da cidade de Euclides da Cunha e dever\u00e1 ser sepultado nesta sexta-feira, 30, em Queimadas.<\/p>\n\n\n\n<p>Pouco antes do acidente, Eliel chegou a publicar um storie no Instagram com a frase: \u201cMais um dia pra buscar a tal sorte\u201d, o que gerou ainda mais como\u00e7\u00e3o entre amigos e familiares.<\/p>\n\n\n<div class=\"wp-block-image\">\n<figure class=\"aligncenter\" id=\"attachment_322086\"><img decoding=\"async\" src=\"https:\/\/i0.wp.com\/www.calilanoticias.com\/wp-content\/uploads\/2025\/05\/IMG_1156.jpeg?resize=650%2C1126&amp;ssl=1\" alt=\"\" class=\"wp-image-322086\"\/><figcaption class=\"wp-element-caption\">Screenshot<\/figcaption><\/figure>\n<\/div>\n\n\n<p>Al\u00e9m do trabalho como vidraceiro, Eliel era bastante conhecido no meio esportivo local. Atuava como zagueiro em campeonatos amadores em Queimadas e em outras cidades da regi\u00e3o, onde conquistou amizades e admiradores.<\/p>\n\n\n\n<p><strong>Casado com a ex-radialista e cantora coiteense Juciele Moreira, que est\u00e1 esperando o segundo filho<\/strong><\/p>\n\n\n\n<p>Eliel era casado com a coiteense Juciele Moreira, ex-radialista e ex-cantora, com quem teve um filho de 7 anos. O casal aguardava a chegada de uma menina, o segundo filho da uni\u00e3o.<\/p>\n\n\n\n<p>A morte repentina de Eliel causou grande como\u00e7\u00e3o em Queimadas e tamb\u00e9m em Concei\u00e7\u00e3o do Coit\u00e9, cidade natal de Juciele. Amigos, familiares e moradores das duas cidades expressaram solidariedade nas redes sociais e destacaram a trajet\u00f3ria simples, mas marcada por afeto e dedica\u00e7\u00e3o de Eliel \u00e0 fam\u00edlia e \u00e0 comunidade.<\/p>\n\n\n\n<p>agenciadc<\/p>\n","protected":false},"excerpt":{"rendered":"<p>O vidraceiro Eliel Gon\u00e7alves, de 40 anos, natural de Pedrol\u00e2ndia, povoado do munic\u00edpio de Queimadas, morreu nesta quinta-feira (29), ap\u00f3s sofrer uma descarga el\u00e9trica enquanto trabalhava na cidade de Caldas de Cip\u00f3, no nordeste da Bahia. Segundo o site Not\u00edcias de Queimadas e Regi\u00e3o (NQ+), Eliel realizava a instala\u00e7\u00e3o de um vidro quando foi atingido [&hellip;]<\/p>\n","protected":false},"author":2,"featured_media":29906,"comment_status":"open","ping_status":"open","sticky":false,"template":"","format":"standard","meta":{"_jetpack_memberships_contains_paid_content":false,"footnotes":""},"categories":[3],"tags":[],"class_list":["post-29905","post","type-post","status-publish","format-standard","has-post-thumbnail","hentry","category-regional"],"aioseo_notices":[],"jetpack_featured_media_url":"https:\/\/i0.wp.com\/minutobahia24h.com.br\/wp-content\/uploads\/2025\/05\/Sem-titulo-383.jpg?fit=928%2C596&ssl=1","jetpack_sharing_enabled":true,"_links":{"self":[{"href":"https:\/\/minutobahia24h.com.br\/index.php?rest_route=\/wp\/v2\/posts\/29905","targetHints":{"allow":["GET"]}}],"collection":[{"href":"https:\/\/minutobahia24h.com.br\/index.php?rest_route=\/wp\/v2\/posts"}],"about":[{"href":"https:\/\/minutobahia24h.com.br\/index.php?rest_route=\/wp\/v2\/types\/post"}],"author":[{"embeddable":true,"href":"https:\/\/minutobahia24h.com.br\/index.php?rest_route=\/wp\/v2\/users\/2"}],"replies":[{"embeddable":true,"href":"https:\/\/minutobahia24h.com.br\/index.php?rest_route=%2Fwp%2Fv2%2Fcomments&post=29905"}],"version-history":[{"count":1,"href":"https:\/\/minutobahia24h.com.br\/index.php?rest_route=\/wp\/v2\/posts\/29905\/revisions"}],"predecessor-version":[{"id":29907,"href":"https:\/\/minutobahia24h.com.br\/index.php?rest_route=\/wp\/v2\/posts\/29905\/revisions\/29907"}],"wp:featuredmedia":[{"embeddable":true,"href":"https:\/\/minutobahia24h.com.br\/index.php?rest_route=\/wp\/v2\/media\/29906"}],"wp:attachment":[{"href":"https:\/\/minutobahia24h.com.br\/index.php?rest_route=%2Fwp%2Fv2%2Fmedia&parent=29905"}],"wp:term":[{"taxonomy":"category","embeddable":true,"href":"https:\/\/minutobahia24h.com.br\/index.php?rest_route=%2Fwp%2Fv2%2Fcategories&post=29905"},{"taxonomy":"post_tag","embeddable":true,"href":"https:\/\/minutobahia24h.com.br\/index.php?rest_route=%2Fwp%2Fv2%2Ftags&post=29905"}],"curies":[{"name":"wp","href":"https:\/\/api.w.org\/{rel}","templated":true}]}}