{"id":29895,"date":"2025-05-30T07:02:09","date_gmt":"2025-05-30T10:02:09","guid":{"rendered":"https:\/\/minutobahia24h.com.br\/?p=29895"},"modified":"2025-05-30T07:02:11","modified_gmt":"2025-05-30T10:02:11","slug":"periodo-junino-em-petrolina-ja-esta-chegando-com-muitas-atracoes","status":"publish","type":"post","link":"https:\/\/minutobahia24h.com.br\/?p=29895","title":{"rendered":"Per\u00edodo junino em Petrolina j\u00e1 est\u00e1 chegando com muitas atra\u00e7\u00f5es"},"content":{"rendered":"<div class=\"wp-block-image\">\n<figure class=\"aligncenter size-full\"><img data-recalc-dims=\"1\" fetchpriority=\"high\" decoding=\"async\" width=\"697\" height=\"525\" src=\"https:\/\/i0.wp.com\/minutobahia24h.com.br\/wp-content\/uploads\/2025\/05\/Sem-titulo-380.jpg?resize=697%2C525&#038;ssl=1\" alt=\"\" class=\"wp-image-29896\" srcset=\"https:\/\/i0.wp.com\/minutobahia24h.com.br\/wp-content\/uploads\/2025\/05\/Sem-titulo-380.jpg?w=697&amp;ssl=1 697w, https:\/\/i0.wp.com\/minutobahia24h.com.br\/wp-content\/uploads\/2025\/05\/Sem-titulo-380.jpg?resize=300%2C226&amp;ssl=1 300w\" sizes=\"(max-width: 697px) 100vw, 697px\" \/><figcaption class=\"wp-element-caption\">Foto: Ascom PMP\/divulga\u00e7\u00e3o<br><\/figcaption><\/figure>\n<\/div>\n\n\n<p>O m\u00eas de junho est\u00e1 cada vez mais pr\u00f3ximo e, com ele, a profus\u00e3o de atra\u00e7\u00f5es t\u00edpicas dessa \u00e9poca do ano. Como j\u00e1 era de se esperar, a Prefeitura de Petrolina mais uma vez preparou uma s\u00e9rie de eventos juninos para n\u00e3o deixar ningu\u00e9m desanimado.<\/p>\n\n\n\n<p>A programa\u00e7\u00e3o do in\u00edcio de junho \u00e9 a seguinte:<\/p>\n\n\n\n<p><strong><u>Concurso de Quadrilhas Infantis<\/u><\/strong><\/p>\n\n\n\n<p>Data: 6\/06 \u2013 Sexta-feira<\/p>\n\n\n\n<p>Hor\u00e1rio: 17h<\/p>\n\n\n\n<p>Local: Quadra do Sesc Petrolina, Centro.<\/p>\n\n\n\n<p><strong><u>Concurso Dona Mo\u00e7a de Quadrilhas Juninas de Petrolina<\/u><\/strong><\/p>\n\n\n\n<p>Data: 7\/06 \u2013 S\u00e1bado<\/p>\n\n\n\n<p>Hor\u00e1rio: 18h<\/p>\n\n\n\n<p>Local: Quadra do Sesc Petrolina, Centro.<\/p>\n\n\n\n<p>Apoio: TV Grande Rio e Sesc<\/p>\n\n\n\n<p><strong><u>Concerto Junino Santa Sanfona \u2013 Philarmonica 21 de Setembro<\/u><\/strong><\/p>\n\n\n\n<p>Artista convidado: S\u00e9rgio do Forr\u00f3 e convidados<\/p>\n\n\n\n<p>Data: 9\/06 \u2013 Segunda-feira<\/p>\n\n\n\n<p>Hor\u00e1rio: 19h<\/p>\n\n\n\n<p>Local: Concha Ac\u00fastica<\/p>\n\n\n\n<p><strong><u>25\u00aa edi\u00e7\u00e3o do Concurso de Sanfoneiros<\/u><\/strong><\/p>\n\n\n\n<p>Data: 10\/06 \u2013 Ter\u00e7a-feira<\/p>\n\n\n\n<p>Hor\u00e1rio: 19h<\/p>\n\n\n\n<p>Local: Concha Ac\u00fastica<\/p>\n\n\n\n<p><strong><u>39\u00aa edi\u00e7\u00e3o do Festival de Violeiros<\/u><\/strong><\/p>\n\n\n\n<p>Data: 11\/06 \u2013 Quarta-feira<\/p>\n\n\n\n<p>Hor\u00e1rio: 19h<\/p>\n\n\n\n<p>Local: Concha Ac\u00fastica<\/p>\n\n\n\n<p><strong><u>Festa de Santo Ant\u00f4nio<\/u><\/strong><\/p>\n\n\n\n<p>Data: 13\/06 \u2013 Sexta-feira<\/p>\n\n\n\n<p>Hor\u00e1rio: 18h<\/p>\n\n\n\n<p>Local: Ilha do Massangano<\/p>\n\n\n\n<p>Programa\u00e7\u00e3o: Samba de veio e convidados<\/p>\n\n\n\n<p>carlosbritto<\/p>\n","protected":false},"excerpt":{"rendered":"<p>O m\u00eas de junho est\u00e1 cada vez mais pr\u00f3ximo e, com ele, a profus\u00e3o de atra\u00e7\u00f5es t\u00edpicas dessa \u00e9poca do ano. Como j\u00e1 era de se esperar, a Prefeitura de Petrolina mais uma vez preparou uma s\u00e9rie de eventos juninos para n\u00e3o deixar ningu\u00e9m desanimado. A programa\u00e7\u00e3o do in\u00edcio de junho \u00e9 a seguinte: Concurso [&hellip;]<\/p>\n","protected":false},"author":2,"featured_media":29896,"comment_status":"open","ping_status":"open","sticky":false,"template":"","format":"standard","meta":{"_jetpack_memberships_contains_paid_content":false,"footnotes":""},"categories":[3],"tags":[],"class_list":["post-29895","post","type-post","status-publish","format-standard","has-post-thumbnail","hentry","category-regional"],"aioseo_notices":[],"jetpack_featured_media_url":"https:\/\/i0.wp.com\/minutobahia24h.com.br\/wp-content\/uploads\/2025\/05\/Sem-titulo-380.jpg?fit=697%2C525&ssl=1","jetpack_sharing_enabled":true,"_links":{"self":[{"href":"https:\/\/minutobahia24h.com.br\/index.php?rest_route=\/wp\/v2\/posts\/29895","targetHints":{"allow":["GET"]}}],"collection":[{"href":"https:\/\/minutobahia24h.com.br\/index.php?rest_route=\/wp\/v2\/posts"}],"about":[{"href":"https:\/\/minutobahia24h.com.br\/index.php?rest_route=\/wp\/v2\/types\/post"}],"author":[{"embeddable":true,"href":"https:\/\/minutobahia24h.com.br\/index.php?rest_route=\/wp\/v2\/users\/2"}],"replies":[{"embeddable":true,"href":"https:\/\/minutobahia24h.com.br\/index.php?rest_route=%2Fwp%2Fv2%2Fcomments&post=29895"}],"version-history":[{"count":1,"href":"https:\/\/minutobahia24h.com.br\/index.php?rest_route=\/wp\/v2\/posts\/29895\/revisions"}],"predecessor-version":[{"id":29897,"href":"https:\/\/minutobahia24h.com.br\/index.php?rest_route=\/wp\/v2\/posts\/29895\/revisions\/29897"}],"wp:featuredmedia":[{"embeddable":true,"href":"https:\/\/minutobahia24h.com.br\/index.php?rest_route=\/wp\/v2\/media\/29896"}],"wp:attachment":[{"href":"https:\/\/minutobahia24h.com.br\/index.php?rest_route=%2Fwp%2Fv2%2Fmedia&parent=29895"}],"wp:term":[{"taxonomy":"category","embeddable":true,"href":"https:\/\/minutobahia24h.com.br\/index.php?rest_route=%2Fwp%2Fv2%2Fcategories&post=29895"},{"taxonomy":"post_tag","embeddable":true,"href":"https:\/\/minutobahia24h.com.br\/index.php?rest_route=%2Fwp%2Fv2%2Ftags&post=29895"}],"curies":[{"name":"wp","href":"https:\/\/api.w.org\/{rel}","templated":true}]}}