{"id":29884,"date":"2025-05-29T20:58:27","date_gmt":"2025-05-29T23:58:27","guid":{"rendered":"https:\/\/minutobahia24h.com.br\/?p=29884"},"modified":"2025-05-29T20:58:43","modified_gmt":"2025-05-29T23:58:43","slug":"camara-de-vereadores-de-andorinha-realiza-15a-sessao-ordinaria-com-destaque-para-proposicoes-culturais-e-sociais","status":"publish","type":"post","link":"https:\/\/minutobahia24h.com.br\/?p=29884","title":{"rendered":"C\u00e2mara de Vereadores de Andorinha realiza 15\u00aa Sess\u00e3o Ordin\u00e1ria com destaque para proposi\u00e7\u00f5es culturais e sociais"},"content":{"rendered":"<div class=\"wp-block-image\">\n<figure class=\"aligncenter size-large\"><img data-recalc-dims=\"1\" fetchpriority=\"high\" decoding=\"async\" width=\"800\" height=\"1000\" src=\"https:\/\/i0.wp.com\/minutobahia24h.com.br\/wp-content\/uploads\/2025\/05\/img-20250529-wa11954362705148242822887-819x1024.jpg?resize=800%2C1000&#038;ssl=1\" alt=\"\" class=\"wp-image-29883\" srcset=\"https:\/\/i0.wp.com\/minutobahia24h.com.br\/wp-content\/uploads\/2025\/05\/img-20250529-wa11954362705148242822887.jpg?resize=819%2C1024&amp;ssl=1 819w, https:\/\/i0.wp.com\/minutobahia24h.com.br\/wp-content\/uploads\/2025\/05\/img-20250529-wa11954362705148242822887.jpg?resize=240%2C300&amp;ssl=1 240w, https:\/\/i0.wp.com\/minutobahia24h.com.br\/wp-content\/uploads\/2025\/05\/img-20250529-wa11954362705148242822887.jpg?resize=768%2C960&amp;ssl=1 768w, https:\/\/i0.wp.com\/minutobahia24h.com.br\/wp-content\/uploads\/2025\/05\/img-20250529-wa11954362705148242822887.jpg?resize=750%2C938&amp;ssl=1 750w, https:\/\/i0.wp.com\/minutobahia24h.com.br\/wp-content\/uploads\/2025\/05\/img-20250529-wa11954362705148242822887.jpg?w=1080&amp;ssl=1 1080w\" sizes=\"(max-width: 800px) 100vw, 800px\" \/><\/figure>\n<\/div>\n\n\n<p>Na tarde desta quarta-feira (28), a C\u00e2mara Municipal de Andorinha realizou a 15\u00aa Sess\u00e3o Ordin\u00e1ria do primeiro per\u00edodo legislativo de 2025. A reuni\u00e3o foi conduzida pelo presidente da Casa, vereador Cleriston Grig\u00f3rio, e teve in\u00edcio com a leitura e aprova\u00e7\u00e3o da ata da sess\u00e3o anterior.<br><br>Na sequ\u00eancia, os parlamentares deram in\u00edcio \u00e0 leitura das mat\u00e9rias em tramita\u00e7\u00e3o, com destaque para proposi\u00e7\u00f5es voltadas \u00e0 valoriza\u00e7\u00e3o cultural, infraestrutura urbana, sa\u00fade e melhorias no servi\u00e7o p\u00fablico.<br><br>Entre os temas apresentados, o Projeto de Lei n\u00ba 005\/25, de autoria do vereador Ednilson Nascimento, prop\u00f5e o reconhecimento da tradicional Fogueira de Pedro \u00c2ngelo como patrim\u00f4nio cultural de natureza imaterial de Andorinha.<br><br>Tamb\u00e9m foi destaque a Mo\u00e7\u00e3o de Congratula\u00e7\u00e3o e Reconhecimento, de iniciativa do vereador Gilberto Pereira, em homenagem ao senhor Pedro Alves Damasceno, carinhosamente conhecido como \u201cProfessor\u201d, em reconhecimento \u00e0 sua contribui\u00e7\u00e3o para a educa\u00e7\u00e3o e para o desenvolvimento social, hist\u00f3rico e pol\u00edtico do munic\u00edpio. Aprovada por unanimidade!<br><br>Diversas indica\u00e7\u00f5es foram apresentadas pelos parlamentares:<br><br>\u2022\tIndica\u00e7\u00e3o n\u00ba 19\/25 (Fausta Amorim) \u2013 Solicita limpeza e capina na \u00e1rea frontal ao cemit\u00e9rio da Fazenda Queimada de Cima;<br>\u2022\tIndica\u00e7\u00e3o n\u00ba 18\/25 (Agnaldo Pinheiro) \u2013 Prop\u00f5e a constru\u00e7\u00e3o de um ponto de \u00f4nibus na comunidade de Algod\u00f5es;<br>\u2022\tIndica\u00e7\u00e3o n\u00ba 02\/25 (Cleriston Grig\u00f3rio) \u2013 Reivindica a aquisi\u00e7\u00e3o de uma UTI M\u00f3vel para atender situa\u00e7\u00f5es de urg\u00eancia e emerg\u00eancia no munic\u00edpio;<br>\u2022\tIndica\u00e7\u00e3o n\u00ba 31\/25 (Ednaldo Alves) \u2013 Solicita a constru\u00e7\u00e3o de canteiros em torno das \u00e1rvores na Pra\u00e7a Rubi Alves;<br>\u2022\tIndica\u00e7\u00f5es n\u00ba 08\/25, n\u00ba 09\/25, n\u00ba 10\/25 e n\u00ba 11\/25 (Ednaldo de Oliveira) \u2013 Prop\u00f5em, respectivamente, a restaura\u00e7\u00e3o da Barraca da Lol\u00f3; instala\u00e7\u00e3o de cobertura entre a lot\u00e9rica e os Correios; constru\u00e7\u00e3o de um cal\u00e7ad\u00e3o na Travessa Fortaleza; e revis\u00e3o na Lei Municipal n\u00ba 008\/14 sobre o sistema de tr\u00e2nsito;<br>\u2022\tIndica\u00e7\u00e3o n\u00ba 02\/25 (Gilberto Passos) \u2013 Solicita o servi\u00e7o de ro\u00e7agem na BA-220, que liga Andorinha a Senhor do Bonfim;<br>\u2022\tIndica\u00e7\u00e3o n\u00ba 18\/25 (Marinaldo de Oliveira) \u2013 Reivindica a aquisi\u00e7\u00e3o de um capuz capacete de oxigena\u00e7\u00e3o para a UPA Pablo Campos;<br>\u2022\tIndica\u00e7\u00e3o n\u00ba 19\/25 (Marinaldo de Oliveira) \u2013 Prop\u00f5e melhorias na Casa de Apoio localizada na capital do estado.<br><br>Ao final da sess\u00e3o, o presidente Cleriston Grig\u00f3rio encaminhou o Projeto de Lei n\u00ba 005\/25 para an\u00e1lise da Comiss\u00e3o de Cultura da Casa.<br><br>A C\u00e2mara de Vereadores de Andorinha segue empenhada em promover a\u00e7\u00f5es legislativas que atendam aos anseios da popula\u00e7\u00e3o, valorizando a cultura local e buscando melhorias concretas para o munic\u00edpio.<br><br>ASCOM \u2013 C\u00e2mara Municipal de Andorinha<\/p>\n","protected":false},"excerpt":{"rendered":"<p>Na tarde desta quarta-feira (28), a C\u00e2mara Municipal de Andorinha realizou a 15\u00aa Sess\u00e3o Ordin\u00e1ria do primeiro per\u00edodo legislativo de 2025. A reuni\u00e3o foi conduzida pelo presidente da Casa, vereador Cleriston Grig\u00f3rio, e teve in\u00edcio com a leitura e aprova\u00e7\u00e3o da ata da sess\u00e3o anterior. Na sequ\u00eancia, os parlamentares deram in\u00edcio \u00e0 leitura das mat\u00e9rias [&hellip;]<\/p>\n","protected":false},"author":2,"featured_media":29883,"comment_status":"open","ping_status":"open","sticky":false,"template":"","format":"standard","meta":{"_jetpack_memberships_contains_paid_content":false,"footnotes":""},"categories":[3],"tags":[55],"class_list":["post-29884","post","type-post","status-publish","format-standard","has-post-thumbnail","hentry","category-regional","tag-andorinha"],"aioseo_notices":[],"jetpack_featured_media_url":"https:\/\/i0.wp.com\/minutobahia24h.com.br\/wp-content\/uploads\/2025\/05\/img-20250529-wa11954362705148242822887.jpg?fit=1080%2C1350&ssl=1","jetpack_sharing_enabled":true,"_links":{"self":[{"href":"https:\/\/minutobahia24h.com.br\/index.php?rest_route=\/wp\/v2\/posts\/29884","targetHints":{"allow":["GET"]}}],"collection":[{"href":"https:\/\/minutobahia24h.com.br\/index.php?rest_route=\/wp\/v2\/posts"}],"about":[{"href":"https:\/\/minutobahia24h.com.br\/index.php?rest_route=\/wp\/v2\/types\/post"}],"author":[{"embeddable":true,"href":"https:\/\/minutobahia24h.com.br\/index.php?rest_route=\/wp\/v2\/users\/2"}],"replies":[{"embeddable":true,"href":"https:\/\/minutobahia24h.com.br\/index.php?rest_route=%2Fwp%2Fv2%2Fcomments&post=29884"}],"version-history":[{"count":1,"href":"https:\/\/minutobahia24h.com.br\/index.php?rest_route=\/wp\/v2\/posts\/29884\/revisions"}],"predecessor-version":[{"id":29885,"href":"https:\/\/minutobahia24h.com.br\/index.php?rest_route=\/wp\/v2\/posts\/29884\/revisions\/29885"}],"wp:featuredmedia":[{"embeddable":true,"href":"https:\/\/minutobahia24h.com.br\/index.php?rest_route=\/wp\/v2\/media\/29883"}],"wp:attachment":[{"href":"https:\/\/minutobahia24h.com.br\/index.php?rest_route=%2Fwp%2Fv2%2Fmedia&parent=29884"}],"wp:term":[{"taxonomy":"category","embeddable":true,"href":"https:\/\/minutobahia24h.com.br\/index.php?rest_route=%2Fwp%2Fv2%2Fcategories&post=29884"},{"taxonomy":"post_tag","embeddable":true,"href":"https:\/\/minutobahia24h.com.br\/index.php?rest_route=%2Fwp%2Fv2%2Ftags&post=29884"}],"curies":[{"name":"wp","href":"https:\/\/api.w.org\/{rel}","templated":true}]}}