{"id":29871,"date":"2025-05-29T07:33:03","date_gmt":"2025-05-29T10:33:03","guid":{"rendered":"https:\/\/minutobahia24h.com.br\/?p=29871"},"modified":"2025-05-29T07:33:05","modified_gmt":"2025-05-29T10:33:05","slug":"justica-dos-estados-unidos-bloqueia-tarifaco-de-trump","status":"publish","type":"post","link":"https:\/\/minutobahia24h.com.br\/?p=29871","title":{"rendered":"Justi\u00e7a dos Estados Unidos bloqueia tarifa\u00e7o de Trump"},"content":{"rendered":"<div class=\"wp-block-image\">\n<figure class=\"aligncenter size-full\"><img data-recalc-dims=\"1\" fetchpriority=\"high\" decoding=\"async\" width=\"800\" height=\"530\" src=\"https:\/\/i0.wp.com\/minutobahia24h.com.br\/wp-content\/uploads\/2025\/05\/Sem-titulo-378.jpg?resize=800%2C530&#038;ssl=1\" alt=\"\" class=\"wp-image-29872\" srcset=\"https:\/\/i0.wp.com\/minutobahia24h.com.br\/wp-content\/uploads\/2025\/05\/Sem-titulo-378.jpg?w=979&amp;ssl=1 979w, https:\/\/i0.wp.com\/minutobahia24h.com.br\/wp-content\/uploads\/2025\/05\/Sem-titulo-378.jpg?resize=300%2C199&amp;ssl=1 300w, https:\/\/i0.wp.com\/minutobahia24h.com.br\/wp-content\/uploads\/2025\/05\/Sem-titulo-378.jpg?resize=768%2C508&amp;ssl=1 768w, https:\/\/i0.wp.com\/minutobahia24h.com.br\/wp-content\/uploads\/2025\/05\/Sem-titulo-378.jpg?resize=750%2C496&amp;ssl=1 750w\" sizes=\"(max-width: 800px) 100vw, 800px\" \/><figcaption class=\"wp-element-caption\">Presidente dos EUA, Donald Trump, durante visita a Abu Dhabi, nos Emirados \u00c1rabes Unidos. \u2014 Foto: Brian Snyder\/ Reuters<br><br><\/figcaption><\/figure>\n<\/div>\n\n\n<p>Um tribunal de com\u00e9rcio dos Estados Unidos<strong>&nbsp;bloqueou nesta quarta-feira (28) as tarifas rec\u00edprocas anunciadas pelo presidente&nbsp;<\/strong><a class=\"\" href=\"https:\/\/g1.globo.com\/tudo-sobre\/donald-trump\/\"><strong>Donald Trump<\/strong><\/a><strong>.<\/strong>&nbsp;A medida tem efeito sobre o chamado&nbsp;<a class=\"\" href=\"https:\/\/g1.globo.com\/economia\/noticia\/2025\/04\/02\/trump-tarifas-reciprocas.ghtml\">&#8220;Dia da Liberta\u00e7\u00e3o&#8221;<\/a>, anunciado no in\u00edcio de abril.&nbsp;A Casa Branca informou que recorreu da decis\u00e3o.<\/p>\n\n\n\n<p>O bloqueio foi determinado por um colegiado de tr\u00eas ju\u00edzes do Tribunal de Com\u00e9rcio Internacional, com sede em Nova York. Diversas a\u00e7\u00f5es judiciais argumentam que Trump sujeitou a pol\u00edtica comercial dos EUA &#8220;aos seus caprichos&#8221; e, assim, &#8220;desencadeou um caos econ\u00f4mico&#8221;.<\/p>\n\n\n\n<p>Na decis\u00e3o, os magistrados afirmam que o presidente&nbsp;<strong>excedeu sua autoridade<\/strong>&nbsp;ao impor, com base em uma lei de poderes emergenciais, taxas generalizadas sobre produtos importados de diversos pa\u00edses.<\/p>\n\n\n\n<blockquote class=\"wp-block-quote is-layout-flow wp-block-quote-is-layout-flow\">\n<p>\u201cAs Ordens Tarif\u00e1rias Mundiais e Retaliat\u00f3rias excedem qualquer autoridade concedida ao Presidente pela IEEPA para regular importa\u00e7\u00f5es por meio de tarifas\u201d, escreveu o tribunal, referindo-se \u00e0 Lei Internacional de Poderes Econ\u00f4micos de Emerg\u00eancia de 1977 (IEEPA, na sigla em ingl\u00eas).<\/p>\n<\/blockquote>\n\n\n\n<p>O caso abre caminho para uma disputa judicial que pode chegar \u00e0 Suprema Corte do pa\u00eds.<\/p>\n\n\n\n<p>O presidente norte-americano revelou seu tarifa\u00e7o no dia 2 de abril. A medida, de alcance global, estabeleceu&nbsp;<a class=\"\" href=\"https:\/\/g1.globo.com\/economia\/noticia\/2025\/04\/02\/trump-tarifas-reciprocas.ghtml\"><strong>taxas de 10% a 50% sobre a importa\u00e7\u00e3o de itens de mais de 180 pa\u00edses<\/strong><\/a><strong>.<\/strong><\/p>\n\n\n\n<p>A \u00c1sia foi o continente que recebeu as maiores tarifas. A al\u00edquota anunciada por Trump para a China, por exemplo, foi de 34% \u2014 somando-se a taxas j\u00e1 em vigor contra o pa\u00eds. A decis\u00e3o desencadeou&nbsp;<a class=\"\" href=\"https:\/\/g1.globo.com\/economia\/noticia\/2025\/04\/13\/eua-x-china-lance-a-lance-a-escalada-de-tarifas-e-ameacas-que-mudou-o-jogo-da-economia-mundial-em-poucos-dias.ghtml\">uma forte escalada da comercial entre as duas maiores economias do mundo<\/a>.<\/p>\n\n\n\n<p>O &#8220;Dia da Liberta\u00e7\u00e3o&#8221; tamb\u00e9m atingiu o Brasil.&nbsp;<a class=\"\" href=\"https:\/\/g1.globo.com\/economia\/noticia\/2025\/04\/13\/tarifas-de-trump-trazem-desafios-imediatos-para-o-brasil-mas-podem-gerar-oportunidades-apontam-economistas.ghtml\">O republicano anunciou a cobran\u00e7a de 10% sobre a importa\u00e7\u00e3o de produtos brasileiros<\/a>, enquadrando o pa\u00eds na faixa m\u00ednima de seu tarifa\u00e7o.<\/p>\n\n\n\n<p>Ainda no in\u00edcio de abril, Trump&nbsp;<a class=\"\" href=\"https:\/\/g1.globo.com\/economia\/noticia\/2025\/04\/09\/trump-recua-do-tarifaco.ghtml\">anunciou uma &#8220;pausa&#8221; de 90 dias<\/a>&nbsp;nas tarifas rec\u00edprocas. Na pr\u00e1tica, ele manteve em 10% as taxas de importa\u00e7\u00e3o contra todos os pa\u00edses \u2014 exceto a China, que permaneceu com al\u00edquota elevada. A previs\u00e3o \u00e9 que o tarifa\u00e7o seja retomado integralmente em 8 de julho.<\/p>\n\n\n\n<h2 class=\"wp-block-heading\">Contesta\u00e7\u00f5es na Justi\u00e7a<\/h2>\n\n\n\n<p>Pelo menos&nbsp;<strong>sete a\u00e7\u00f5es judiciais contestam o tarifa\u00e7o de Trump<\/strong>&nbsp;\u2014 medida considerada o principal pilar de sua pol\u00edtica comercial.<\/p>\n\n\n\n<p>Uma delas foi movida por um grupo de pequenas empresas, incluindo a importadora de vinhos V.O.S. Selections. O propriet\u00e1rio da empresa alega, por exemplo, que as tarifas podem levar seus neg\u00f3cios \u00e0 fal\u00eancia. Al\u00e9m disso,&nbsp;<strong>12 estados americanos moveram a\u00e7\u00f5es, liderados por Oregon.<\/strong><\/p>\n\n\n\n<blockquote class=\"wp-block-quote is-layout-flow wp-block-quote-is-layout-flow\">\n<p>\u201cA decis\u00e3o [desta quarta] reafirma que nossas leis importam e que decis\u00f5es comerciais n\u00e3o podem ser tomadas ao sabor dos caprichos do presidente\u201d, disse o procurador-geral do estado, Dan Rayfield.<\/p>\n<\/blockquote>\n\n\n\n<p>Apesar de as tarifas precisarem de aprova\u00e7\u00e3o pelo Congresso, Trump alega ter poder para agir sozinho.<\/p>\n\n\n\n<p>O presidente argumenta que o d\u00e9ficit da balan\u00e7a comercial dos EUA \u2014 ou seja, gastos maiores com importa\u00e7\u00f5es do que ganhos com exporta\u00e7\u00f5es \u2014 representa uma emerg\u00eancia nacional. A justificativa \u00e9 questionada nos tribunais.<\/p>\n\n\n\n<p>Os autores das a\u00e7\u00f5es&nbsp;<strong>afirmam que a lei de poderes emergenciais n\u00e3o autoriza o uso de tarifas<\/strong>&nbsp;e, mesmo que autorizasse,&nbsp;<strong>o d\u00e9ficit comercial n\u00e3o atende aos requisitos legais.<\/strong><\/p>\n\n\n\n<p>Segundo as pe\u00e7as, uma emerg\u00eancia s\u00f3 pode ser declarada diante de uma \u201camea\u00e7a incomum e extraordin\u00e1ria\u201d.<\/p>\n\n\n\n<p>Por outro lado, o governo argumenta que a Justi\u00e7a aprovou o uso emergencial de tarifas pelo ex-presidente Richard Nixon, em 1971. Diz tamb\u00e9m que apenas o Congresso \u2014 e n\u00e3o o Judici\u00e1rio \u2014 pode determinar se a justificativa do presidente para declarar uma emerg\u00eancia est\u00e1 de acordo com a lei.<\/p>\n\n\n\n<h2 class=\"wp-block-heading\">Medidas anteriores e impacto nos mercados<\/h2>\n\n\n\n<p>A imposi\u00e7\u00e3o de tarifas a mais de 180 pa\u00edses faz parte da estrat\u00e9gia de Trump para barganhar acordos pol\u00edticos e reverter os grandes e persistentes d\u00e9ficits comerciais dos EUA.&nbsp;<strong>H\u00e1 49 anos consecutivos o pa\u00eds acumula um d\u00e9ficit comercial com o resto do mundo.<\/strong><\/p>\n\n\n\n<p>No in\u00edcio deste mandato, Trump j\u00e1 havia imposto tarifas sobre importa\u00e7\u00f5es do Canad\u00e1, China e M\u00e9xico. A estrat\u00e9gia foi usada, entre outros motivos, para conter o fluxo ilegal de imigrantes e de opioides sint\u00e9ticos na fronteira americana.<\/p>\n\n\n\n<p>Nos \u00faltimos meses, Trump tamb\u00e9m aplicou tarifas sobre setores espec\u00edficos, como o de autom\u00f3veis, a\u00e7o e alum\u00ednio. Sobrou inclusive para a ind\u00fastria cinematogr\u00e1fica: neste m\u00eas,&nbsp;<a class=\"\" href=\"https:\/\/g1.globo.com\/economia\/noticia\/2025\/05\/04\/trump-quer-tarifa-de-100percent-para-filmes-estrangeiros.ghtml\">o republicano anunciou uma tarifa de 100% sobre filmes produzidos fora dos EUA e enviados ao pa\u00eds<\/a>.<\/p>\n\n\n\n<p>Os primeiros sinais da guerra tarif\u00e1ria do presidente norte-americano foram o suficiente para impactar os mercados financeiros. Foi o \u201cDia da Liberta\u00e7\u00e3o\u201d, no entanto, o respons\u00e1vel pelo maior abalo aos mercados globais.<\/p>\n\n\n\n<p>Ap\u00f3s o tarifa\u00e7o,&nbsp;<a class=\"\" href=\"https:\/\/g1.globo.com\/economia\/noticia\/2025\/04\/04\/bolsas-dos-eua-derretem-em-semana-de-tarifaco-de-trump-e-retaliacao-da-china.ghtml\">bolsas de valores derreteram ao redor do mundo<\/a>. Muitos economistas passaram a temer um cen\u00e1rio de recess\u00e3o na economia americana, especialmente diante da escalada de tarifas entre EUA e China \u2014 que chegaram a 145% e 125%, respectivamente.<\/p>\n\n\n\n<p>Em 12 de maio, por\u00e9m, os temores diminu\u00edram, ap\u00f3s&nbsp;<a class=\"\" href=\"https:\/\/g1.globo.com\/mundo\/noticia\/2025\/05\/12\/china-e-eua-acordo-negociacoes-do-tarifaco.ghtml\">os dois pa\u00edses chegarem a um acordo com redu\u00e7\u00e3o das taxas rec\u00edprocas por 90 dias<\/a>.<\/p>\n\n\n\n<p><em>* Com informa\u00e7\u00f5es da Reuters e da Associated Press.<\/em><\/p>\n","protected":false},"excerpt":{"rendered":"<p>Um tribunal de com\u00e9rcio dos Estados Unidos&nbsp;bloqueou nesta quarta-feira (28) as tarifas rec\u00edprocas anunciadas pelo presidente&nbsp;Donald Trump.&nbsp;A medida tem efeito sobre o chamado&nbsp;&#8220;Dia da Liberta\u00e7\u00e3o&#8221;, anunciado no in\u00edcio de abril.&nbsp;A Casa Branca informou que recorreu da decis\u00e3o. O bloqueio foi determinado por um colegiado de tr\u00eas ju\u00edzes do Tribunal de Com\u00e9rcio Internacional, com sede em [&hellip;]<\/p>\n","protected":false},"author":2,"featured_media":29872,"comment_status":"open","ping_status":"open","sticky":false,"template":"","format":"standard","meta":{"_jetpack_memberships_contains_paid_content":false,"footnotes":""},"categories":[15],"tags":[],"class_list":["post-29871","post","type-post","status-publish","format-standard","has-post-thumbnail","hentry","category-mundo"],"aioseo_notices":[],"jetpack_featured_media_url":"https:\/\/i0.wp.com\/minutobahia24h.com.br\/wp-content\/uploads\/2025\/05\/Sem-titulo-378.jpg?fit=979%2C648&ssl=1","jetpack_sharing_enabled":true,"_links":{"self":[{"href":"https:\/\/minutobahia24h.com.br\/index.php?rest_route=\/wp\/v2\/posts\/29871","targetHints":{"allow":["GET"]}}],"collection":[{"href":"https:\/\/minutobahia24h.com.br\/index.php?rest_route=\/wp\/v2\/posts"}],"about":[{"href":"https:\/\/minutobahia24h.com.br\/index.php?rest_route=\/wp\/v2\/types\/post"}],"author":[{"embeddable":true,"href":"https:\/\/minutobahia24h.com.br\/index.php?rest_route=\/wp\/v2\/users\/2"}],"replies":[{"embeddable":true,"href":"https:\/\/minutobahia24h.com.br\/index.php?rest_route=%2Fwp%2Fv2%2Fcomments&post=29871"}],"version-history":[{"count":1,"href":"https:\/\/minutobahia24h.com.br\/index.php?rest_route=\/wp\/v2\/posts\/29871\/revisions"}],"predecessor-version":[{"id":29873,"href":"https:\/\/minutobahia24h.com.br\/index.php?rest_route=\/wp\/v2\/posts\/29871\/revisions\/29873"}],"wp:featuredmedia":[{"embeddable":true,"href":"https:\/\/minutobahia24h.com.br\/index.php?rest_route=\/wp\/v2\/media\/29872"}],"wp:attachment":[{"href":"https:\/\/minutobahia24h.com.br\/index.php?rest_route=%2Fwp%2Fv2%2Fmedia&parent=29871"}],"wp:term":[{"taxonomy":"category","embeddable":true,"href":"https:\/\/minutobahia24h.com.br\/index.php?rest_route=%2Fwp%2Fv2%2Fcategories&post=29871"},{"taxonomy":"post_tag","embeddable":true,"href":"https:\/\/minutobahia24h.com.br\/index.php?rest_route=%2Fwp%2Fv2%2Ftags&post=29871"}],"curies":[{"name":"wp","href":"https:\/\/api.w.org\/{rel}","templated":true}]}}