{"id":29862,"date":"2025-05-29T07:27:06","date_gmt":"2025-05-29T10:27:06","guid":{"rendered":"https:\/\/minutobahia24h.com.br\/?p=29862"},"modified":"2025-05-29T07:27:08","modified_gmt":"2025-05-29T10:27:08","slug":"camara-aprova-campanha-sobre-uso-consciente-de-tecnologias-digitais","status":"publish","type":"post","link":"https:\/\/minutobahia24h.com.br\/?p=29862","title":{"rendered":"C\u00e2mara aprova campanha sobre uso consciente de tecnologias digitais"},"content":{"rendered":"<div class=\"wp-block-image\">\n<figure class=\"aligncenter size-large\"><img data-recalc-dims=\"1\" fetchpriority=\"high\" decoding=\"async\" width=\"800\" height=\"400\" src=\"https:\/\/i0.wp.com\/minutobahia24h.com.br\/wp-content\/uploads\/2025\/05\/Sem-titulo-375-1024x512.jpg?resize=800%2C400&#038;ssl=1\" alt=\"\" class=\"wp-image-29863\" srcset=\"https:\/\/i0.wp.com\/minutobahia24h.com.br\/wp-content\/uploads\/2025\/05\/Sem-titulo-375.jpg?resize=1024%2C512&amp;ssl=1 1024w, https:\/\/i0.wp.com\/minutobahia24h.com.br\/wp-content\/uploads\/2025\/05\/Sem-titulo-375.jpg?resize=300%2C150&amp;ssl=1 300w, https:\/\/i0.wp.com\/minutobahia24h.com.br\/wp-content\/uploads\/2025\/05\/Sem-titulo-375.jpg?resize=768%2C384&amp;ssl=1 768w, https:\/\/i0.wp.com\/minutobahia24h.com.br\/wp-content\/uploads\/2025\/05\/Sem-titulo-375.jpg?resize=1536%2C768&amp;ssl=1 1536w, https:\/\/i0.wp.com\/minutobahia24h.com.br\/wp-content\/uploads\/2025\/05\/Sem-titulo-375.jpg?resize=360%2C180&amp;ssl=1 360w, https:\/\/i0.wp.com\/minutobahia24h.com.br\/wp-content\/uploads\/2025\/05\/Sem-titulo-375.jpg?resize=750%2C375&amp;ssl=1 750w, https:\/\/i0.wp.com\/minutobahia24h.com.br\/wp-content\/uploads\/2025\/05\/Sem-titulo-375.jpg?resize=1140%2C570&amp;ssl=1 1140w, https:\/\/i0.wp.com\/minutobahia24h.com.br\/wp-content\/uploads\/2025\/05\/Sem-titulo-375.jpg?w=1600&amp;ssl=1 1600w\" sizes=\"(max-width: 800px) 100vw, 800px\" \/><\/figure>\n<\/div>\n\n\n<p>A C\u00e2mara dos Deputados aprovou, nesta quarta-feira (28), o Projeto de Lei (PL) 3.224\/2024, que visa sensibilizar a sociedade sobre o uso consciente da tecnologia digital. A proposta, aprovada por 277 votos favor\u00e1veis e 123 contr\u00e1rios, prev\u00ea a realiza\u00e7\u00e3o de campanha anual, no m\u00eas de abril, para alertar sobre riscos potenciais do uso excessivo de redes sociais, jogos eletr\u00f4nicos, conte\u00fados audiovisuais e outras aplica\u00e7\u00f5es de internet.<\/p>\n\n\n\n<p>O texto segue para o Senado. O projeto \u00e9 de autoria do deputado Dorinaldo Malafaia (PDT-AP).<img data-recalc-dims=\"1\" decoding=\"async\" data-src=\"https:\/\/i0.wp.com\/agenciabrasil.ebc.com.br\/ebc.png?w=800&#038;ssl=1\" src=\"data:image\/gif;base64,R0lGODlhAQABAAAAACH5BAEKAAEALAAAAAABAAEAAAICTAEAOw==\" class=\"lazyload\"><noscript><img data-recalc-dims=\"1\" decoding=\"async\" src=\"https:\/\/i0.wp.com\/agenciabrasil.ebc.com.br\/ebc.png?w=800&#038;ssl=1\"><\/noscript><img data-recalc-dims=\"1\" decoding=\"async\" data-src=\"https:\/\/i0.wp.com\/agenciabrasil.ebc.com.br\/ebc.gif?w=800&#038;ssl=1\" src=\"data:image\/gif;base64,R0lGODlhAQABAAAAACH5BAEKAAEALAAAAAABAAEAAAICTAEAOw==\" class=\"lazyload\"><noscript><img data-recalc-dims=\"1\" decoding=\"async\" src=\"https:\/\/i0.wp.com\/agenciabrasil.ebc.com.br\/ebc.gif?w=800&#038;ssl=1\"><\/noscript><\/p>\n\n\n\n<p>As a\u00e7\u00f5es da campanha dever\u00e3o ser realizadas nas institui\u00e7\u00f5es de ensino, de sa\u00fade, de comunica\u00e7\u00e3o e de prote\u00e7\u00e3o \u00e0 crian\u00e7a e ao adolescente e dever\u00e3o pautar o repasse de informa\u00e7\u00f5es sobre o uso respons\u00e1vel e moderado da tecnologia digital e os riscos potenciais do seu uso excessivo na sa\u00fade mental, f\u00edsica e emocional das pessoas, em especial de crian\u00e7as e adolescentes.<\/p>\n\n\n\n<p>Segundo a Sociedade Brasileira de Pediatria (SBP), o uso excessivo de tecnologias digitais, tem afetado negativamente a sa\u00fade de crian\u00e7as e adolescentes, especialmente nos aspectos relacionados \u00e0 qualidade do sono, al\u00e9m de gerar fadiga ocular e danos \u00e0 vis\u00e3o. O aumento da ansiedade e danos ao desenvolvimento cognitivo das crian\u00e7as tamb\u00e9m foram apontados como efeitos do uso excessivo de telas.<\/p>\n\n\n\n<p>A relatora da proposta, deputada Duda Salabert (PDT-MG), disse que as tecnologias digitais representam um avan\u00e7o em diversas \u00e1reas da vida humana, mas ressaltou que o uso abusivo tem gerado cada vez mais riscos \u00e0 sa\u00fade das pessoas e ao bem-estar da sociedade.<\/p>\n\n\n\n<blockquote class=\"wp-block-quote is-layout-flow wp-block-quote-is-layout-flow\">\n<p>\u201cNesse sentido, precisamos proteger nossos jovens e crian\u00e7as dos malef\u00edcios da tecnologia. N\u00e3o se trata de condenar o uso da tecnologia, mas de garantir a maximiza\u00e7\u00e3o dos benef\u00edcios e a redu\u00e7\u00e3o dos preju\u00edzos\u201d, apontou. \u201cPais, educadores, respons\u00e1veis, profissionais de sa\u00fade e os pr\u00f3prios jovens e crian\u00e7as devem ter consci\u00eancia das implica\u00e7\u00f5es do uso prolongado ou excessivo de tecnologia digital\u201d, concluiu.<\/p>\n<\/blockquote>\n\n\n\n<p>O texto diz que jogos eletr\u00f4nicos, aplica\u00e7\u00f5es de internet e dispositivos eletr\u00f4nicos destinados predominantemente ao consumo de conte\u00fados audiovisuais ou ao acesso a aplica\u00e7\u00f5es de internet, dever\u00e3o trazer informa\u00e7\u00f5es sobre funcionalidades de controle parental ou de supervis\u00e3o, na hip\u00f3tese de o produto disponibiliz\u00e1-la.<\/p>\n\n\n\n<p>Al\u00e9m disso, o projeto de lei aborda a propaganda dos produtos e servi\u00e7os digitais, inclusive as dispon\u00edveis em lojas virtuais,&nbsp;<em>marketplaces<\/em>&nbsp;ou ambientes digitais.<\/p>\n\n\n\n<p>A proposta determina a inclus\u00e3o, nas pe\u00e7as de propaganda, de advert\u00eancia sobre os riscos potenciais do uso excessivo da tecnologia digital, especialmente em crian\u00e7as e adolescentes. A advert\u00eancia ter\u00e1 como base a classifica\u00e7\u00e3o et\u00e1ria indicativa prevista no Estatuto da Crian\u00e7a e Adolescente (ECA).<\/p>\n\n\n\n<p><a href=\"https:\/\/agenciabrasil.ebc.com.br\/politica\/noticia\/2025-05\/camara-aprova-campanha-sobre-uso-consciente-de-tecnologias-digitais\">Fonte: Ag\u00eancia Brasil<\/a><\/p>\n","protected":false},"excerpt":{"rendered":"<p>A C\u00e2mara dos Deputados aprovou, nesta quarta-feira (28), o Projeto de Lei (PL) 3.224\/2024, que visa sensibilizar a sociedade sobre o uso consciente da tecnologia digital. A proposta, aprovada por 277 votos favor\u00e1veis e 123 contr\u00e1rios, prev\u00ea a realiza\u00e7\u00e3o de campanha anual, no m\u00eas de abril, para alertar sobre riscos potenciais do uso excessivo de [&hellip;]<\/p>\n","protected":false},"author":2,"featured_media":29863,"comment_status":"open","ping_status":"open","sticky":false,"template":"","format":"standard","meta":{"_jetpack_memberships_contains_paid_content":false,"footnotes":""},"categories":[46],"tags":[],"class_list":["post-29862","post","type-post","status-publish","format-standard","has-post-thumbnail","hentry","category-noticia"],"aioseo_notices":[],"jetpack_featured_media_url":"https:\/\/i0.wp.com\/minutobahia24h.com.br\/wp-content\/uploads\/2025\/05\/Sem-titulo-375.jpg?fit=1600%2C800&ssl=1","jetpack_sharing_enabled":true,"_links":{"self":[{"href":"https:\/\/minutobahia24h.com.br\/index.php?rest_route=\/wp\/v2\/posts\/29862","targetHints":{"allow":["GET"]}}],"collection":[{"href":"https:\/\/minutobahia24h.com.br\/index.php?rest_route=\/wp\/v2\/posts"}],"about":[{"href":"https:\/\/minutobahia24h.com.br\/index.php?rest_route=\/wp\/v2\/types\/post"}],"author":[{"embeddable":true,"href":"https:\/\/minutobahia24h.com.br\/index.php?rest_route=\/wp\/v2\/users\/2"}],"replies":[{"embeddable":true,"href":"https:\/\/minutobahia24h.com.br\/index.php?rest_route=%2Fwp%2Fv2%2Fcomments&post=29862"}],"version-history":[{"count":1,"href":"https:\/\/minutobahia24h.com.br\/index.php?rest_route=\/wp\/v2\/posts\/29862\/revisions"}],"predecessor-version":[{"id":29864,"href":"https:\/\/minutobahia24h.com.br\/index.php?rest_route=\/wp\/v2\/posts\/29862\/revisions\/29864"}],"wp:featuredmedia":[{"embeddable":true,"href":"https:\/\/minutobahia24h.com.br\/index.php?rest_route=\/wp\/v2\/media\/29863"}],"wp:attachment":[{"href":"https:\/\/minutobahia24h.com.br\/index.php?rest_route=%2Fwp%2Fv2%2Fmedia&parent=29862"}],"wp:term":[{"taxonomy":"category","embeddable":true,"href":"https:\/\/minutobahia24h.com.br\/index.php?rest_route=%2Fwp%2Fv2%2Fcategories&post=29862"},{"taxonomy":"post_tag","embeddable":true,"href":"https:\/\/minutobahia24h.com.br\/index.php?rest_route=%2Fwp%2Fv2%2Ftags&post=29862"}],"curies":[{"name":"wp","href":"https:\/\/api.w.org\/{rel}","templated":true}]}}