{"id":29850,"date":"2025-05-29T07:11:22","date_gmt":"2025-05-29T10:11:22","guid":{"rendered":"https:\/\/minutobahia24h.com.br\/?p=29850"},"modified":"2025-05-29T07:11:24","modified_gmt":"2025-05-29T10:11:24","slug":"mc-poze-do-rodo-e-preso-por-apologia-ao-crime-e-por-envolvimento-com-o-trafico-de-drogas","status":"publish","type":"post","link":"https:\/\/minutobahia24h.com.br\/?p=29850","title":{"rendered":"MC Poze do Rodo \u00e9 preso por apologia ao crime e por envolvimento com o tr\u00e1fico de drogas"},"content":{"rendered":"<div class=\"wp-block-image\">\n<figure class=\"aligncenter size-full\"><img data-recalc-dims=\"1\" fetchpriority=\"high\" decoding=\"async\" width=\"800\" height=\"450\" src=\"https:\/\/i0.wp.com\/minutobahia24h.com.br\/wp-content\/uploads\/2025\/05\/Sem-titulo-371.jpg?resize=800%2C450&#038;ssl=1\" alt=\"\" class=\"wp-image-29851\" srcset=\"https:\/\/i0.wp.com\/minutobahia24h.com.br\/wp-content\/uploads\/2025\/05\/Sem-titulo-371.jpg?w=984&amp;ssl=1 984w, https:\/\/i0.wp.com\/minutobahia24h.com.br\/wp-content\/uploads\/2025\/05\/Sem-titulo-371.jpg?resize=300%2C169&amp;ssl=1 300w, https:\/\/i0.wp.com\/minutobahia24h.com.br\/wp-content\/uploads\/2025\/05\/Sem-titulo-371.jpg?resize=768%2C432&amp;ssl=1 768w, https:\/\/i0.wp.com\/minutobahia24h.com.br\/wp-content\/uploads\/2025\/05\/Sem-titulo-371.jpg?resize=750%2C421&amp;ssl=1 750w\" sizes=\"(max-width: 800px) 100vw, 800px\" \/><figcaption class=\"wp-element-caption\">Poze do Rodo foi preso na manh\u00e3 desta quinta-feira (29) \u2014 Foto: Reprodu\u00e7\u00e3o\/ TV Globo<br><br><\/figcaption><\/figure>\n<\/div>\n\n\n<p>O cantor&nbsp;<strong>Marlon Brandon Coelho Couto<\/strong>, o&nbsp;<strong>MC Poze do Rodo<\/strong>, foi preso no fim da madrugada desta quinta-feira (29) por agentes da Delegacia de Repress\u00e3o a Entorpecentes (DRE). Ele \u00e9 investigado por&nbsp;apologia ao crime&nbsp;e por&nbsp;envolvimento com o tr\u00e1fico de drogas.<\/p>\n\n\n\n<p>Policiais cumpriram o&nbsp;<strong>mandado de pris\u00e3o tempor\u00e1ria<\/strong>&nbsp;na casa dele, em um condom\u00ednio de luxo no Recreio dos Bandeirantes, na Zona Oeste do&nbsp;<a class=\"\" href=\"https:\/\/g1.globo.com\/rj\/rio-de-janeiro\/cidade\/rio-de-janeiro\/\">Rio de Janeiro<\/a>&nbsp;<strong><em>(veja acima)<\/em><\/strong>.<\/p>\n\n\n\n<p>De acordo com as investiga\u00e7\u00f5es, Poze realiza shows exclusivamente em \u00e1reas dominadas pelo&nbsp;<strong>Comando Vermelho (CV)<\/strong>, com a presen\u00e7a ostensiva de traficantes armados com fuzis, a fim de garantir a \u201cseguran\u00e7a\u201d do artista e do evento.<\/p>\n\n\n\n<p>Ainda de acordo com a DRE, o repert\u00f3rio das m\u00fasicas de Poze \u201cfaz clara apologia ao tr\u00e1fico de drogas e ao uso ilegal de armas de fogo\u201d e \u201cincita confrontos armados entre fac\u00e7\u00f5es rivais, o que frequentemente resulta em v\u00edtimas inocentes\u201d.<\/p>\n\n\n\n<p>A delegacia afirma que&nbsp;shows de Poze s\u00e3o estrategicamente utilizados pela fac\u00e7\u00e3o&nbsp;\u201cpara aumentar seus lucros com a venda de entorpecentes, revertendo os recursos para a aquisi\u00e7\u00e3o de mais drogas, armas de fogo e outros equipamentos necess\u00e1rios \u00e0 pr\u00e1tica de crimes\u201d.<\/p>\n\n\n\n<p>\u201cA Pol\u00edcia Civil refor\u00e7a que as letras&nbsp;extrapolam os limites constitucionais da liberdade de express\u00e3o e art\u00edstica, configurando&nbsp;<strong>crimes graves de apologia ao crime<\/strong>&nbsp;e&nbsp;<strong>associa\u00e7\u00e3o para o tr\u00e1fico de drogas<\/strong>. As investiga\u00e7\u00f5es continuam para identificar outros envolvidos e os financiadores diretos dos eventos criminosos\u201d, declarou a institui\u00e7\u00e3o.<\/p>\n\n\n\n<h2 class=\"wp-block-heading\">Flagrante h\u00e1 15 dias<\/h2>\n\n\n\n<p>O&nbsp;<strong>RJ2<\/strong>&nbsp;mostrou no \u00faltimo dia 19 que&nbsp;<a class=\"\" href=\"https:\/\/g1.globo.com\/rj\/rio-de-janeiro\/noticia\/2025\/05\/19\/policia-investiga-videos-com-fuzis-em-baile-com-mc-poze-do-rodo-na-cidade-de-deus.ghtml\">a DRE tinha aberto uma investiga\u00e7\u00e3o<\/a>&nbsp;depois que v\u00eddeos de um baile funk na Cidade de Deus, na Zona Oeste do Rio, onde Poze se apresentava viralizaram&nbsp;<strong><em>(relembre acima)<\/em><\/strong>.<\/p>\n\n\n\n<p>Criminosos assistiam ao show de Poze exibindo fuzis e ainda filmavam, sem qualquer tipo de disfarce ou receio de serem identificados.<\/p>\n\n\n\n<p>O show, no qual o cantor entoou&nbsp;<a class=\"\" href=\"https:\/\/g1.globo.com\/rj\/rio-de-janeiro\/noticia\/2025\/05\/19\/policial-do-core-e-morto-durante-operacao.ghtml\">diversas m\u00fasicas enaltecendo o CV<\/a>, ocorreu poucas horas antes da morte do policial civil&nbsp;<strong>Jos\u00e9 Ant\u00f4nio Louren\u00e7o<\/strong>, integrante da Coordenadoria de Recursos Especiais (Core),&nbsp;<a class=\"\" href=\"https:\/\/g1.globo.com\/rj\/rio-de-janeiro\/noticia\/2025\/05\/19\/policial-do-core-e-morto-durante-operacao.ghtml\">em uma opera\u00e7\u00e3o policial na comunidade<\/a>.<\/p>\n\n\n\n<p>Aquele n\u00e3o tinha sido o 1\u00ba baile de Poze com a presen\u00e7a de traficantes armados. Em 2020, por exemplo, o MC foi visto&nbsp;<a class=\"\" href=\"https:\/\/g1.globo.com\/rj\/rio-de-janeiro\/noticia\/2020\/03\/08\/policia-investiga-video-de-supostos-tiros-em-baile-no-jacare-rio.ghtml\">em um evento semelhante no Jacar\u00e9<\/a>.<\/p>\n\n\n\n<figure class=\"wp-block-image\"><img data-recalc-dims=\"1\" decoding=\"async\" src=\"https:\/\/i0.wp.com\/s2-g1.glbimg.com\/sE5e0qYzmrGCN1_jLqx-g0xC5Ng%3D\/0x0%3A1920x1080\/984x0\/smart\/filters%3Astrip_icc%28%29\/i.s3.glbimg.com\/v1\/AUTH_59edd422c0c84a879bd37670ae4f538a\/internal_photos\/bs\/2025\/J\/Y\/vZXJ1hQ0SpuRKvwjLkvw\/bdrj-poze4.jpeg?w=800&#038;ssl=1\" alt=\"Poze do Rodo foi preso em um condom\u00ednio no Recreio dos Bandeirantes, na Zona Oeste do Rio \u2014 Foto: Reprodu\u00e7\u00e3o\/ TV Globo\"\/><\/figure>\n\n\n\n<p>Poze do Rodo foi preso em um condom\u00ednio no Recreio dos Bandeirantes, na Zona Oeste do Rio \u2014 Foto: Reprodu\u00e7\u00e3o\/ TV Globo<\/p>\n","protected":false},"excerpt":{"rendered":"<p>O cantor&nbsp;Marlon Brandon Coelho Couto, o&nbsp;MC Poze do Rodo, foi preso no fim da madrugada desta quinta-feira (29) por agentes da Delegacia de Repress\u00e3o a Entorpecentes (DRE). Ele \u00e9 investigado por&nbsp;apologia ao crime&nbsp;e por&nbsp;envolvimento com o tr\u00e1fico de drogas. Policiais cumpriram o&nbsp;mandado de pris\u00e3o tempor\u00e1ria&nbsp;na casa dele, em um condom\u00ednio de luxo no Recreio dos [&hellip;]<\/p>\n","protected":false},"author":2,"featured_media":29851,"comment_status":"open","ping_status":"open","sticky":false,"template":"","format":"standard","meta":{"_jetpack_memberships_contains_paid_content":false,"footnotes":""},"categories":[46],"tags":[],"class_list":["post-29850","post","type-post","status-publish","format-standard","has-post-thumbnail","hentry","category-noticia"],"aioseo_notices":[],"jetpack_featured_media_url":"https:\/\/i0.wp.com\/minutobahia24h.com.br\/wp-content\/uploads\/2025\/05\/Sem-titulo-371.jpg?fit=984%2C553&ssl=1","jetpack_sharing_enabled":true,"_links":{"self":[{"href":"https:\/\/minutobahia24h.com.br\/index.php?rest_route=\/wp\/v2\/posts\/29850","targetHints":{"allow":["GET"]}}],"collection":[{"href":"https:\/\/minutobahia24h.com.br\/index.php?rest_route=\/wp\/v2\/posts"}],"about":[{"href":"https:\/\/minutobahia24h.com.br\/index.php?rest_route=\/wp\/v2\/types\/post"}],"author":[{"embeddable":true,"href":"https:\/\/minutobahia24h.com.br\/index.php?rest_route=\/wp\/v2\/users\/2"}],"replies":[{"embeddable":true,"href":"https:\/\/minutobahia24h.com.br\/index.php?rest_route=%2Fwp%2Fv2%2Fcomments&post=29850"}],"version-history":[{"count":1,"href":"https:\/\/minutobahia24h.com.br\/index.php?rest_route=\/wp\/v2\/posts\/29850\/revisions"}],"predecessor-version":[{"id":29852,"href":"https:\/\/minutobahia24h.com.br\/index.php?rest_route=\/wp\/v2\/posts\/29850\/revisions\/29852"}],"wp:featuredmedia":[{"embeddable":true,"href":"https:\/\/minutobahia24h.com.br\/index.php?rest_route=\/wp\/v2\/media\/29851"}],"wp:attachment":[{"href":"https:\/\/minutobahia24h.com.br\/index.php?rest_route=%2Fwp%2Fv2%2Fmedia&parent=29850"}],"wp:term":[{"taxonomy":"category","embeddable":true,"href":"https:\/\/minutobahia24h.com.br\/index.php?rest_route=%2Fwp%2Fv2%2Fcategories&post=29850"},{"taxonomy":"post_tag","embeddable":true,"href":"https:\/\/minutobahia24h.com.br\/index.php?rest_route=%2Fwp%2Fv2%2Ftags&post=29850"}],"curies":[{"name":"wp","href":"https:\/\/api.w.org\/{rel}","templated":true}]}}