{"id":29847,"date":"2025-05-29T07:09:02","date_gmt":"2025-05-29T10:09:02","guid":{"rendered":"https:\/\/minutobahia24h.com.br\/?p=29847"},"modified":"2025-05-29T07:09:04","modified_gmt":"2025-05-29T10:09:04","slug":"operacao-fallen-desarticula-organizacao-criminosa-com-atuacao-em-feira-de-santana","status":"publish","type":"post","link":"https:\/\/minutobahia24h.com.br\/?p=29847","title":{"rendered":"Opera\u00e7\u00e3o Fallen\u201d desarticula organiza\u00e7\u00e3o criminosa com atua\u00e7\u00e3o em Feira de Santana"},"content":{"rendered":"<div class=\"wp-block-image\">\n<figure class=\"aligncenter size-full\"><img data-recalc-dims=\"1\" fetchpriority=\"high\" decoding=\"async\" width=\"497\" height=\"744\" src=\"https:\/\/i0.wp.com\/minutobahia24h.com.br\/wp-content\/uploads\/2025\/05\/Sem-titulo-370.jpg?resize=497%2C744&#038;ssl=1\" alt=\"\" class=\"wp-image-29848\" srcset=\"https:\/\/i0.wp.com\/minutobahia24h.com.br\/wp-content\/uploads\/2025\/05\/Sem-titulo-370.jpg?w=497&amp;ssl=1 497w, https:\/\/i0.wp.com\/minutobahia24h.com.br\/wp-content\/uploads\/2025\/05\/Sem-titulo-370.jpg?resize=200%2C300&amp;ssl=1 200w\" sizes=\"(max-width: 497px) 100vw, 497px\" \/><figcaption class=\"wp-element-caption\">Grupo lava dinheiro proveniente do jogo do bicho<\/figcaption><\/figure>\n<\/div>\n\n\n<p>O Minist\u00e9rio P\u00fablico do Estado da Bahia, por meio do Grupo de Atua\u00e7\u00e3o Especial de Combate \u00e0s Organiza\u00e7\u00f5es Criminosas e Investiga\u00e7\u00f5es Criminais (Gaeco), a Pol\u00edcia Federal, e a Secretaria de Seguran\u00e7a P\u00fablica (SSP), atrav\u00e9s da For\u00e7a Correcional Integrada (Forcem) e da Corregedoria da Pol\u00edcia Militar, deflagraram hoje, dia 28, a \u201cOpera\u00e7\u00e3o Fallen\u201d. O objetivo \u00e9 desarticular uma organiza\u00e7\u00e3o criminosa que atua na lavagem de capitais proveniente de jogo do bicho, agiotagem, extors\u00e3o, recepta\u00e7\u00e3o qualificada, entre outras infra\u00e7\u00f5es penais. O grupo opera em Feira de Santana e cidades adjacentes.<\/p>\n\n\n\n<p>Foram expedidos quatro mandados de busca e apreens\u00e3o pelo Ju\u00edzo da 1\u00aa Vara Criminal de Feira de Santana. O caso \u00e9 um desdobramento da opera\u00e7\u00e3o El Patr\u00f3n, deflagrada em dezembro de 2023, a qual efetuou dez mandados de pris\u00e3o preventiva, 33 mandados de busca e apreens\u00e3o, bloqueio de mais de R$ 200 milh\u00f5es das contas banc\u00e1rias dos investigados e o sequestro de 26 propriedades urbanas e rurais, al\u00e9m da suspens\u00e3o de atividades econ\u00f4micas de seis empresas.<a><\/a><\/p>\n\n\n\n<p>Nesta nova fase da opera\u00e7\u00e3o, constatou-se que o bra\u00e7o armado da organiza\u00e7\u00e3o criminosa, composto principalmente por policiais militares do estado da Bahia, promoveu a destrui\u00e7\u00e3o de provas que estavam armazenadas em meio digital.<\/p>\n\n\n\n<p>A opera\u00e7\u00e3o recebeu o nome Fallen, que em portugu\u00eas significa \u201cca\u00eddo\u201d, devido \u00e0 participa\u00e7\u00e3o de membros da seguran\u00e7a p\u00fablica na agremia\u00e7\u00e3o criminosa, indicando assim a degrada\u00e7\u00e3o moral e a perda de valores \u00e9ticos desses profissionais.&nbsp;<\/p>\n\n\n\n<p>A investiga\u00e7\u00e3o continuar\u00e1 para apura\u00e7\u00e3o de eventuais outros envolvidos e fatos conexos. Se condenados pelos crimes cometidos, os investigados se sujeitar\u00e3o a penas m\u00e1ximas que, somadas, podem ultrapassar 26 anos de reclus\u00e3o.<\/p>\n\n\n\n<p>abahiaacontece<a href=\"https:\/\/www.blogger.com\/share-post.g?blogID=4768830971217871790&amp;postID=6584966445307680964&amp;target=email\" target=\"_blank\" rel=\"noreferrer noopener\"><\/a><\/p>\n","protected":false},"excerpt":{"rendered":"<p>O Minist\u00e9rio P\u00fablico do Estado da Bahia, por meio do Grupo de Atua\u00e7\u00e3o Especial de Combate \u00e0s Organiza\u00e7\u00f5es Criminosas e Investiga\u00e7\u00f5es Criminais (Gaeco), a Pol\u00edcia Federal, e a Secretaria de Seguran\u00e7a P\u00fablica (SSP), atrav\u00e9s da For\u00e7a Correcional Integrada (Forcem) e da Corregedoria da Pol\u00edcia Militar, deflagraram hoje, dia 28, a \u201cOpera\u00e7\u00e3o Fallen\u201d. O objetivo \u00e9 [&hellip;]<\/p>\n","protected":false},"author":2,"featured_media":29848,"comment_status":"open","ping_status":"open","sticky":false,"template":"","format":"standard","meta":{"_jetpack_memberships_contains_paid_content":false,"footnotes":""},"categories":[3],"tags":[],"class_list":["post-29847","post","type-post","status-publish","format-standard","has-post-thumbnail","hentry","category-regional"],"aioseo_notices":[],"jetpack_featured_media_url":"https:\/\/i0.wp.com\/minutobahia24h.com.br\/wp-content\/uploads\/2025\/05\/Sem-titulo-370.jpg?fit=497%2C744&ssl=1","jetpack_sharing_enabled":true,"_links":{"self":[{"href":"https:\/\/minutobahia24h.com.br\/index.php?rest_route=\/wp\/v2\/posts\/29847","targetHints":{"allow":["GET"]}}],"collection":[{"href":"https:\/\/minutobahia24h.com.br\/index.php?rest_route=\/wp\/v2\/posts"}],"about":[{"href":"https:\/\/minutobahia24h.com.br\/index.php?rest_route=\/wp\/v2\/types\/post"}],"author":[{"embeddable":true,"href":"https:\/\/minutobahia24h.com.br\/index.php?rest_route=\/wp\/v2\/users\/2"}],"replies":[{"embeddable":true,"href":"https:\/\/minutobahia24h.com.br\/index.php?rest_route=%2Fwp%2Fv2%2Fcomments&post=29847"}],"version-history":[{"count":1,"href":"https:\/\/minutobahia24h.com.br\/index.php?rest_route=\/wp\/v2\/posts\/29847\/revisions"}],"predecessor-version":[{"id":29849,"href":"https:\/\/minutobahia24h.com.br\/index.php?rest_route=\/wp\/v2\/posts\/29847\/revisions\/29849"}],"wp:featuredmedia":[{"embeddable":true,"href":"https:\/\/minutobahia24h.com.br\/index.php?rest_route=\/wp\/v2\/media\/29848"}],"wp:attachment":[{"href":"https:\/\/minutobahia24h.com.br\/index.php?rest_route=%2Fwp%2Fv2%2Fmedia&parent=29847"}],"wp:term":[{"taxonomy":"category","embeddable":true,"href":"https:\/\/minutobahia24h.com.br\/index.php?rest_route=%2Fwp%2Fv2%2Fcategories&post=29847"},{"taxonomy":"post_tag","embeddable":true,"href":"https:\/\/minutobahia24h.com.br\/index.php?rest_route=%2Fwp%2Fv2%2Ftags&post=29847"}],"curies":[{"name":"wp","href":"https:\/\/api.w.org\/{rel}","templated":true}]}}