{"id":29835,"date":"2025-05-29T07:03:31","date_gmt":"2025-05-29T10:03:31","guid":{"rendered":"https:\/\/minutobahia24h.com.br\/?p=29835"},"modified":"2025-05-29T07:03:32","modified_gmt":"2025-05-29T10:03:32","slug":"justica-eleitoral-absolve-vereador-de-jacobina-por-suposto-abuso-de-poder-politico","status":"publish","type":"post","link":"https:\/\/minutobahia24h.com.br\/?p=29835","title":{"rendered":"Justi\u00e7a Eleitoral absolve vereador de Jacobina por suposto abuso de poder pol\u00edtico"},"content":{"rendered":"<div class=\"wp-block-image\">\n<figure class=\"aligncenter size-full\"><img data-recalc-dims=\"1\" fetchpriority=\"high\" decoding=\"async\" width=\"683\" height=\"767\" src=\"https:\/\/i0.wp.com\/minutobahia24h.com.br\/wp-content\/uploads\/2025\/05\/Sem-titulo-366.jpg?resize=683%2C767&#038;ssl=1\" alt=\"\" class=\"wp-image-29836\" srcset=\"https:\/\/i0.wp.com\/minutobahia24h.com.br\/wp-content\/uploads\/2025\/05\/Sem-titulo-366.jpg?w=683&amp;ssl=1 683w, https:\/\/i0.wp.com\/minutobahia24h.com.br\/wp-content\/uploads\/2025\/05\/Sem-titulo-366.jpg?resize=267%2C300&amp;ssl=1 267w\" sizes=\"(max-width: 683px) 100vw, 683px\" \/><figcaption class=\"wp-element-caption\">Vereador Maur\u00edcio Morais (PC do B)<br><\/figcaption><\/figure>\n<\/div>\n\n\n<p>A Justi\u00e7a Eleitoral da 46\u00aa Zona de Jacobina julgou improcedente a A\u00e7\u00e3o de Investiga\u00e7\u00e3o Judicial Eleitoral (AIJE) movida contra o vereador Maur\u00edcio Teixeira de Morais (PC do B), acusado de abuso de poder pol\u00edtico e uso indevido dos meios de comunica\u00e7\u00e3o durante o per\u00edodo em que atuava como Secret\u00e1rio Municipal de Sa\u00fade.<\/p>\n\n\n\n<p>A a\u00e7\u00e3o foi ajuizada por Thiago Ferreira de Jesus (PV), tamb\u00e9m candidato ao cargo de vereador nas elei\u00e7\u00f5es de 2024, que alegou que o ent\u00e3o secret\u00e1rio utilizou publicidade institucional da Prefeitura de Jacobina para promover sua imagem pessoal, em viola\u00e7\u00e3o ao princ\u00edpio da impessoalidade previsto no artigo 37, \u00a71\u00ba, da Constitui\u00e7\u00e3o Federal, al\u00e9m de suposta propaganda eleitoral antecipada e uso indevido de recursos p\u00fablicos.<\/p>\n\n\n\n<p>No processo, o autor apresentou diversas publica\u00e7\u00f5es de car\u00e1ter institucional veiculadas por canais oficiais do munic\u00edpio \u2014 incluindo o site da prefeitura, r\u00e1dios locais e ve\u00edculos de imprensa regional \u2014 nas quais o nome e a imagem de Maur\u00edcio apareciam em mat\u00e9rias sobre a\u00e7\u00f5es da Secretaria de Sa\u00fade, como campanhas de vacina\u00e7\u00e3o, inaugura\u00e7\u00f5es e mutir\u00f5es m\u00e9dicos. Os autos tamb\u00e9m inclu\u00edram informa\u00e7\u00f5es sobre os gastos p\u00fablicos com publicidade nos \u00faltimos anos.<\/p>\n\n\n\n<p>Em sua defesa, Maur\u00edcio Morais alegou que todas as divulga\u00e7\u00f5es tinham car\u00e1ter informativo e educativo, voltadas \u00e0 presta\u00e7\u00e3o de contas \u00e0 popula\u00e7\u00e3o, e que n\u00e3o houve promo\u00e7\u00e3o pessoal ou pedido de votos. Ele sustentou que a publicidade institucional respeitava os limites constitucionais e legais, sendo parte do dever de transpar\u00eancia da administra\u00e7\u00e3o p\u00fablica.<\/p>\n\n\n\n<p>A audi\u00eancia de instru\u00e7\u00e3o e julgamento foi realizada no dia 14 de maio de 2025, ocasi\u00e3o em que testemunhas foram ouvidas pelas partes. De acordo com os registros da senten\u00e7a, nenhuma das testemunhas conseguiu comprovar uso indevido da estrutura p\u00fablica para fins eleitorais, pedido expl\u00edcito de votos ou desequil\u00edbrio na disputa eleitoral.<\/p>\n\n\n\n<p>O Minist\u00e9rio P\u00fablico Eleitoral, ap\u00f3s an\u00e1lise das provas, manifestou-se pela improced\u00eancia da a\u00e7\u00e3o. O parecer ministerial apontou que as publica\u00e7\u00f5es institucionais apresentadas tinham conte\u00fado predominantemente informativo e que n\u00e3o se verificou a presen\u00e7a dos elementos necess\u00e1rios para caracteriza\u00e7\u00e3o do abuso de poder pol\u00edtico. Segundo o \u00f3rg\u00e3o, n\u00e3o foram identificados pedidos de voto, slogans de campanha ou desvio de finalidade que justificassem as acusa\u00e7\u00f5es.<\/p>\n\n\n\n<p>A senten\u00e7a foi proferida pelo juiz eleitoral Marley Cunha Medeiros, que acompanhou o entendimento do Minist\u00e9rio P\u00fablico. O magistrado destacou que as men\u00e7\u00f5es ao nome do investigado estavam inseridas no contexto administrativo e dentro do exerc\u00edcio regular do cargo de secret\u00e1rio, n\u00e3o configurando, por si s\u00f3, promo\u00e7\u00e3o pessoal ou propaganda eleitoral antecipada.<\/p>\n\n\n\n<p>O juiz ressaltou ainda que os valores gastos com publicidade institucional, embora expressivos, n\u00e3o foram comprovadamente utilizados com finalidade eleitoral, e que a aus\u00eancia de desequil\u00edbrio no pleito e de elementos de gravidade inviabilizava a aplica\u00e7\u00e3o das san\u00e7\u00f5es previstas na Lei da Ficha Limpa.<\/p>\n\n\n\n<p>Com base nessas conclus\u00f5es, a Justi\u00e7a Eleitoral julgou improcedentes os pedidos da a\u00e7\u00e3o, absolvendo Maur\u00edcio Teixeira de Morais das imputa\u00e7\u00f5es de abuso de poder pol\u00edtico, uso indevido dos meios de comunica\u00e7\u00e3o e propaganda antecipada. O diploma eleitoral do investigado foi mantido, validando sua elei\u00e7\u00e3o para o mandato de vereador de Jacobina.<\/p>\n\n\n\n<p>A decis\u00e3o foi proferida nesta quarta-feira (28\/05) e determina a publica\u00e7\u00e3o e arquivamento dos autos ap\u00f3s o tr\u00e2nsito em julgado.<\/p>\n\n\n\n<p>Blog Jacobina 24 Horas \u2013 Informa\u00e7\u00e3o na velocidade do tempo!<\/p>\n","protected":false},"excerpt":{"rendered":"<p>A Justi\u00e7a Eleitoral da 46\u00aa Zona de Jacobina julgou improcedente a A\u00e7\u00e3o de Investiga\u00e7\u00e3o Judicial Eleitoral (AIJE) movida contra o vereador Maur\u00edcio Teixeira de Morais (PC do B), acusado de abuso de poder pol\u00edtico e uso indevido dos meios de comunica\u00e7\u00e3o durante o per\u00edodo em que atuava como Secret\u00e1rio Municipal de Sa\u00fade. A a\u00e7\u00e3o foi [&hellip;]<\/p>\n","protected":false},"author":2,"featured_media":29836,"comment_status":"open","ping_status":"open","sticky":false,"template":"","format":"standard","meta":{"_jetpack_memberships_contains_paid_content":false,"footnotes":""},"categories":[3],"tags":[],"class_list":["post-29835","post","type-post","status-publish","format-standard","has-post-thumbnail","hentry","category-regional"],"aioseo_notices":[],"jetpack_featured_media_url":"https:\/\/i0.wp.com\/minutobahia24h.com.br\/wp-content\/uploads\/2025\/05\/Sem-titulo-366.jpg?fit=683%2C767&ssl=1","jetpack_sharing_enabled":true,"_links":{"self":[{"href":"https:\/\/minutobahia24h.com.br\/index.php?rest_route=\/wp\/v2\/posts\/29835","targetHints":{"allow":["GET"]}}],"collection":[{"href":"https:\/\/minutobahia24h.com.br\/index.php?rest_route=\/wp\/v2\/posts"}],"about":[{"href":"https:\/\/minutobahia24h.com.br\/index.php?rest_route=\/wp\/v2\/types\/post"}],"author":[{"embeddable":true,"href":"https:\/\/minutobahia24h.com.br\/index.php?rest_route=\/wp\/v2\/users\/2"}],"replies":[{"embeddable":true,"href":"https:\/\/minutobahia24h.com.br\/index.php?rest_route=%2Fwp%2Fv2%2Fcomments&post=29835"}],"version-history":[{"count":1,"href":"https:\/\/minutobahia24h.com.br\/index.php?rest_route=\/wp\/v2\/posts\/29835\/revisions"}],"predecessor-version":[{"id":29837,"href":"https:\/\/minutobahia24h.com.br\/index.php?rest_route=\/wp\/v2\/posts\/29835\/revisions\/29837"}],"wp:featuredmedia":[{"embeddable":true,"href":"https:\/\/minutobahia24h.com.br\/index.php?rest_route=\/wp\/v2\/media\/29836"}],"wp:attachment":[{"href":"https:\/\/minutobahia24h.com.br\/index.php?rest_route=%2Fwp%2Fv2%2Fmedia&parent=29835"}],"wp:term":[{"taxonomy":"category","embeddable":true,"href":"https:\/\/minutobahia24h.com.br\/index.php?rest_route=%2Fwp%2Fv2%2Fcategories&post=29835"},{"taxonomy":"post_tag","embeddable":true,"href":"https:\/\/minutobahia24h.com.br\/index.php?rest_route=%2Fwp%2Fv2%2Ftags&post=29835"}],"curies":[{"name":"wp","href":"https:\/\/api.w.org\/{rel}","templated":true}]}}