{"id":29832,"date":"2025-05-29T07:02:20","date_gmt":"2025-05-29T10:02:20","guid":{"rendered":"https:\/\/minutobahia24h.com.br\/?p=29832"},"modified":"2025-05-29T07:02:21","modified_gmt":"2025-05-29T10:02:21","slug":"petrolina-comeca-preparacao-para-censo-escolar-2025","status":"publish","type":"post","link":"https:\/\/minutobahia24h.com.br\/?p=29832","title":{"rendered":"Petrolina come\u00e7a prepara\u00e7\u00e3o para Censo Escolar 2025"},"content":{"rendered":"<div class=\"wp-block-image\">\n<figure class=\"aligncenter size-full\"><img data-recalc-dims=\"1\" fetchpriority=\"high\" decoding=\"async\" width=\"750\" height=\"500\" src=\"https:\/\/i0.wp.com\/minutobahia24h.com.br\/wp-content\/uploads\/2025\/05\/Sem-titulo-365.jpg?resize=750%2C500&#038;ssl=1\" alt=\"\" class=\"wp-image-29833\" srcset=\"https:\/\/i0.wp.com\/minutobahia24h.com.br\/wp-content\/uploads\/2025\/05\/Sem-titulo-365.jpg?w=750&amp;ssl=1 750w, https:\/\/i0.wp.com\/minutobahia24h.com.br\/wp-content\/uploads\/2025\/05\/Sem-titulo-365.jpg?resize=300%2C200&amp;ssl=1 300w\" sizes=\"(max-width: 750px) 100vw, 750px\" \/><figcaption class=\"wp-element-caption\">Foto: Ascom PMP\/SEDUCE divulga\u00e7\u00e3o<br><\/figcaption><\/figure>\n<\/div>\n\n\n<p>A Secretaria de Educa\u00e7\u00e3o, Cultura e Esporte (SEDUCE) de Petrolina j\u00e1 iniciou os preparativos para a realiza\u00e7\u00e3o do Censo Escolar 2025, cuja primeira etapa come\u00e7ou oficialmente nesta quarta-feira (28), com o \u201cDia D\u201d em todo o pa\u00eds. A a\u00e7\u00e3o \u00e9 coordenada pelo Instituto Nacional de Estudos e Pesquisas Educacionais An\u00edsio Teixeira (Inep) e \u00e9 essencial para o planejamento das pol\u00edticas p\u00fablicas do setor.<\/p>\n\n\n\n<p>Os preparativos no munic\u00edpio come\u00e7aram na \u00faltima semana com a realiza\u00e7\u00e3o de uma live formativa que reuniu 268 profissionais envolvidos no processo, entre gestores escolares, secret\u00e1rios e equipes administrativas das unidades de ensino. O encontro teve como objetivo alinhar orienta\u00e7\u00f5es, esclarecer d\u00favidas e refor\u00e7ar a import\u00e2ncia da precis\u00e3o dos dados inseridos no Sistema Educacenso, a partir do Sigeduc \u2013 plataforma utilizada pela rede municipal de Petrolina. A live continua dispon\u00edvel na internet (<strong><a href=\"https:\/\/www.youtube.com\/watch?v=R25WWUPFhvM\">https:\/\/www.youtube.com\/watch?v=R25WWUPFhvM<\/a><\/strong>).<\/p>\n\n\n\n<p>O Censo Escolar coleta informa\u00e7\u00f5es detalhadas sobre estudantes, turmas, profissionais da educa\u00e7\u00e3o, infraestrutura e gest\u00e3o das escolas p\u00fablicas e privadas de educa\u00e7\u00e3o b\u00e1sica. Esses dados s\u00e3o utilizados como base para pol\u00edticas de financiamento, distribui\u00e7\u00e3o de recursos, alimenta\u00e7\u00e3o escolar, transporte escolar e para a composi\u00e7\u00e3o de indicadores como o Ideb.<\/p>\n\n\n\n<p>A primeira etapa do Censo (Matr\u00edcula Inicial) ser\u00e1 realizada at\u00e9 31 de julho. J\u00e1 a segunda etapa, que trata da Situa\u00e7\u00e3o do Estudante (movimenta\u00e7\u00e3o e rendimento escolar), acontecer\u00e1 no in\u00edcio de 2026.<\/p>\n\n\n\n<p>carlosbritto<\/p>\n","protected":false},"excerpt":{"rendered":"<p>A Secretaria de Educa\u00e7\u00e3o, Cultura e Esporte (SEDUCE) de Petrolina j\u00e1 iniciou os preparativos para a realiza\u00e7\u00e3o do Censo Escolar 2025, cuja primeira etapa come\u00e7ou oficialmente nesta quarta-feira (28), com o \u201cDia D\u201d em todo o pa\u00eds. A a\u00e7\u00e3o \u00e9 coordenada pelo Instituto Nacional de Estudos e Pesquisas Educacionais An\u00edsio Teixeira (Inep) e \u00e9 essencial [&hellip;]<\/p>\n","protected":false},"author":2,"featured_media":29833,"comment_status":"open","ping_status":"open","sticky":false,"template":"","format":"standard","meta":{"_jetpack_memberships_contains_paid_content":false,"footnotes":""},"categories":[3],"tags":[],"class_list":["post-29832","post","type-post","status-publish","format-standard","has-post-thumbnail","hentry","category-regional"],"aioseo_notices":[],"jetpack_featured_media_url":"https:\/\/i0.wp.com\/minutobahia24h.com.br\/wp-content\/uploads\/2025\/05\/Sem-titulo-365.jpg?fit=750%2C500&ssl=1","jetpack_sharing_enabled":true,"_links":{"self":[{"href":"https:\/\/minutobahia24h.com.br\/index.php?rest_route=\/wp\/v2\/posts\/29832","targetHints":{"allow":["GET"]}}],"collection":[{"href":"https:\/\/minutobahia24h.com.br\/index.php?rest_route=\/wp\/v2\/posts"}],"about":[{"href":"https:\/\/minutobahia24h.com.br\/index.php?rest_route=\/wp\/v2\/types\/post"}],"author":[{"embeddable":true,"href":"https:\/\/minutobahia24h.com.br\/index.php?rest_route=\/wp\/v2\/users\/2"}],"replies":[{"embeddable":true,"href":"https:\/\/minutobahia24h.com.br\/index.php?rest_route=%2Fwp%2Fv2%2Fcomments&post=29832"}],"version-history":[{"count":1,"href":"https:\/\/minutobahia24h.com.br\/index.php?rest_route=\/wp\/v2\/posts\/29832\/revisions"}],"predecessor-version":[{"id":29834,"href":"https:\/\/minutobahia24h.com.br\/index.php?rest_route=\/wp\/v2\/posts\/29832\/revisions\/29834"}],"wp:featuredmedia":[{"embeddable":true,"href":"https:\/\/minutobahia24h.com.br\/index.php?rest_route=\/wp\/v2\/media\/29833"}],"wp:attachment":[{"href":"https:\/\/minutobahia24h.com.br\/index.php?rest_route=%2Fwp%2Fv2%2Fmedia&parent=29832"}],"wp:term":[{"taxonomy":"category","embeddable":true,"href":"https:\/\/minutobahia24h.com.br\/index.php?rest_route=%2Fwp%2Fv2%2Fcategories&post=29832"},{"taxonomy":"post_tag","embeddable":true,"href":"https:\/\/minutobahia24h.com.br\/index.php?rest_route=%2Fwp%2Fv2%2Ftags&post=29832"}],"curies":[{"name":"wp","href":"https:\/\/api.w.org\/{rel}","templated":true}]}}