{"id":29829,"date":"2025-05-29T07:00:55","date_gmt":"2025-05-29T10:00:55","guid":{"rendered":"https:\/\/minutobahia24h.com.br\/?p=29829"},"modified":"2025-05-29T07:00:57","modified_gmt":"2025-05-29T10:00:57","slug":"artista-plastico-ledo-ivo-toca-fogo-em-arvores-apos-arranca-las-de-praca-em-juazeiro-denunciam-moradores","status":"publish","type":"post","link":"https:\/\/minutobahia24h.com.br\/?p=29829","title":{"rendered":"Artista pl\u00e1stico L\u00eado Ivo toca fogo em \u00e1rvores ap\u00f3s arranc\u00e1-las de Pra\u00e7a em Juazeiro, denunciam moradores"},"content":{"rendered":"\n<figure class=\"wp-block-image size-full\"><img data-recalc-dims=\"1\" fetchpriority=\"high\" decoding=\"async\" width=\"800\" height=\"253\" src=\"https:\/\/i0.wp.com\/minutobahia24h.com.br\/wp-content\/uploads\/2025\/05\/Sem-titulo-364.jpg?resize=800%2C253&#038;ssl=1\" alt=\"\" class=\"wp-image-29830\" srcset=\"https:\/\/i0.wp.com\/minutobahia24h.com.br\/wp-content\/uploads\/2025\/05\/Sem-titulo-364.jpg?w=800&amp;ssl=1 800w, https:\/\/i0.wp.com\/minutobahia24h.com.br\/wp-content\/uploads\/2025\/05\/Sem-titulo-364.jpg?resize=300%2C95&amp;ssl=1 300w, https:\/\/i0.wp.com\/minutobahia24h.com.br\/wp-content\/uploads\/2025\/05\/Sem-titulo-364.jpg?resize=768%2C243&amp;ssl=1 768w, https:\/\/i0.wp.com\/minutobahia24h.com.br\/wp-content\/uploads\/2025\/05\/Sem-titulo-364.jpg?resize=750%2C237&amp;ssl=1 750w\" sizes=\"(max-width: 800px) 100vw, 800px\" \/><\/figure>\n\n\n\n<p>No fim da tarde desta quarta-feira (28), moradores denunciaram que o&nbsp;artista pl\u00e1stico L\u00eado Ivo foi visto arrancando \u00e1rvores na Pra\u00e7a Am\u00e9rico Tanuri, no bairro Centen\u00e1rio, em Juazeiro, e em seguida tocando&nbsp;fogo.<\/p>\n\n\n\n<p>Vizinhos filmaram toda a a\u00e7\u00e3o e acionaram a Pol\u00edcia, que chegou ao local por volta das 19h10. De acordo com informa\u00e7\u00f5es dos moradores, L\u00eado chegou a amea\u00e7ar funcion\u00e1rios de uma empresa pr\u00f3xima e tamb\u00e9m os vizinhos que tentaram conter as chamas.<\/p>\n\n\n\n<p>Visilmente alterado, ele discute com moradores e grita que a pra\u00e7a \u00e9 dele.<\/p>\n\n\n\n<p>Quando uma moradora fala&nbsp;que t\u00eam crian\u00e7as no local com problemas respirat\u00f3rios, ele dispara: &#8220;Problema seu, a prefeitura t\u00e1 com minhas coisas&#8221;, grita o artista.<\/p>\n\n\n\n<p>A Reda\u00e7\u00e3o est\u00e1 buscando novas informa\u00e7\u00f5es sobre o caso e a qualquer momento mais detalhes.<\/p>\n\n\n<div class=\"wp-block-image\">\n<figure class=\"aligncenter\"><img data-recalc-dims=\"1\" decoding=\"async\" data-src=\"https:\/\/i0.wp.com\/www.redegn.com.br\/ckfinder\/userfiles\/images\/Arvores_Centenario_Juazeiro.jpg?w=800&#038;ssl=1\" alt=\"\" src=\"data:image\/gif;base64,R0lGODlhAQABAAAAACH5BAEKAAEALAAAAAABAAEAAAICTAEAOw==\" class=\"lazyload\" \/><noscript><img data-recalc-dims=\"1\" decoding=\"async\" src=\"https:\/\/i0.wp.com\/www.redegn.com.br\/ckfinder\/userfiles\/images\/Arvores_Centenario_Juazeiro.jpg?w=800&#038;ssl=1\" alt=\"\"\/><\/noscript><figcaption class=\"wp-element-caption\">Fotos: reprodu\u00e7\u00e3o v\u00eddeos\/redes sociais<\/figcaption><\/figure>\n<\/div>\n\n\n<p>Reda\u00e7\u00e3o RedeGN<\/p>\n","protected":false},"excerpt":{"rendered":"<p>No fim da tarde desta quarta-feira (28), moradores denunciaram que o&nbsp;artista pl\u00e1stico L\u00eado Ivo foi visto arrancando \u00e1rvores na Pra\u00e7a Am\u00e9rico Tanuri, no bairro Centen\u00e1rio, em Juazeiro, e em seguida tocando&nbsp;fogo. Vizinhos filmaram toda a a\u00e7\u00e3o e acionaram a Pol\u00edcia, que chegou ao local por volta das 19h10. De acordo com informa\u00e7\u00f5es dos moradores, L\u00eado [&hellip;]<\/p>\n","protected":false},"author":2,"featured_media":29830,"comment_status":"open","ping_status":"open","sticky":false,"template":"","format":"standard","meta":{"_jetpack_memberships_contains_paid_content":false,"footnotes":""},"categories":[3],"tags":[],"class_list":["post-29829","post","type-post","status-publish","format-standard","has-post-thumbnail","hentry","category-regional"],"aioseo_notices":[],"jetpack_featured_media_url":"https:\/\/i0.wp.com\/minutobahia24h.com.br\/wp-content\/uploads\/2025\/05\/Sem-titulo-364.jpg?fit=800%2C253&ssl=1","jetpack_sharing_enabled":true,"_links":{"self":[{"href":"https:\/\/minutobahia24h.com.br\/index.php?rest_route=\/wp\/v2\/posts\/29829","targetHints":{"allow":["GET"]}}],"collection":[{"href":"https:\/\/minutobahia24h.com.br\/index.php?rest_route=\/wp\/v2\/posts"}],"about":[{"href":"https:\/\/minutobahia24h.com.br\/index.php?rest_route=\/wp\/v2\/types\/post"}],"author":[{"embeddable":true,"href":"https:\/\/minutobahia24h.com.br\/index.php?rest_route=\/wp\/v2\/users\/2"}],"replies":[{"embeddable":true,"href":"https:\/\/minutobahia24h.com.br\/index.php?rest_route=%2Fwp%2Fv2%2Fcomments&post=29829"}],"version-history":[{"count":1,"href":"https:\/\/minutobahia24h.com.br\/index.php?rest_route=\/wp\/v2\/posts\/29829\/revisions"}],"predecessor-version":[{"id":29831,"href":"https:\/\/minutobahia24h.com.br\/index.php?rest_route=\/wp\/v2\/posts\/29829\/revisions\/29831"}],"wp:featuredmedia":[{"embeddable":true,"href":"https:\/\/minutobahia24h.com.br\/index.php?rest_route=\/wp\/v2\/media\/29830"}],"wp:attachment":[{"href":"https:\/\/minutobahia24h.com.br\/index.php?rest_route=%2Fwp%2Fv2%2Fmedia&parent=29829"}],"wp:term":[{"taxonomy":"category","embeddable":true,"href":"https:\/\/minutobahia24h.com.br\/index.php?rest_route=%2Fwp%2Fv2%2Fcategories&post=29829"},{"taxonomy":"post_tag","embeddable":true,"href":"https:\/\/minutobahia24h.com.br\/index.php?rest_route=%2Fwp%2Fv2%2Ftags&post=29829"}],"curies":[{"name":"wp","href":"https:\/\/api.w.org\/{rel}","templated":true}]}}