{"id":29762,"date":"2025-05-27T07:18:41","date_gmt":"2025-05-27T10:18:41","guid":{"rendered":"https:\/\/minutobahia24h.com.br\/?p=29762"},"modified":"2025-05-27T07:18:42","modified_gmt":"2025-05-27T10:18:42","slug":"al-ba-deve-reinstalar-frente-parlamentar-em-defesa-da-pessoa-com-deficiencia-nesta-semana-veja-detalhes","status":"publish","type":"post","link":"https:\/\/minutobahia24h.com.br\/?p=29762","title":{"rendered":"AL-BA deve reinstalar Frente Parlamentar em Defesa da Pessoa com Defici\u00eancia nesta semana; veja detalhes"},"content":{"rendered":"<div class=\"wp-block-image\">\n<figure class=\"aligncenter size-large\"><img data-recalc-dims=\"1\" fetchpriority=\"high\" decoding=\"async\" width=\"800\" height=\"420\" src=\"https:\/\/i0.wp.com\/minutobahia24h.com.br\/wp-content\/uploads\/2025\/05\/Sem-titulo-350-1024x538.jpg?resize=800%2C420&#038;ssl=1\" alt=\"\" class=\"wp-image-29763\" srcset=\"https:\/\/i0.wp.com\/minutobahia24h.com.br\/wp-content\/uploads\/2025\/05\/Sem-titulo-350.jpg?resize=1024%2C538&amp;ssl=1 1024w, https:\/\/i0.wp.com\/minutobahia24h.com.br\/wp-content\/uploads\/2025\/05\/Sem-titulo-350.jpg?resize=300%2C158&amp;ssl=1 300w, https:\/\/i0.wp.com\/minutobahia24h.com.br\/wp-content\/uploads\/2025\/05\/Sem-titulo-350.jpg?resize=768%2C403&amp;ssl=1 768w, https:\/\/i0.wp.com\/minutobahia24h.com.br\/wp-content\/uploads\/2025\/05\/Sem-titulo-350.jpg?resize=750%2C394&amp;ssl=1 750w, https:\/\/i0.wp.com\/minutobahia24h.com.br\/wp-content\/uploads\/2025\/05\/Sem-titulo-350.jpg?resize=1140%2C599&amp;ssl=1 1140w, https:\/\/i0.wp.com\/minutobahia24h.com.br\/wp-content\/uploads\/2025\/05\/Sem-titulo-350.jpg?w=1200&amp;ssl=1 1200w\" sizes=\"(max-width: 800px) 100vw, 800px\" \/><figcaption class=\"wp-element-caption\">Foto: Paulo Mocofaya \/ Ag\u00eancia AL-BA<br><\/figcaption><\/figure>\n<\/div>\n\n\n<p>A Assembleia Legislativa da Bahia (AL-BA) deve oficializar a reinstala\u00e7\u00e3o da Frente Parlamentar em Defesa da Pessoa com Defici\u00eancia (PPDPD) ainda nesta semana. A iniciativa, proposta pela deputada estadual Claudia Oliveira (PSD), visa ampliar o debate e o monitoramento de pol\u00edticas p\u00fablicas voltadas \u00e0 popula\u00e7\u00e3o com defici\u00eancia no estado.<\/p>\n\n\n\n<p>Conforme documentos obtidos pelo Bahia Not\u00edcias, a Frente Parlamentar foi fundada oficialmente em 7 de maio de 2025, mas o requerimento para a sua cria\u00e7\u00e3o foi encaminhado para a Mesa Diretora da AL-BA somente nesta segunda-feira (26). O grupo ser\u00e1 composto por parlamentares de diferentes legendas, sob a presid\u00eancia de Claudia Oliveira.<\/p>\n\n\n\n<p>O documento que instala a Frente lista como principais objetivos: propor projetos de lei e pol\u00edticas p\u00fablicas; acompanhar a\u00e7\u00f5es governamentais; realizar fiscaliza\u00e7\u00f5es; propor emendas or\u00e7ament\u00e1rias; promover campanhas educativas e desenvolver estudos t\u00e9cnicos. A Frente tamb\u00e9m pretende ser um espa\u00e7o permanente de escuta e constru\u00e7\u00e3o coletiva, atuando como interlocutora entre a AL-BA e os diversos segmentos da sociedade civil.<\/p>\n\n\n\n<p>Entre as diretrizes, est\u00e1 a promo\u00e7\u00e3o da cidadania e dos direitos fundamentais das pessoas com defici\u00eancia, o incentivo \u00e0 inclus\u00e3o em todas as esferas sociais, a fiscaliza\u00e7\u00e3o das condi\u00e7\u00f5es de acessibilidade em espa\u00e7os p\u00fablicos e a articula\u00e7\u00e3o com \u00f3rg\u00e3os estaduais e federais para garantir a efetividade das normas j\u00e1 existentes.<\/p>\n\n\n\n<p>A justificativa do requerimento ressalta o contexto de exclus\u00e3o social enfrentado por pessoas com defici\u00eancia. Com base nos dados do Censo 2021 do IBGE, a Bahia \u00e9 o quarto estado com maior propor\u00e7\u00e3o de PCDs no pa\u00eds. Ainda segundo a justificativa, em 2019 a taxa de desemprego entre essa popula\u00e7\u00e3o chegou a 15%, acima da m\u00e9dia nacional.<\/p>\n\n\n\n<p>Outro destaque do texto \u00e9 a constata\u00e7\u00e3o de que as pol\u00edticas p\u00fablicas voltadas ao segmento ainda s\u00e3o insuficientes e, muitas vezes, mal fiscalizadas. Nesse sentido, a Frente pretende tamb\u00e9m monitorar a execu\u00e7\u00e3o or\u00e7ament\u00e1ria de programas voltados \u00e0s PCDs, atuando para que os recursos sejam efetivamente aplicados.<\/p>\n\n\n\n<p>A Frente Parlamentar ser\u00e1 integrada por todos os deputados que subscreveram o requerimento e o estatuto. Dentre os membros, est\u00e3o: Diego Castro (PL), Alex da Piat\u00e3 (PSD), Eduardo Salles (PP), Antonio Henrique Jr. (PP), Matheus Ferreira (MDB), Jos\u00e9 de Arimateia (Republicanos), Ludmilla Fiscina (PV), K\u00e1tia Oliveira (Uni\u00e3o), Maria del Carmen (PT), Ivana Bastos (PSD), F\u00e1tima Nunes (PT), Laerte do Vando (Podemos), Soane Galv\u00e3o (PSB), Eduardo Alencar (PSD), Vitor Azevedo (PL),\u00a0Rog\u00e9rio Andrade (MDB), Hassan (PP), Emerson Penalva (PDT) e Ricardo Rodrigues (PSD).\u00a0<\/p>\n\n\n\n<p>Segundo o estatuto da Frente, a dura\u00e7\u00e3o inicial ser\u00e1 de dois anos, podendo ser prorrogada. Em 2023, Claudia Oliveira tamb\u00e9m requereu a instala\u00e7\u00e3o do grupo de trabalho, tendo o mesmo \u201cprazo de validade\u201d.<\/p>\n\n\n\n<p>A Frente prev\u00ea a realiza\u00e7\u00e3o de semin\u00e1rios, audi\u00eancias p\u00fablicas, encontros com gestores e representantes da sociedade civil, al\u00e9m da elabora\u00e7\u00e3o de relat\u00f3rios peri\u00f3dicos sobre a situa\u00e7\u00e3o das pessoas com defici\u00eancia no estado. A ideia \u00e9 que o colegiado funcione como um canal direto de escuta, formula\u00e7\u00e3o e fiscaliza\u00e7\u00e3o das pol\u00edticas inclusivas.<\/p>\n\n\n\n<p>BN<\/p>\n","protected":false},"excerpt":{"rendered":"<p>A Assembleia Legislativa da Bahia (AL-BA) deve oficializar a reinstala\u00e7\u00e3o da Frente Parlamentar em Defesa da Pessoa com Defici\u00eancia (PPDPD) ainda nesta semana. A iniciativa, proposta pela deputada estadual Claudia Oliveira (PSD), visa ampliar o debate e o monitoramento de pol\u00edticas p\u00fablicas voltadas \u00e0 popula\u00e7\u00e3o com defici\u00eancia no estado. Conforme documentos obtidos pelo Bahia Not\u00edcias, [&hellip;]<\/p>\n","protected":false},"author":2,"featured_media":29763,"comment_status":"open","ping_status":"open","sticky":false,"template":"","format":"standard","meta":{"_jetpack_memberships_contains_paid_content":false,"footnotes":""},"categories":[21],"tags":[],"class_list":["post-29762","post","type-post","status-publish","format-standard","has-post-thumbnail","hentry","category-bahia"],"aioseo_notices":[],"jetpack_featured_media_url":"https:\/\/i0.wp.com\/minutobahia24h.com.br\/wp-content\/uploads\/2025\/05\/Sem-titulo-350.jpg?fit=1200%2C630&ssl=1","jetpack_sharing_enabled":true,"_links":{"self":[{"href":"https:\/\/minutobahia24h.com.br\/index.php?rest_route=\/wp\/v2\/posts\/29762","targetHints":{"allow":["GET"]}}],"collection":[{"href":"https:\/\/minutobahia24h.com.br\/index.php?rest_route=\/wp\/v2\/posts"}],"about":[{"href":"https:\/\/minutobahia24h.com.br\/index.php?rest_route=\/wp\/v2\/types\/post"}],"author":[{"embeddable":true,"href":"https:\/\/minutobahia24h.com.br\/index.php?rest_route=\/wp\/v2\/users\/2"}],"replies":[{"embeddable":true,"href":"https:\/\/minutobahia24h.com.br\/index.php?rest_route=%2Fwp%2Fv2%2Fcomments&post=29762"}],"version-history":[{"count":1,"href":"https:\/\/minutobahia24h.com.br\/index.php?rest_route=\/wp\/v2\/posts\/29762\/revisions"}],"predecessor-version":[{"id":29764,"href":"https:\/\/minutobahia24h.com.br\/index.php?rest_route=\/wp\/v2\/posts\/29762\/revisions\/29764"}],"wp:featuredmedia":[{"embeddable":true,"href":"https:\/\/minutobahia24h.com.br\/index.php?rest_route=\/wp\/v2\/media\/29763"}],"wp:attachment":[{"href":"https:\/\/minutobahia24h.com.br\/index.php?rest_route=%2Fwp%2Fv2%2Fmedia&parent=29762"}],"wp:term":[{"taxonomy":"category","embeddable":true,"href":"https:\/\/minutobahia24h.com.br\/index.php?rest_route=%2Fwp%2Fv2%2Fcategories&post=29762"},{"taxonomy":"post_tag","embeddable":true,"href":"https:\/\/minutobahia24h.com.br\/index.php?rest_route=%2Fwp%2Fv2%2Ftags&post=29762"}],"curies":[{"name":"wp","href":"https:\/\/api.w.org\/{rel}","templated":true}]}}