{"id":29756,"date":"2025-05-27T07:11:09","date_gmt":"2025-05-27T10:11:09","guid":{"rendered":"https:\/\/minutobahia24h.com.br\/?p=29756"},"modified":"2025-05-27T07:11:10","modified_gmt":"2025-05-27T10:11:10","slug":"greve-e-decretada-e-salvador-ficara-sem-onibus-a-partir-de-quinta","status":"publish","type":"post","link":"https:\/\/minutobahia24h.com.br\/?p=29756","title":{"rendered":"Greve \u00e9 decretada e Salvador ficar\u00e1 sem \u00f4nibus a partir de quinta"},"content":{"rendered":"<div class=\"wp-block-image\">\n<figure class=\"aligncenter size-large\"><img data-recalc-dims=\"1\" fetchpriority=\"high\" decoding=\"async\" width=\"800\" height=\"450\" src=\"https:\/\/i0.wp.com\/minutobahia24h.com.br\/wp-content\/uploads\/2025\/05\/Sem-titulo-348-1024x576.jpg?resize=800%2C450&#038;ssl=1\" alt=\"\" class=\"wp-image-29757\" srcset=\"https:\/\/i0.wp.com\/minutobahia24h.com.br\/wp-content\/uploads\/2025\/05\/Sem-titulo-348.jpg?resize=1024%2C576&amp;ssl=1 1024w, https:\/\/i0.wp.com\/minutobahia24h.com.br\/wp-content\/uploads\/2025\/05\/Sem-titulo-348.jpg?resize=300%2C169&amp;ssl=1 300w, https:\/\/i0.wp.com\/minutobahia24h.com.br\/wp-content\/uploads\/2025\/05\/Sem-titulo-348.jpg?resize=768%2C432&amp;ssl=1 768w, https:\/\/i0.wp.com\/minutobahia24h.com.br\/wp-content\/uploads\/2025\/05\/Sem-titulo-348.jpg?resize=750%2C422&amp;ssl=1 750w, https:\/\/i0.wp.com\/minutobahia24h.com.br\/wp-content\/uploads\/2025\/05\/Sem-titulo-348.jpg?resize=1140%2C641&amp;ssl=1 1140w, https:\/\/i0.wp.com\/minutobahia24h.com.br\/wp-content\/uploads\/2025\/05\/Sem-titulo-348.jpg?w=1200&amp;ssl=1 1200w\" sizes=\"(max-width: 800px) 100vw, 800px\" \/><figcaption class=\"wp-element-caption\">Salvador ficar\u00e1 sem \u00f4nibus a partir de quinta &#8211;\u00a0Foto: Foto: Luan Juli\u00e3o | Ag. A TARDE<br><\/figcaption><\/figure>\n<\/div>\n\n\n<p><a href=\"https:\/\/atarde.com.br\/?q=Salvador&amp;d=1\" target=\"_blank\" rel=\"noreferrer noopener\">Salvador<\/a>&nbsp;pode amanhecer sem transporte coletivo a partir da pr\u00f3xima quinta-feira, 29 de maio. O&nbsp;<a href=\"https:\/\/atarde.com.br\/?q=Sindicato+dos+Rodovi%C3%A1rios+da+Bahia&amp;d=1\" target=\"_blank\" rel=\"noreferrer noopener\">Sindicato dos Rodovi\u00e1rios da Bahia<\/a>&nbsp;anunciou que a categoria entrar\u00e1 em greve geral por tempo indeterminado a partir das 00h01 da data marcada. A decis\u00e3o foi tomada&nbsp;<a href=\"https:\/\/atarde.com.br\/salvador\/rodoviarios-seguem-sem-acordo-e-categoria-ainda-promete-greve-geral-1318670\" target=\"_blank\" rel=\"noreferrer noopener\">ap\u00f3s tr\u00eas rodadas de negocia\u00e7\u00e3o sem avan\u00e7os, mediadas pela Superintend\u00eancia Regional do Trabalho<\/a>.<\/p>\n\n\n\n<p>Segundo a entidade, a paralisa\u00e7\u00e3o dos trabalhadores do Sistema Urbano de Transporte de Salvador foi aprovada por unanimidade, e ser\u00e1 antecedida por uma nova assembleia nesta quarta-feira, 28, \u00e0s 15h, na sede do sindicato. A reuni\u00e3o deve consolidar os \u00faltimos preparativos para a deflagra\u00e7\u00e3o da greve.<\/p>\n\n\n\n<h2 class=\"wp-block-heading\">Entre as principais reivindica\u00e7\u00f5es dos rodovi\u00e1rios est\u00e3o:<\/h2>\n\n\n\n<ul class=\"wp-block-list\">\n<li>Reajuste salarial com 5% de ganho real, al\u00e9m da reposi\u00e7\u00e3o da infla\u00e7\u00e3o;<\/li>\n\n\n\n<li>Cumprimento das mudan\u00e7as na escala de folga, que segundo os trabalhadores t\u00eam sido alteradas sem aviso pr\u00e9vio;<\/li>\n\n\n\n<li>Respeito \u00e0 jornada m\u00e1xima de 7 horas di\u00e1rias, que estaria sendo descumprida por parte das empresas.<\/li>\n<\/ul>\n\n\n\n<p>O sindicato alega que, mesmo ap\u00f3s di\u00e1logo com as empresas de transporte, as demandas n\u00e3o foram atendidas, o que motivou o avan\u00e7o do movimento para o estado de greve \u2014 etapa que precede oficialmente uma paralisa\u00e7\u00e3o \u2014 at\u00e9 a decis\u00e3o final pela greve geral.<\/p>\n\n\n\n<h2 class=\"wp-block-heading\">Contraproposta patronal<\/h2>\n\n\n\n<ul class=\"wp-block-list\">\n<li>15% de contrapartida no valor do ticket alimenta\u00e7\u00e3o;<\/li>\n\n\n\n<li>Retirada de um domingo de folga por m\u00eas;<\/li>\n\n\n\n<li>Proposta de reajuste salarial de apenas 2,42%;Fim do plano de sa\u00fade, alegando a exist\u00eancia do SUS<\/li>\n\n\n\n<li>Imposi\u00e7\u00e3o da compensa\u00e7\u00e3o plena de horas, conforme determina a lei<\/li>\n\n\n\n<li>Manuten\u00e7\u00e3o da jornada parcial.<\/li>\n<\/ul>\n\n\n\n<p>A greve dos rodovi\u00e1rios deve afetar diretamente a opera\u00e7\u00e3o dos \u00f4nibus urbanos na capital baiana, com reflexos no tr\u00e2nsito, deslocamento de passageiros e funcionamento de servi\u00e7os essenciais.<\/p>\n\n\n\n<h2 class=\"wp-block-heading\">Posicionamento Secretaria de Mobilidade (Semob)<\/h2>\n\n\n\n<p>&#8220;A Secretaria de Mobilidade (Semob) foi informada que, na tarde dessa segunda-feira, 26, o Cons\u00f3rcio Integra ajuizou o diss\u00eddio coletivo e est\u00e1 aguardando o agendamento de uma audi\u00eancia pelo Tribunal Regional do Trabalho (TRT-Ba) para mais uma tentativa de concilia\u00e7\u00e3o com os rodovi\u00e1rios&#8221;.<\/p>\n\n\n\n<p>&#8220;A pasta reitera a expectativa de um acordo entre as partes a fim de evitar uma greve geral da categoria, situa\u00e7\u00e3o que causaria grande preju\u00edzo aos usu\u00e1rios do transporte de toda a cidade&#8221;.<\/p>\n\n\n\n<p>atarde<\/p>\n","protected":false},"excerpt":{"rendered":"<p>Salvador&nbsp;pode amanhecer sem transporte coletivo a partir da pr\u00f3xima quinta-feira, 29 de maio. O&nbsp;Sindicato dos Rodovi\u00e1rios da Bahia&nbsp;anunciou que a categoria entrar\u00e1 em greve geral por tempo indeterminado a partir das 00h01 da data marcada. A decis\u00e3o foi tomada&nbsp;ap\u00f3s tr\u00eas rodadas de negocia\u00e7\u00e3o sem avan\u00e7os, mediadas pela Superintend\u00eancia Regional do Trabalho. Segundo a entidade, a [&hellip;]<\/p>\n","protected":false},"author":2,"featured_media":29757,"comment_status":"open","ping_status":"open","sticky":false,"template":"","format":"standard","meta":{"_jetpack_memberships_contains_paid_content":false,"footnotes":""},"categories":[3],"tags":[],"class_list":["post-29756","post","type-post","status-publish","format-standard","has-post-thumbnail","hentry","category-regional"],"aioseo_notices":[],"jetpack_featured_media_url":"https:\/\/i0.wp.com\/minutobahia24h.com.br\/wp-content\/uploads\/2025\/05\/Sem-titulo-348.jpg?fit=1200%2C675&ssl=1","jetpack_sharing_enabled":true,"_links":{"self":[{"href":"https:\/\/minutobahia24h.com.br\/index.php?rest_route=\/wp\/v2\/posts\/29756","targetHints":{"allow":["GET"]}}],"collection":[{"href":"https:\/\/minutobahia24h.com.br\/index.php?rest_route=\/wp\/v2\/posts"}],"about":[{"href":"https:\/\/minutobahia24h.com.br\/index.php?rest_route=\/wp\/v2\/types\/post"}],"author":[{"embeddable":true,"href":"https:\/\/minutobahia24h.com.br\/index.php?rest_route=\/wp\/v2\/users\/2"}],"replies":[{"embeddable":true,"href":"https:\/\/minutobahia24h.com.br\/index.php?rest_route=%2Fwp%2Fv2%2Fcomments&post=29756"}],"version-history":[{"count":1,"href":"https:\/\/minutobahia24h.com.br\/index.php?rest_route=\/wp\/v2\/posts\/29756\/revisions"}],"predecessor-version":[{"id":29758,"href":"https:\/\/minutobahia24h.com.br\/index.php?rest_route=\/wp\/v2\/posts\/29756\/revisions\/29758"}],"wp:featuredmedia":[{"embeddable":true,"href":"https:\/\/minutobahia24h.com.br\/index.php?rest_route=\/wp\/v2\/media\/29757"}],"wp:attachment":[{"href":"https:\/\/minutobahia24h.com.br\/index.php?rest_route=%2Fwp%2Fv2%2Fmedia&parent=29756"}],"wp:term":[{"taxonomy":"category","embeddable":true,"href":"https:\/\/minutobahia24h.com.br\/index.php?rest_route=%2Fwp%2Fv2%2Fcategories&post=29756"},{"taxonomy":"post_tag","embeddable":true,"href":"https:\/\/minutobahia24h.com.br\/index.php?rest_route=%2Fwp%2Fv2%2Ftags&post=29756"}],"curies":[{"name":"wp","href":"https:\/\/api.w.org\/{rel}","templated":true}]}}