{"id":29750,"date":"2025-05-27T07:07:01","date_gmt":"2025-05-27T10:07:01","guid":{"rendered":"https:\/\/minutobahia24h.com.br\/?p=29750"},"modified":"2025-05-27T07:07:04","modified_gmt":"2025-05-27T10:07:04","slug":"camara-de-vereadores-de-filadelfia-realiza-eleicao-da-nova-mesa-diretora-nesta-terca-feira-27","status":"publish","type":"post","link":"https:\/\/minutobahia24h.com.br\/?p=29750","title":{"rendered":"C\u00e2mara de Vereadores de Filad\u00e9lfia realiza elei\u00e7\u00e3o da nova mesa diretora nesta ter\u00e7a-feira (27)"},"content":{"rendered":"<div class=\"wp-block-image\">\n<figure class=\"aligncenter size-full\"><img data-recalc-dims=\"1\" fetchpriority=\"high\" decoding=\"async\" width=\"800\" height=\"450\" src=\"https:\/\/i0.wp.com\/minutobahia24h.com.br\/wp-content\/uploads\/2025\/05\/Sem-titulo-346.jpg?resize=800%2C450&#038;ssl=1\" alt=\"\" class=\"wp-image-29751\" srcset=\"https:\/\/i0.wp.com\/minutobahia24h.com.br\/wp-content\/uploads\/2025\/05\/Sem-titulo-346.jpg?w=1024&amp;ssl=1 1024w, https:\/\/i0.wp.com\/minutobahia24h.com.br\/wp-content\/uploads\/2025\/05\/Sem-titulo-346.jpg?resize=300%2C169&amp;ssl=1 300w, https:\/\/i0.wp.com\/minutobahia24h.com.br\/wp-content\/uploads\/2025\/05\/Sem-titulo-346.jpg?resize=768%2C432&amp;ssl=1 768w, https:\/\/i0.wp.com\/minutobahia24h.com.br\/wp-content\/uploads\/2025\/05\/Sem-titulo-346.jpg?resize=750%2C422&amp;ssl=1 750w\" sizes=\"(max-width: 800px) 100vw, 800px\" \/><figcaption class=\"wp-element-caption\"><strong>Foto: Diga News<\/strong><\/figcaption><\/figure>\n<\/div>\n\n\n<p><\/p>\n\n\n\n<p>A C\u00e2mara de Vereadores de Filad\u00e9lfia realizar\u00e1, nesta ter\u00e7a-feira, dia 27 de maio, uma sess\u00e3o extraordin\u00e1ria para a elei\u00e7\u00e3o da nova mesa diretora da Casa Legislativa. A convoca\u00e7\u00e3o foi feita pelo atual presidente da C\u00e2mara, vereador La\u00edlson Miranda, conhecido como La\u00edlson da Aroeira.<\/p>\n\n\n\n<p>A sess\u00e3o est\u00e1 marcada para \u00e0s 19h e ser\u00e1 realizada na sede da C\u00e2mara Municipal. Apenas uma chapa foi registrada para a disputa, composta pelos seguintes parlamentares:&nbsp;<strong>Presidente<\/strong>: Francisco Lopes, o \u201cChic\u00e3o)\u201dVice-presidente: La\u00edlson Miranda, ou \u201cLa\u00edlson da Aroeira\u201d&nbsp;<strong>Primeiro secret\u00e1rio:&nbsp;<\/strong>Jo\u00e3o Batista&nbsp;<strong>Segundo secret\u00e1rio:<\/strong>&nbsp;Argeu Cerqueira, o \u201cAgel do Queijo\u201d.A elei\u00e7\u00e3o da nova mesa diretora refor\u00e7a os entendimentos pol\u00edticos internos do legislativo municipal e deve ocorrer de forma tranquila, uma vez que n\u00e3o h\u00e1 concorr\u00eancia direta.<\/p>\n\n\n\n<p>A expectativa \u00e9 de que a sess\u00e3o seja acompanhada por lideran\u00e7as locais e pela comunidade, interessada nos rumos pol\u00edticos da cidade. O Espa\u00e7o Aberto acompanhar\u00e1 os desdobramentos da elei\u00e7\u00e3o e trar\u00e1 todas as informa\u00e7\u00f5es.<\/p>\n\n\n\n<p>portalespacoaberto<\/p>\n\n\n\n<p><\/p>\n","protected":false},"excerpt":{"rendered":"<p>A C\u00e2mara de Vereadores de Filad\u00e9lfia realizar\u00e1, nesta ter\u00e7a-feira, dia 27 de maio, uma sess\u00e3o extraordin\u00e1ria para a elei\u00e7\u00e3o da nova mesa diretora da Casa Legislativa. A convoca\u00e7\u00e3o foi feita pelo atual presidente da C\u00e2mara, vereador La\u00edlson Miranda, conhecido como La\u00edlson da Aroeira. A sess\u00e3o est\u00e1 marcada para \u00e0s 19h e ser\u00e1 realizada na sede [&hellip;]<\/p>\n","protected":false},"author":2,"featured_media":29751,"comment_status":"open","ping_status":"open","sticky":false,"template":"","format":"standard","meta":{"_jetpack_memberships_contains_paid_content":false,"footnotes":""},"categories":[3],"tags":[],"class_list":["post-29750","post","type-post","status-publish","format-standard","has-post-thumbnail","hentry","category-regional"],"aioseo_notices":[],"jetpack_featured_media_url":"https:\/\/i0.wp.com\/minutobahia24h.com.br\/wp-content\/uploads\/2025\/05\/Sem-titulo-346.jpg?fit=1024%2C576&ssl=1","jetpack_sharing_enabled":true,"_links":{"self":[{"href":"https:\/\/minutobahia24h.com.br\/index.php?rest_route=\/wp\/v2\/posts\/29750","targetHints":{"allow":["GET"]}}],"collection":[{"href":"https:\/\/minutobahia24h.com.br\/index.php?rest_route=\/wp\/v2\/posts"}],"about":[{"href":"https:\/\/minutobahia24h.com.br\/index.php?rest_route=\/wp\/v2\/types\/post"}],"author":[{"embeddable":true,"href":"https:\/\/minutobahia24h.com.br\/index.php?rest_route=\/wp\/v2\/users\/2"}],"replies":[{"embeddable":true,"href":"https:\/\/minutobahia24h.com.br\/index.php?rest_route=%2Fwp%2Fv2%2Fcomments&post=29750"}],"version-history":[{"count":1,"href":"https:\/\/minutobahia24h.com.br\/index.php?rest_route=\/wp\/v2\/posts\/29750\/revisions"}],"predecessor-version":[{"id":29752,"href":"https:\/\/minutobahia24h.com.br\/index.php?rest_route=\/wp\/v2\/posts\/29750\/revisions\/29752"}],"wp:featuredmedia":[{"embeddable":true,"href":"https:\/\/minutobahia24h.com.br\/index.php?rest_route=\/wp\/v2\/media\/29751"}],"wp:attachment":[{"href":"https:\/\/minutobahia24h.com.br\/index.php?rest_route=%2Fwp%2Fv2%2Fmedia&parent=29750"}],"wp:term":[{"taxonomy":"category","embeddable":true,"href":"https:\/\/minutobahia24h.com.br\/index.php?rest_route=%2Fwp%2Fv2%2Fcategories&post=29750"},{"taxonomy":"post_tag","embeddable":true,"href":"https:\/\/minutobahia24h.com.br\/index.php?rest_route=%2Fwp%2Fv2%2Ftags&post=29750"}],"curies":[{"name":"wp","href":"https:\/\/api.w.org\/{rel}","templated":true}]}}