{"id":29747,"date":"2025-05-27T07:05:30","date_gmt":"2025-05-27T10:05:30","guid":{"rendered":"https:\/\/minutobahia24h.com.br\/?p=29747"},"modified":"2025-05-27T07:05:32","modified_gmt":"2025-05-27T10:05:32","slug":"estudantes-de-andorinha-podem-fazer-o-enem-na-propria-cidade-em-2025","status":"publish","type":"post","link":"https:\/\/minutobahia24h.com.br\/?p=29747","title":{"rendered":"Estudantes de Andorinha Podem Fazer o ENEM na Pr\u00f3pria Cidade em 2025"},"content":{"rendered":"<div class=\"wp-block-image\">\n<figure class=\"aligncenter size-full\"><img data-recalc-dims=\"1\" fetchpriority=\"high\" decoding=\"async\" width=\"640\" height=\"458\" src=\"https:\/\/i0.wp.com\/minutobahia24h.com.br\/wp-content\/uploads\/2025\/05\/Sem-titulo-345.jpg?resize=640%2C458&#038;ssl=1\" alt=\"\" class=\"wp-image-29748\" srcset=\"https:\/\/i0.wp.com\/minutobahia24h.com.br\/wp-content\/uploads\/2025\/05\/Sem-titulo-345.jpg?w=640&amp;ssl=1 640w, https:\/\/i0.wp.com\/minutobahia24h.com.br\/wp-content\/uploads\/2025\/05\/Sem-titulo-345.jpg?resize=300%2C215&amp;ssl=1 300w, https:\/\/i0.wp.com\/minutobahia24h.com.br\/wp-content\/uploads\/2025\/05\/Sem-titulo-345.jpg?resize=120%2C86&amp;ssl=1 120w, https:\/\/i0.wp.com\/minutobahia24h.com.br\/wp-content\/uploads\/2025\/05\/Sem-titulo-345.jpg?resize=350%2C250&amp;ssl=1 350w\" sizes=\"(max-width: 640px) 100vw, 640px\" \/><\/figure>\n<\/div>\n\n\n<p><strong>Inscri\u00e7\u00f5es abertas de 26 de maio a 6 de junho<\/strong><\/p>\n\n\n\n<p>Boa not\u00edcia para os estudantes de Andorinha e regi\u00e3o! O munic\u00edpio foi confirmado como polo de aplica\u00e7\u00e3o do Exame Nacional do Ensino M\u00e9dio (<strong>ENEM<\/strong>)&nbsp;<strong>2025<\/strong>. A decis\u00e3o traz mais comodidade aos candidatos locais, que n\u00e3o precisar\u00e3o se deslocar para outras cidades para realizar as provas.<\/p>\n\n\n\n<p>\ud83d\uddd3\ufe0f&nbsp;<strong>Datas importantes:<\/strong><\/p>\n\n\n\n<p>Inscri\u00e7\u00f5es: de 26 de maio a 6 de junho, exclusivamente pelo site gov.br\/enem<\/p>\n\n\n\n<p><strong>Provas:<\/strong><\/p>\n\n\n\n<p><strong>1\u00ba<\/strong>&nbsp;dia \u2013&nbsp;<strong>09<\/strong>&nbsp;de novembro: Reda\u00e7\u00e3o, Linguagens e Ci\u00eancias Humanas (<strong>5h30 de dura\u00e7\u00e3o<\/strong>)<\/p>\n\n\n\n<p><strong>2\u00ba&nbsp;<\/strong>dia \u2013&nbsp;<strong>16<\/strong>&nbsp;de novembro: Matem\u00e1tica e Ci\u00eancias da Natureza (<strong>5h de dura\u00e7\u00e3o<\/strong>)<\/p>\n\n\n\n<p>\ud83c\udfeb&nbsp;<strong>Estrutura pronta para receber os candidatos<\/strong><\/p>\n\n\n\n<p>Andorinha conta com locais de prova acess\u00edveis, seguros e confort\u00e1veis, preparados para acolher todos os estudantes com tranquilidade.<\/p>\n\n\n\n<p>\ud83c\udf93 Por que fazer o&nbsp;<strong>ENEM<\/strong>?<\/p>\n\n\n\n<p>O&nbsp;<strong>ENEM<\/strong>&nbsp;\u00e9 a porta de entrada para o ensino superior:<\/p>\n\n\n\n<p>Universidades p\u00fablicas (<em>via Sisu<\/em>)<\/p>\n\n\n\n<p>Bolsas de estudo em faculdades privadas (<em>via Prouni<\/em>)<\/p>\n\n\n\n<p>Financiamentos estudantis (<em>via Fies<\/em>)<\/p>\n\n\n\n<p>Faculdades internacionais que aceitam a nota do exame<\/p>\n\n\n\n<p>\ud83d\udcda&nbsp;<strong>Prepare-se!<\/strong><\/p>\n\n\n\n<p>O futuro come\u00e7a com uma escolha. N\u00e3o perca o prazo de inscri\u00e7\u00e3o e comece agora sua prepara\u00e7\u00e3o!<\/p>\n\n\n\n<p>andorinhanews<\/p>\n","protected":false},"excerpt":{"rendered":"<p>Inscri\u00e7\u00f5es abertas de 26 de maio a 6 de junho Boa not\u00edcia para os estudantes de Andorinha e regi\u00e3o! O munic\u00edpio foi confirmado como polo de aplica\u00e7\u00e3o do Exame Nacional do Ensino M\u00e9dio (ENEM)&nbsp;2025. A decis\u00e3o traz mais comodidade aos candidatos locais, que n\u00e3o precisar\u00e3o se deslocar para outras cidades para realizar as provas. \ud83d\uddd3\ufe0f&nbsp;Datas [&hellip;]<\/p>\n","protected":false},"author":2,"featured_media":29748,"comment_status":"open","ping_status":"open","sticky":false,"template":"","format":"standard","meta":{"_jetpack_memberships_contains_paid_content":false,"footnotes":""},"categories":[3],"tags":[],"class_list":["post-29747","post","type-post","status-publish","format-standard","has-post-thumbnail","hentry","category-regional"],"aioseo_notices":[],"jetpack_featured_media_url":"https:\/\/i0.wp.com\/minutobahia24h.com.br\/wp-content\/uploads\/2025\/05\/Sem-titulo-345.jpg?fit=640%2C458&ssl=1","jetpack_sharing_enabled":true,"_links":{"self":[{"href":"https:\/\/minutobahia24h.com.br\/index.php?rest_route=\/wp\/v2\/posts\/29747","targetHints":{"allow":["GET"]}}],"collection":[{"href":"https:\/\/minutobahia24h.com.br\/index.php?rest_route=\/wp\/v2\/posts"}],"about":[{"href":"https:\/\/minutobahia24h.com.br\/index.php?rest_route=\/wp\/v2\/types\/post"}],"author":[{"embeddable":true,"href":"https:\/\/minutobahia24h.com.br\/index.php?rest_route=\/wp\/v2\/users\/2"}],"replies":[{"embeddable":true,"href":"https:\/\/minutobahia24h.com.br\/index.php?rest_route=%2Fwp%2Fv2%2Fcomments&post=29747"}],"version-history":[{"count":1,"href":"https:\/\/minutobahia24h.com.br\/index.php?rest_route=\/wp\/v2\/posts\/29747\/revisions"}],"predecessor-version":[{"id":29749,"href":"https:\/\/minutobahia24h.com.br\/index.php?rest_route=\/wp\/v2\/posts\/29747\/revisions\/29749"}],"wp:featuredmedia":[{"embeddable":true,"href":"https:\/\/minutobahia24h.com.br\/index.php?rest_route=\/wp\/v2\/media\/29748"}],"wp:attachment":[{"href":"https:\/\/minutobahia24h.com.br\/index.php?rest_route=%2Fwp%2Fv2%2Fmedia&parent=29747"}],"wp:term":[{"taxonomy":"category","embeddable":true,"href":"https:\/\/minutobahia24h.com.br\/index.php?rest_route=%2Fwp%2Fv2%2Fcategories&post=29747"},{"taxonomy":"post_tag","embeddable":true,"href":"https:\/\/minutobahia24h.com.br\/index.php?rest_route=%2Fwp%2Fv2%2Ftags&post=29747"}],"curies":[{"name":"wp","href":"https:\/\/api.w.org\/{rel}","templated":true}]}}