{"id":29726,"date":"2025-05-26T07:49:08","date_gmt":"2025-05-26T10:49:08","guid":{"rendered":"https:\/\/minutobahia24h.com.br\/?p=29726"},"modified":"2025-05-26T07:49:10","modified_gmt":"2025-05-26T10:49:10","slug":"diretor-de-conteudo-do-uol-foi-alvo-de-medida-protetiva-por-agressao-contra-filhos-adolescentes","status":"publish","type":"post","link":"https:\/\/minutobahia24h.com.br\/?p=29726","title":{"rendered":"Diretor de conte\u00fado do Uol foi alvo de medida protetiva por agress\u00e3o contra filhos adolescentes"},"content":{"rendered":"<div class=\"wp-block-image\">\n<figure class=\"aligncenter size-large\"><img data-recalc-dims=\"1\" fetchpriority=\"high\" decoding=\"async\" width=\"800\" height=\"420\" src=\"https:\/\/i0.wp.com\/minutobahia24h.com.br\/wp-content\/uploads\/2025\/05\/Sem-titulo-340-1024x538.jpg?resize=800%2C420&#038;ssl=1\" alt=\"\" class=\"wp-image-29727\" srcset=\"https:\/\/i0.wp.com\/minutobahia24h.com.br\/wp-content\/uploads\/2025\/05\/Sem-titulo-340.jpg?resize=1024%2C538&amp;ssl=1 1024w, https:\/\/i0.wp.com\/minutobahia24h.com.br\/wp-content\/uploads\/2025\/05\/Sem-titulo-340.jpg?resize=300%2C158&amp;ssl=1 300w, https:\/\/i0.wp.com\/minutobahia24h.com.br\/wp-content\/uploads\/2025\/05\/Sem-titulo-340.jpg?resize=768%2C403&amp;ssl=1 768w, https:\/\/i0.wp.com\/minutobahia24h.com.br\/wp-content\/uploads\/2025\/05\/Sem-titulo-340.jpg?resize=750%2C394&amp;ssl=1 750w, https:\/\/i0.wp.com\/minutobahia24h.com.br\/wp-content\/uploads\/2025\/05\/Sem-titulo-340.jpg?resize=1140%2C599&amp;ssl=1 1140w, https:\/\/i0.wp.com\/minutobahia24h.com.br\/wp-content\/uploads\/2025\/05\/Sem-titulo-340.jpg?w=1200&amp;ssl=1 1200w\" sizes=\"(max-width: 800px) 100vw, 800px\" \/><figcaption class=\"wp-element-caption\">Foto: Elza Fiuza\/Arquivo Ag\u00eancia Brasil<br><\/figcaption><\/figure>\n<\/div>\n\n\n<p>O jornalista Murilo de Paula Eduardo Garavello, coordenador de conte\u00fado do portal Uol, foi alvo de uma Medida Protetiva de Urg\u00eancia por viol\u00eancia dom\u00e9stica e familiar contra seus filhos adolescentes. O processo foi movido pela sua ex-esposa, Priscila Baptist\u00e3o, ap\u00f3s relatos de sua filha mais velha, \u00e0 \u00e9poca, de 15 anos, e depois de receber v\u00eddeos de amea\u00e7as de Murilo contra a adolescente.<\/p>\n\n\n\n<p>O Bahia Not\u00edcias obteve acesso ao processo, que correu em segredo de justi\u00e7a no ano passado. A fim de preservar a identidade dos menores de idade, a reportagem adotou os nomes fict\u00edcios Ellen, para a filha mais velha e M\u00e1rio, para o mais novo, de 12 anos.<\/p>\n\n\n\n<p>Conforme processo movido por Priscila, a necessidade de medidas protetivas foi motivada por eventos cr\u00edticos envolvendo viol\u00eancia f\u00edsica e psicol\u00f3gica de Murilo contra os filhos. Ela relatou que o div\u00f3rcio foi motivado pela &#8220;abusividade da rela\u00e7\u00e3o amorosa por parte de Murilo&#8221;, seu &#8220;temperamento explosivo&#8221; e &#8220;imensas viol\u00eancias psicol\u00f3gicas&#8221; contra ela, que causaram traumas.<\/p>\n\n\n\n<p>O primeiro caso ocorreu em outubro de 2023, quando Murilo teria agredido Ellen fisicamente a caminho de uma apresenta\u00e7\u00e3o de bal\u00e9 ap\u00f3s um desentendimento. A adolescente, inclusive, teria compartilhado uma imagem da regi\u00e3o da coxa com um hematoma.<\/p>\n\n\n<div class=\"wp-block-image\">\n<figure class=\"aligncenter\"><img data-recalc-dims=\"1\" decoding=\"async\" data-src=\"https:\/\/i0.wp.com\/www.bahianoticias.com.br\/fotos\/principal_noticias\/305028\/mg\/fotocoxa..jpg?w=800&#038;ssl=1\" alt=\"\" src=\"data:image\/gif;base64,R0lGODlhAQABAAAAACH5BAEKAAEALAAAAAABAAEAAAICTAEAOw==\" class=\"lazyload\" \/><noscript><img data-recalc-dims=\"1\" decoding=\"async\" src=\"https:\/\/i0.wp.com\/www.bahianoticias.com.br\/fotos\/principal_noticias\/305028\/mg\/fotocoxa..jpg?w=800&#038;ssl=1\" alt=\"\"\/><\/noscript><\/figure>\n<\/div>\n\n\n<p>Outro caso de agress\u00e3o teria ocorrido no dia 18 de maio de 2024. Conforme autos do processo, Murilo estava no carro com os filhos na Rodovia dos Bandeirantes, em S\u00e3o Paulo.<\/p>\n\n\n\n<p>Ellen enviou mensagens \u00e0 m\u00e3e relatando que Murilo a havia agredido f\u00edsica e verbalmente, amea\u00e7ado de morte e tentado tirar seu celular ap\u00f3s um desentendimento. O &#8220;gatilho&#8221; para os fatos teria sido o fato de Ellen, que estava fazendo provas na escola, n\u00e3o ter atendido o telefone imediatamente. Ellen conseguiu filmar parte do ocorrido.<\/p>\n\n\n<div class=\"wp-block-image\">\n<figure class=\"aligncenter\"><img data-recalc-dims=\"1\" decoding=\"async\" data-src=\"https:\/\/i0.wp.com\/www.bahianoticias.com.br\/fotos\/principal_noticias\/305028\/mg\/print..jpg?w=800&#038;ssl=1\" alt=\"\" src=\"data:image\/gif;base64,R0lGODlhAQABAAAAACH5BAEKAAEALAAAAAABAAEAAAICTAEAOw==\" class=\"lazyload\" \/><noscript><img data-recalc-dims=\"1\" decoding=\"async\" src=\"https:\/\/i0.wp.com\/www.bahianoticias.com.br\/fotos\/principal_noticias\/305028\/mg\/print..jpg?w=800&#038;ssl=1\" alt=\"\"\/><\/noscript><\/figure>\n<\/div>\n\n<div class=\"wp-block-image\">\n<figure class=\"aligncenter\"><img data-recalc-dims=\"1\" decoding=\"async\" data-src=\"https:\/\/i0.wp.com\/www.bahianoticias.com.br\/fotos\/principal_noticias\/305028\/mg\/print2..jpg?w=800&#038;ssl=1\" alt=\"\" src=\"data:image\/gif;base64,R0lGODlhAQABAAAAACH5BAEKAAEALAAAAAABAAEAAAICTAEAOw==\" class=\"lazyload\" \/><noscript><img data-recalc-dims=\"1\" decoding=\"async\" src=\"https:\/\/i0.wp.com\/www.bahianoticias.com.br\/fotos\/principal_noticias\/305028\/mg\/print2..jpg?w=800&#038;ssl=1\" alt=\"\"\/><\/noscript><\/figure>\n<\/div>\n\n\n<p><\/p>\n\n\n\n<p>Na semana seguinte, no dia 26 de maio, a m\u00e3e dos adolescentes registrou um Boletim de Ocorr\u00eancia na 14] Delegacia de Pol\u00edcia de Pinheiros (SP) e solicitou medidas protetivas de urg\u00eancia.<\/p>\n\n\n\n<p>No dia 31 de maio, as medidas protetivas foram inicialmente concedidas pelo Ju\u00edzo de Plant\u00e3o, proibindo Murilo de se aproximar, contatar por qualquer meio e frequentar os mesmos lugares que Ellen e M\u00e1rio. Na \u00e9poca, o Minist\u00e9rio P\u00fablico manifestou-se favoravelmente ao deferimento inicial, considerando o conte\u00fado dos v\u00eddeos.\u00a0<\/p>\n\n\n\n<p>A decis\u00e3o inicial ressaltou que a an\u00e1lise sobre guarda e assuntos de fam\u00edlia caberia \u00e0 Vara da Fam\u00edlia competente e que as medidas eram cautelares e provis\u00f3rias, devendo ser reavaliadas pelo Ju\u00edzo competente.<\/p>\n\n\n\n<p>A defesa de Murilo discordou da decis\u00e3o e recorreu do processo. O advogado do acusado contestou as medidas, argumentando que a prova se baseava exclusivamente nas mensagens e v\u00eddeos enviados por Ellen \u00e0 m\u00e3e. Ele tamb\u00e9m destacou dificuldades do casal em impor regras aos filhos adolescentes e sugeriu que a adolescente poderia ter um &#8220;certo poder de manipula\u00e7\u00e3o dos fatos.<\/p>\n\n\n\n<p>\u201cCabe aqui dizer sobre os v\u00eddeos, em especial daquele em que o Peticion\u00e1rio diz \u00e0 filha, quando discutem sobre o fato de Elis n\u00e3o ter separado suas coisas para a viagem at\u00e9 Piracicaba. Disse o Peticion\u00e1rio para Elis: \u2018Vontade de te matar, vontade de te matar, filha\u2019. \u00c9 uma evidente forma de express\u00e3o, quando se est\u00e1 com raiva, o que n\u00e3o significa que o Peticion\u00e1rio v\u00e1 agir ao p\u00e9 da letra. Elis se mostra uma adolescente rebelde e usa a separa\u00e7\u00e3o dos pais em seu benef\u00edcio. Muitas vezes colocando um contra o outro, de acordo com seu interesse moment\u00e2neo\u201d, escreveu o advogado.<\/p>\n\n\n\n<p>Ao longo do processo no Ju\u00edzo Criminal, houve discuss\u00f5es e altera\u00e7\u00f5es nas medidas protetivas. O Ju\u00edzo reconheceu que n\u00e3o possu\u00eda equipe t\u00e9cnica adequada para realizar estudo social e uma regulamenta\u00e7\u00e3o de visitas aprofundada, reiterando que a an\u00e1lise caberia ao Ju\u00edzo da Vara de Fam\u00edlia, que possui estrutura e setor psicossocial para tal avalia\u00e7\u00e3o. As medidas protetivas criminais foram vistas como de car\u00e1ter emergencial e provis\u00f3rio, destinadas \u00e0 mitiga\u00e7\u00e3o de riscos imediatos.<\/p>\n\n\n\n<p>Ao longo do processo, a defesa de Murilo apresentou documentos para comprovar que o acuso era um pai presente na vida dos filhos, cumprindo o acordo de pens\u00e3o para os adolescentes e colaborando no pagamento de seus estudos.<\/p>\n\n\n\n<p>Em determinado momento, considerando que os autos n\u00e3o demonstravam a necessidade do afastamento total do genitor em rela\u00e7\u00e3o \u00e0 filha Ellen, o Ju\u00edzo Criminal reconsiderou parcialmente a medida, determinando apenas o afastamento f\u00edsico, mas permitindo contato virtual por mensagens e liga\u00e7\u00f5es de v\u00eddeo.<\/p>\n\n\n\n<p>Posteriormente, a medida foi revogada para M\u00e1rio, sob o entendimento inicial de que ele n\u00e3o teve rela\u00e7\u00e3o direta com os fatos narrados, embora a m\u00e3e tenha contestado, apontando o abalo emocional do filho e um epis\u00f3dio anterior de descontrole de Murilo ao saber que M\u00e1rio n\u00e3o queria v\u00ea-lo.<\/p>\n\n\n\n<p>Depois disso, a defesa de Murilo apresentou documentos para comprovar que o acusado era um pai presente na vida dos filhos, cumprindo o acordo de pens\u00e3o para os adolescentes e colaborando no pagamento de seus estudos. Al\u00e9m disso, ele teria mostrado conversas com M\u00e1rio em que o adolescente demonstrava ter uma \u201cboa conviv\u00eancia\u201d com seu genitor. A inten\u00e7\u00e3o era a revoga\u00e7\u00e3o total das medidas, sob alega\u00e7\u00e3o de que a quest\u00e3o da conviv\u00eancia familiar e visitas deveria ser tratada exclusivamente pelo Ju\u00edzo de Fam\u00edlia.<\/p>\n\n\n\n<p>O Minist\u00e9rio P\u00fablico, por sua vez, manifestou-se pela manuten\u00e7\u00e3o das medidas protetivas no \u00e2mbito criminal, considerando que os v\u00eddeos evidenciavam agress\u00f5es e que a prote\u00e7\u00e3o das crian\u00e7as era a quest\u00e3o central naquele momento.<\/p>\n\n\n\n<p>A situa\u00e7\u00e3o jur\u00eddica das medidas protetivas no \u00e2mbito criminal chegou a um ponto de virada quando o Ju\u00edzo da Vara de Fam\u00edlia proferiu decis\u00e3o sobre a conviv\u00eancia familiar. As medidas protetivas anteriormente aplicadas nos autos criminais foram revogadas em 09 de dezembro de 2024. O Ju\u00edzo Criminal considerou que sua atua\u00e7\u00e3o se destinava \u00e0 mitiga\u00e7\u00e3o de situa\u00e7\u00f5es de risco e que essa quest\u00e3o foi devidamente solucionada pelo competente Ju\u00edzo C\u00edvel.<\/p>\n\n\n\n<p>Concomitantemente, o Ju\u00edzo da 1\u00aa Vara da Fam\u00edlia e Sucess\u00f5es do Foro Central C\u00edvel, regulamentou o direito de visitas das partes em 09 de dezembro de 2024. A decis\u00e3o criminal reconheceu que a an\u00e1lise exauriente sobre a conviv\u00eancia familiar e o direito de visitas \u00e9 de compet\u00eancia do Ju\u00edzo da Vara de Fam\u00edlia e que a decis\u00e3o deste Ju\u00edzo deve prevalecer.<\/p>\n\n\n\n<p>Diante da revoga\u00e7\u00e3o das medidas protetivas e da regulamenta\u00e7\u00e3o das visitas pelo Ju\u00edzo C\u00edvel, e considerando a inexist\u00eancia de outras provid\u00eancias a serem adotadas pelo Ju\u00edzo Criminal, os autos das medidas protetivas de urg\u00eancia foram arquivados em 09 de dezembro de 2024.<\/p>\n\n\n\n<p>Priscila e Murilo foram casados de 2005 a 2015, com div\u00f3rcio decretado em 2018. A guarda dos filhos, Ellen, ent\u00e3o com 15 anos, e M\u00e1rio, com 12 anos, \u00e9 compartilhada desde setembro de 2018, com resid\u00eancia fixada com a m\u00e3e.<\/p>\n\n\n\n<p>BN<\/p>\n","protected":false},"excerpt":{"rendered":"<p>O jornalista Murilo de Paula Eduardo Garavello, coordenador de conte\u00fado do portal Uol, foi alvo de uma Medida Protetiva de Urg\u00eancia por viol\u00eancia dom\u00e9stica e familiar contra seus filhos adolescentes. O processo foi movido pela sua ex-esposa, Priscila Baptist\u00e3o, ap\u00f3s relatos de sua filha mais velha, \u00e0 \u00e9poca, de 15 anos, e depois de receber [&hellip;]<\/p>\n","protected":false},"author":2,"featured_media":29727,"comment_status":"open","ping_status":"open","sticky":false,"template":"","format":"standard","meta":{"_jetpack_memberships_contains_paid_content":false,"footnotes":""},"categories":[46],"tags":[],"class_list":["post-29726","post","type-post","status-publish","format-standard","has-post-thumbnail","hentry","category-noticia"],"aioseo_notices":[],"jetpack_featured_media_url":"https:\/\/i0.wp.com\/minutobahia24h.com.br\/wp-content\/uploads\/2025\/05\/Sem-titulo-340.jpg?fit=1200%2C630&ssl=1","jetpack_sharing_enabled":true,"_links":{"self":[{"href":"https:\/\/minutobahia24h.com.br\/index.php?rest_route=\/wp\/v2\/posts\/29726","targetHints":{"allow":["GET"]}}],"collection":[{"href":"https:\/\/minutobahia24h.com.br\/index.php?rest_route=\/wp\/v2\/posts"}],"about":[{"href":"https:\/\/minutobahia24h.com.br\/index.php?rest_route=\/wp\/v2\/types\/post"}],"author":[{"embeddable":true,"href":"https:\/\/minutobahia24h.com.br\/index.php?rest_route=\/wp\/v2\/users\/2"}],"replies":[{"embeddable":true,"href":"https:\/\/minutobahia24h.com.br\/index.php?rest_route=%2Fwp%2Fv2%2Fcomments&post=29726"}],"version-history":[{"count":1,"href":"https:\/\/minutobahia24h.com.br\/index.php?rest_route=\/wp\/v2\/posts\/29726\/revisions"}],"predecessor-version":[{"id":29728,"href":"https:\/\/minutobahia24h.com.br\/index.php?rest_route=\/wp\/v2\/posts\/29726\/revisions\/29728"}],"wp:featuredmedia":[{"embeddable":true,"href":"https:\/\/minutobahia24h.com.br\/index.php?rest_route=\/wp\/v2\/media\/29727"}],"wp:attachment":[{"href":"https:\/\/minutobahia24h.com.br\/index.php?rest_route=%2Fwp%2Fv2%2Fmedia&parent=29726"}],"wp:term":[{"taxonomy":"category","embeddable":true,"href":"https:\/\/minutobahia24h.com.br\/index.php?rest_route=%2Fwp%2Fv2%2Fcategories&post=29726"},{"taxonomy":"post_tag","embeddable":true,"href":"https:\/\/minutobahia24h.com.br\/index.php?rest_route=%2Fwp%2Fv2%2Ftags&post=29726"}],"curies":[{"name":"wp","href":"https:\/\/api.w.org\/{rel}","templated":true}]}}