{"id":2972,"date":"2023-10-26T10:14:32","date_gmt":"2023-10-26T13:14:32","guid":{"rendered":"https:\/\/minutobahia24h.com.br\/?p=2972"},"modified":"2023-10-26T10:14:33","modified_gmt":"2023-10-26T13:14:33","slug":"ministra-da-saude-anuncia-investimentos-de-r-41-bi-em-2024-para-ampliacao-do-atendimento-pelo-sus","status":"publish","type":"post","link":"https:\/\/minutobahia24h.com.br\/?p=2972","title":{"rendered":"Ministra da Sa\u00fade anuncia investimentos de R$ 41 bi em 2024 para amplia\u00e7\u00e3o do atendimento pelo SUS"},"content":{"rendered":"<div class=\"wp-block-image\">\n<figure class=\"aligncenter size-full\"><img data-recalc-dims=\"1\" fetchpriority=\"high\" decoding=\"async\" width=\"671\" height=\"450\" src=\"https:\/\/i0.wp.com\/minutobahia24h.com.br\/wp-content\/uploads\/2023\/10\/Sem-titulo-172.jpg?resize=671%2C450&#038;ssl=1\" alt=\"\" class=\"wp-image-2974\" srcset=\"https:\/\/i0.wp.com\/minutobahia24h.com.br\/wp-content\/uploads\/2023\/10\/Sem-titulo-172.jpg?w=671&amp;ssl=1 671w, https:\/\/i0.wp.com\/minutobahia24h.com.br\/wp-content\/uploads\/2023\/10\/Sem-titulo-172.jpg?resize=300%2C201&amp;ssl=1 300w\" sizes=\"(max-width: 671px) 100vw, 671px\" \/><figcaption class=\"wp-element-caption\"><sub>Foto: Edilson Rodrigues\/Ag\u00eancia Senado<\/sub><br><\/figcaption><\/figure>\n<\/div>\n\n\n<p>Em mais de quatro horas de audi\u00eancia p\u00fablica conjunta das Comiss\u00f5es de Assuntos Sociais e a de Direitos Humanos do Senado, a ministra da Sa\u00fade, N\u00edsia Trindade, falou sobre os desafios, metas, planejamento e diretrizes governamentais da pasta. E anunciou a expans\u00e3o do atendimento pelo SUS, Sistema \u00danico de Sa\u00fade, com investimentos de R$ 41 bilh\u00f5es no ano que vem.<\/p>\n\n\n\n<p>Ao agradecer ao Congresso Nacional pela aprova\u00e7\u00e3o da proposta de emenda \u00e0 Constitui\u00e7\u00e3o da transi\u00e7\u00e3o, que permitiu aumentar os gastos em sa\u00fade, ela citou entre as prioridades da Pasta a amplia\u00e7\u00e3o da aten\u00e7\u00e3o prim\u00e1ria e especializada, fortalecimento do complexo industrial da sa\u00fade, em especial das vacinas, e a expans\u00e3o da sa\u00fade digital.<\/p>\n\n\n\n<p>N\u00edsia Trindade tamb\u00e9m destacou que o Minist\u00e9rio da Sa\u00fade prioriza a prepara\u00e7\u00e3o para enfrentar emerg\u00eancias, como pandemias e crises ambientais, que segundo ela, ser\u00e3o recorrentes em todo o mundo.<\/p>\n\n\n\n<p>\u201cA prepara\u00e7\u00e3o frente \u00e0s emerg\u00eancias precisa ser uma prioridade no nosso pa\u00eds porque n\u00e3o se pode nem falar mais de crises, crises sanit\u00e1rias, crises ambientais, porque elas parecem ter vindo para ficar. Ent\u00e3o, temos que estar preparados para este enfrentamento\u201d, falou N\u00edsia.<\/p>\n\n\n\n<p>O senador Veneziano Vital do R\u00eago, do MDB paraibano, tamb\u00e9m ressaltou a import\u00e2ncia do Congresso para viabilizar as a\u00e7\u00f5es em sa\u00fade.<\/p>\n\n\n\n<p>\u201cO papel que foi transcendentalmente fundamental do Congresso Nacional quando votamos a PEC da transi\u00e7\u00e3o. Imaginemos n\u00f3s quais seriam as situa\u00e7\u00f5es vividas pelos minist\u00e9rios e, principalmente, minist\u00e9rios que t\u00eam as atribui\u00e7\u00f5es como o Minist\u00e9rio da Sa\u00fade. Foi exatamente por dar este novo arejamento que algumas dessas a\u00e7\u00f5es e iniciativas poss\u00edvel se deu\u201d.<\/p>\n\n\n\n<p>A ministra N\u00edsia Trindade ainda ressaltou a universaliza\u00e7\u00e3o do Samu, os conv\u00eanios com institui\u00e7\u00f5es filantr\u00f3picas, a\u00e7\u00f5es em sa\u00fade ind\u00edgena e a reativa\u00e7\u00e3o da Farm\u00e1cia Popular e do programa Mais M\u00e9dicos. Tamb\u00e9m destacou o lan\u00e7amento do programa Sa\u00fade com Ci\u00eancia, que entre outros objetivos conscientiza sobre a import\u00e2ncia da vacina\u00e7\u00e3o para evitar mortes por doen\u00e7as evit\u00e1veis.<\/p>\n\n\n\n<p>\u201cA nossa gest\u00e3o no Minist\u00e9rio da Sa\u00fade deve ser uma retomada da valoriza\u00e7\u00e3o da evid\u00eancia cient\u00edfica como guia para as a\u00e7\u00f5es de sa\u00fade. Por isso dizemos a ci\u00eancia voltou, mas ela voltou no Minist\u00e9rio da Sa\u00fade com o compromisso de avan\u00e7os no Sistema \u00danico de Sa\u00fade para a garantia da vida e da sa\u00fade da nossa popula\u00e7\u00e3o\u201d.<\/p>\n\n\n\n<p>Respondendo aos senadores do PL Jorge Seif, de Santa Catarina, e Magno Malta, do Esp\u00edrito Santo, e Eduardo Gir\u00e3o, do Novo cearense, quanto \u00e0 posi\u00e7\u00e3o do minist\u00e9rio da Sa\u00fade sobre o aborto e libera\u00e7\u00e3o de drogas, a ministra N\u00edsia Trindade disse que a decis\u00e3o \u00e9 do Parlamento, cabendo ao Executivo cumprir as leis aprovadas. E acrescentou que foi criado um departamento para tratar do problema das drogas, o que inclui o alcoolismo.<\/p>\n\n\n\n<p>blogdoeloiltoncajuhy<\/p>\n","protected":false},"excerpt":{"rendered":"<p>Em mais de quatro horas de audi\u00eancia p\u00fablica conjunta das Comiss\u00f5es de Assuntos Sociais e a de Direitos Humanos do Senado, a ministra da Sa\u00fade, N\u00edsia Trindade, falou sobre os desafios, metas, planejamento e diretrizes governamentais da pasta. E anunciou a expans\u00e3o do atendimento pelo SUS, Sistema \u00danico de Sa\u00fade, com investimentos de R$ 41 [&hellip;]<\/p>\n","protected":false},"author":2,"featured_media":2974,"comment_status":"open","ping_status":"open","sticky":false,"template":"","format":"standard","meta":{"_jetpack_memberships_contains_paid_content":false,"footnotes":""},"categories":[18],"tags":[],"class_list":["post-2972","post","type-post","status-publish","format-standard","has-post-thumbnail","hentry","category-saude"],"aioseo_notices":[],"jetpack_featured_media_url":"https:\/\/i0.wp.com\/minutobahia24h.com.br\/wp-content\/uploads\/2023\/10\/Sem-titulo-172.jpg?fit=671%2C450&ssl=1","jetpack_sharing_enabled":true,"_links":{"self":[{"href":"https:\/\/minutobahia24h.com.br\/index.php?rest_route=\/wp\/v2\/posts\/2972","targetHints":{"allow":["GET"]}}],"collection":[{"href":"https:\/\/minutobahia24h.com.br\/index.php?rest_route=\/wp\/v2\/posts"}],"about":[{"href":"https:\/\/minutobahia24h.com.br\/index.php?rest_route=\/wp\/v2\/types\/post"}],"author":[{"embeddable":true,"href":"https:\/\/minutobahia24h.com.br\/index.php?rest_route=\/wp\/v2\/users\/2"}],"replies":[{"embeddable":true,"href":"https:\/\/minutobahia24h.com.br\/index.php?rest_route=%2Fwp%2Fv2%2Fcomments&post=2972"}],"version-history":[{"count":1,"href":"https:\/\/minutobahia24h.com.br\/index.php?rest_route=\/wp\/v2\/posts\/2972\/revisions"}],"predecessor-version":[{"id":2975,"href":"https:\/\/minutobahia24h.com.br\/index.php?rest_route=\/wp\/v2\/posts\/2972\/revisions\/2975"}],"wp:featuredmedia":[{"embeddable":true,"href":"https:\/\/minutobahia24h.com.br\/index.php?rest_route=\/wp\/v2\/media\/2974"}],"wp:attachment":[{"href":"https:\/\/minutobahia24h.com.br\/index.php?rest_route=%2Fwp%2Fv2%2Fmedia&parent=2972"}],"wp:term":[{"taxonomy":"category","embeddable":true,"href":"https:\/\/minutobahia24h.com.br\/index.php?rest_route=%2Fwp%2Fv2%2Fcategories&post=2972"},{"taxonomy":"post_tag","embeddable":true,"href":"https:\/\/minutobahia24h.com.br\/index.php?rest_route=%2Fwp%2Fv2%2Ftags&post=2972"}],"curies":[{"name":"wp","href":"https:\/\/api.w.org\/{rel}","templated":true}]}}