{"id":29714,"date":"2025-05-26T07:42:49","date_gmt":"2025-05-26T10:42:49","guid":{"rendered":"https:\/\/minutobahia24h.com.br\/?p=29714"},"modified":"2025-05-26T07:42:51","modified_gmt":"2025-05-26T10:42:51","slug":"centrao-coloca-em-2o-plano-reforma-de-lula-e-indica-que-cargos-nao-farao-mais-diferenca-para-2026","status":"publish","type":"post","link":"https:\/\/minutobahia24h.com.br\/?p=29714","title":{"rendered":"Centr\u00e3o coloca em 2\u00ba plano reforma de Lula e indica que cargos n\u00e3o far\u00e3o mais diferen\u00e7a para 2026"},"content":{"rendered":"<div class=\"wp-block-image\">\n<figure class=\"aligncenter size-large\"><img data-recalc-dims=\"1\" fetchpriority=\"high\" decoding=\"async\" width=\"800\" height=\"420\" src=\"https:\/\/i0.wp.com\/minutobahia24h.com.br\/wp-content\/uploads\/2025\/05\/Sem-titulo-336-1024x538.jpg?resize=800%2C420&#038;ssl=1\" alt=\"\" class=\"wp-image-29715\" srcset=\"https:\/\/i0.wp.com\/minutobahia24h.com.br\/wp-content\/uploads\/2025\/05\/Sem-titulo-336.jpg?resize=1024%2C538&amp;ssl=1 1024w, https:\/\/i0.wp.com\/minutobahia24h.com.br\/wp-content\/uploads\/2025\/05\/Sem-titulo-336.jpg?resize=300%2C158&amp;ssl=1 300w, https:\/\/i0.wp.com\/minutobahia24h.com.br\/wp-content\/uploads\/2025\/05\/Sem-titulo-336.jpg?resize=768%2C403&amp;ssl=1 768w, https:\/\/i0.wp.com\/minutobahia24h.com.br\/wp-content\/uploads\/2025\/05\/Sem-titulo-336.jpg?resize=750%2C394&amp;ssl=1 750w, https:\/\/i0.wp.com\/minutobahia24h.com.br\/wp-content\/uploads\/2025\/05\/Sem-titulo-336.jpg?resize=1140%2C599&amp;ssl=1 1140w, https:\/\/i0.wp.com\/minutobahia24h.com.br\/wp-content\/uploads\/2025\/05\/Sem-titulo-336.jpg?w=1200&amp;ssl=1 1200w\" sizes=\"(max-width: 800px) 100vw, 800px\" \/><figcaption class=\"wp-element-caption\">Foto: Ricardo Stuckert \/ PR<br><\/figcaption><\/figure>\n<\/div>\n\n\n<p>Integrantes de partidos de centro e de centro-direita que apoiam formalmente o Pal\u00e1cio do Planalto colocaram em segundo plano a esperada reforma ministerial de Lula e dizem que se ela sair do papel, mesmo ap\u00f3s sete meses de atraso, pouca coisa deve mudar tanto na rela\u00e7\u00e3o com o governo como nas articula\u00e7\u00f5es para 2026. \u00a0<\/p>\n\n\n\n<p>No ano passado, governistas prometiam para novembro, logo ap\u00f3s o encerramento das elei\u00e7\u00f5es municipais, um rearranjo das cadeiras ministeriais como forma de privilegiar aliados que sa\u00edram fortalecidos das urnas e que estivessem comprometidos em subir no palanque eleitoral de Lula.\u00a0<\/p>\n\n\n\n<p>Por ora, o presidente trocou apenas petistas por petistas, al\u00e9m de substituir nomes de uma pasta do Uni\u00e3o Brasil (Comunica\u00e7\u00f5es) e do PDT (Previd\u00eancia) devido a suspeitas que reca\u00edram sobre os titulares.\u00a0<\/p>\n\n\n\n<p>De acordo com integrantes de Uni\u00e3o Brasil, PSD, MDB, PP e Republicanos \u2014o quinteto aliado de Lula fora da esquerda\u2014, o governo perdeu o timing para mudan\u00e7as de impacto do ponto de vista do apoio congressual e da forma\u00e7\u00e3o de uma alian\u00e7a em busca de um quarto mandato.\u00a0<\/p>\n\n\n\n<p>O principal sinal ocorreu com a troca do petista Alexandre Padilha pela tamb\u00e9m petista Gleisi Hoffmann como chefe da articula\u00e7\u00e3o pol\u00edtica, em fevereiro.\u00a0<\/p>\n\n\n\n<p>Naquele momento, l\u00edderes do centr\u00e3o defendiam um choque na estrutura da gest\u00e3o, com a redu\u00e7\u00e3o dos espa\u00e7os do PT at\u00e9 mesmo na chamada cozinha do Pal\u00e1cio do Planalto e com a entrega da articula\u00e7\u00e3o pol\u00edtica para um nome como o do l\u00edder do MDB, Isnaldo Bulh\u00f5es Jr. (AL).\u00a0<\/p>\n\n\n\n<p>Com a renova\u00e7\u00e3o da c\u00fapula do Congresso no in\u00edcio daquele m\u00eas, com a elei\u00e7\u00e3o de Hugo Motta (Republicanos-PB) para o comando da C\u00e2mara e de Davi Alcolumbre (Uni\u00e3o Brasil-AP) para o do Senado, trabalhava-se no grupo a ideia de emplacar no governo nomes como o ex-presidente da C\u00e2mara Arthur Lira (PP-AL), o que n\u00e3o prosperou.\u00a0<\/p>\n\n\n\n<p>A proximidade das elei\u00e7\u00f5es de 2026 \u00e9 uma contribui\u00e7\u00e3o a mais para a falta de interesse, j\u00e1 que ministros que forem concorrer ao pleito devem deixar o cargo at\u00e9 mar\u00e7o, o que daria cerca de dez meses apenas de presen\u00e7a na Esplanada aos pr\u00f3ximos titulares.\u00a0<\/p>\n\n\n\n<p>Em meio \u00e0 indefini\u00e7\u00e3o de Lula, os cinco partidos de centro e de direita tem enfileirado derrotas ao Pal\u00e1cio do Planalto, abrigam consider\u00e1veis n\u00facleos de oposi\u00e7\u00e3o aberta e estimulam nos bastidores e publicamente uma candidatura presidencial do governador Tarc\u00edsio de Freitas (Republicanos-SP) \u2014que com o apoio de Jair Bolsonaro (PL) teria o potencial de unir todos esses partidos, dizem.\u00a0<\/p>\n\n\n\n<p>O grupo apregoa que uma coisa \u00e9 a alian\u00e7a para garantir a governabilidade do Executivo no Congresso e outra, bem diferente, \u00e9 o apoio para 2026.<\/p>\n\n\n\n<p>Apesar da alegada descren\u00e7a e insatisfa\u00e7\u00e3o, nenhum dos cinco partidos d\u00e1 sinais de que pretende entregar em 2025 algum dos 11 minist\u00e9rios que controlam, nem recusar eventuais ofertas. Havia l\u00e1 atr\u00e1s, por exemplo, rumores da entrega de duas pastas comandadas pelo PT, Desenvolvimento Agr\u00e1rio e Desenvolvimento Social.\u00a0<\/p>\n\n\n\n<p>Um cardeal do grupo afirma que, apesar de dificilmente algum nome pol\u00edtico aceitar neste momento ingressar na Esplanada, o governo ainda n\u00e3o perdeu &#8220;o tempo dos t\u00e9cnicos&#8221;, indicando que o centr\u00e3o tem interesse em indicar pessoas de confian\u00e7a sem filia\u00e7\u00e3o partid\u00e1ria para chefiar minist\u00e9rios considerados atrativos.\u00a0<\/p>\n\n\n\n<p>A data mais prov\u00e1vel apresentada por todos de defini\u00e7\u00e3o sobre perman\u00eancia no governo, e mediante quais condi\u00e7\u00f5es, \u00e9 o primeiro trimestre do ano que vem. Pr\u00f3xima a essa data, ser\u00e3o avaliadas vari\u00e1veis como popularidade do governo, real inten\u00e7\u00e3o e favoritismo de Lula para disputar um quarto mandato e o nome a ser apoiado por Bolsonaro.\u00a0<\/p>\n\n\n\n<p>No atual n\u00edvel de popularidade, por exemplo, h\u00e1 nesse grupo pouco interesse em se atrelar \u00e0 imagem do Executivo, diante do desgaste que isso pode gerar entre eleitores de direita.\u00a0<\/p>\n\n\n\n<p>Al\u00e9m disso, gra\u00e7as ao aumento expressivo das emendas parlamentares, deputados e senadores n\u00e3o s\u00e3o mais dependentes da for\u00e7a do governo para abastecer seus redutos eleitorais e, portanto, n\u00e3o precisariam ingressar na Esplanada para se promover politicamente em suas bases.\u00a0<\/p>\n\n\n\n<p>Al\u00e9m do atraso e da indefini\u00e7\u00e3o de Lula, integrantes do centr\u00e3o reclamam de que a distribui\u00e7\u00e3o dos minist\u00e9rios entre os partidos, desenhada na transi\u00e7\u00e3o do governo em 2022, est\u00e1 desequilibrada e n\u00e3o condiz com os votos que cada uma das legenda entrega ao Executivo em vota\u00e7\u00f5es no Congresso.\u00a0<\/p>\n\n\n\n<p>Haveria, por exemplo, um desequil\u00edbrio na distribui\u00e7\u00e3o entre senadores e deputados \u2014com maior espa\u00e7o aos senadores. Alcolumbre, por exemplo, \u00e9 o principal padrinho das indica\u00e7\u00f5es do Uni\u00e3o Brasil.\u00a0<\/p>\n\n\n\n<p>Diante da instabilidade de sua base, o presidente tem apostado mais numa aproxima\u00e7\u00e3o com Motta e Alcolumbre, estabelecendo uma rela\u00e7\u00e3o direta com os presidentes de C\u00e2mara e Senado.\u00a0<\/p>\n\n\n\n<p>Neste ano, at\u00e9 o momento, o presidente da Rep\u00fablica fez trocas em nomes do PT: Sid\u00f4nio Palmeira no lugar de Paulo Pimenta na Secom (Secretaria de Comunica\u00e7\u00e3o da Presid\u00eancia); Gleisi no lugar de Padilha na Secretaria de Rela\u00e7\u00f5es Institucionais; Padilha no lugar de N\u00edsia Trindade na Sa\u00fade; e M\u00e1rcia Lopes no lugar de Cida Gon\u00e7alves na pasta das Mulheres.\u00a0<\/p>\n\n\n\n<p>Al\u00e9m das mudan\u00e7as no PT, Lula fez outras duas mudan\u00e7as na Esplanada: na Previd\u00eancia, com a sa\u00edda de Carlos Lupi para a chegada de Wolney Queiroz, em meio ao esc\u00e2ndalo do INSS (Instituto Nacional do Seguro Social); e nas Comunica\u00e7\u00f5es com a chegada de Frederico de Siqueira Filho no lugar de Juscelino Filho, afastado ap\u00f3s ser denunciado pela PGR (Procuradoria-Geral da Rep\u00fablica) sob acusa\u00e7\u00e3o de corrup\u00e7\u00e3o e outros crimes relacionados ao desvio de emendas.\u00a0<\/p>\n\n\n\n<p>A poss\u00edvel pr\u00f3xima troca ainda \u00e9 no campo da esquerda, com Guilherme Boulos (PSOL) substituindo M\u00e1rcio Mac\u00eado (PT) na Secretaria-Geral da Presid\u00eancia.<\/p>\n\n\n\n<p>BN<\/p>\n","protected":false},"excerpt":{"rendered":"<p>Integrantes de partidos de centro e de centro-direita que apoiam formalmente o Pal\u00e1cio do Planalto colocaram em segundo plano a esperada reforma ministerial de Lula e dizem que se ela sair do papel, mesmo ap\u00f3s sete meses de atraso, pouca coisa deve mudar tanto na rela\u00e7\u00e3o com o governo como nas articula\u00e7\u00f5es para 2026. \u00a0 [&hellip;]<\/p>\n","protected":false},"author":2,"featured_media":29715,"comment_status":"open","ping_status":"open","sticky":false,"template":"","format":"standard","meta":{"_jetpack_memberships_contains_paid_content":false,"footnotes":""},"categories":[39],"tags":[],"class_list":["post-29714","post","type-post","status-publish","format-standard","has-post-thumbnail","hentry","category-politica"],"aioseo_notices":[],"jetpack_featured_media_url":"https:\/\/i0.wp.com\/minutobahia24h.com.br\/wp-content\/uploads\/2025\/05\/Sem-titulo-336.jpg?fit=1200%2C630&ssl=1","jetpack_sharing_enabled":true,"_links":{"self":[{"href":"https:\/\/minutobahia24h.com.br\/index.php?rest_route=\/wp\/v2\/posts\/29714","targetHints":{"allow":["GET"]}}],"collection":[{"href":"https:\/\/minutobahia24h.com.br\/index.php?rest_route=\/wp\/v2\/posts"}],"about":[{"href":"https:\/\/minutobahia24h.com.br\/index.php?rest_route=\/wp\/v2\/types\/post"}],"author":[{"embeddable":true,"href":"https:\/\/minutobahia24h.com.br\/index.php?rest_route=\/wp\/v2\/users\/2"}],"replies":[{"embeddable":true,"href":"https:\/\/minutobahia24h.com.br\/index.php?rest_route=%2Fwp%2Fv2%2Fcomments&post=29714"}],"version-history":[{"count":1,"href":"https:\/\/minutobahia24h.com.br\/index.php?rest_route=\/wp\/v2\/posts\/29714\/revisions"}],"predecessor-version":[{"id":29716,"href":"https:\/\/minutobahia24h.com.br\/index.php?rest_route=\/wp\/v2\/posts\/29714\/revisions\/29716"}],"wp:featuredmedia":[{"embeddable":true,"href":"https:\/\/minutobahia24h.com.br\/index.php?rest_route=\/wp\/v2\/media\/29715"}],"wp:attachment":[{"href":"https:\/\/minutobahia24h.com.br\/index.php?rest_route=%2Fwp%2Fv2%2Fmedia&parent=29714"}],"wp:term":[{"taxonomy":"category","embeddable":true,"href":"https:\/\/minutobahia24h.com.br\/index.php?rest_route=%2Fwp%2Fv2%2Fcategories&post=29714"},{"taxonomy":"post_tag","embeddable":true,"href":"https:\/\/minutobahia24h.com.br\/index.php?rest_route=%2Fwp%2Fv2%2Ftags&post=29714"}],"curies":[{"name":"wp","href":"https:\/\/api.w.org\/{rel}","templated":true}]}}