{"id":29708,"date":"2025-05-26T07:39:26","date_gmt":"2025-05-26T10:39:26","guid":{"rendered":"https:\/\/minutobahia24h.com.br\/?p=29708"},"modified":"2025-05-26T07:39:28","modified_gmt":"2025-05-26T10:39:28","slug":"enem-2025-inscricoes-comecam-nesta-segunda-com-pre-inscricao-automatica-para-alunos-de-3o-ano-entenda","status":"publish","type":"post","link":"https:\/\/minutobahia24h.com.br\/?p=29708","title":{"rendered":"Enem 2025: inscri\u00e7\u00f5es come\u00e7am nesta segunda com pr\u00e9-inscri\u00e7\u00e3o autom\u00e1tica para alunos de 3\u00ba ano; entenda"},"content":{"rendered":"<div class=\"wp-block-image\">\n<figure class=\"aligncenter size-full\"><img data-recalc-dims=\"1\" fetchpriority=\"high\" decoding=\"async\" width=\"418\" height=\"247\" src=\"https:\/\/i0.wp.com\/minutobahia24h.com.br\/wp-content\/uploads\/2025\/05\/Sem-titulo-334.jpg?resize=418%2C247&#038;ssl=1\" alt=\"\" class=\"wp-image-29709\" srcset=\"https:\/\/i0.wp.com\/minutobahia24h.com.br\/wp-content\/uploads\/2025\/05\/Sem-titulo-334.jpg?w=418&amp;ssl=1 418w, https:\/\/i0.wp.com\/minutobahia24h.com.br\/wp-content\/uploads\/2025\/05\/Sem-titulo-334.jpg?resize=300%2C177&amp;ssl=1 300w\" sizes=\"(max-width: 418px) 100vw, 418px\" \/><\/figure>\n<\/div>\n\n\n<p class=\"wp-block-paragraph\">As inscri\u00e7\u00f5es para o&nbsp;<a class=\"\" href=\"https:\/\/g1.globo.com\/tudo-sobre\/enem\/\">Exame Nacional do Ensino M\u00e9dio<\/a>&nbsp;(Enem) 2025 come\u00e7aram nesta segunda-feira (26) e v\u00e3o at\u00e9 6 de junho. A edi\u00e7\u00e3o traz novidades para estudantes do 3\u00ba ano do ensino m\u00e9dio e para quem busca certifica\u00e7\u00e3o para a etapa de ensino.<\/p>\n\n\n\n<p class=\"wp-block-paragraph\">\ud83d\udc49\ud83c\udffe Na maior parte do pa\u00eds, as provas ser\u00e3o aplicadas em 9 e 16 de novembro. A<strong>&nbsp;exce\u00e7\u00e3o \u00e9 para os munic\u00edpios de Bel\u00e9m, Ananindeua e Marituba, no Par\u00e1, onde&nbsp;<\/strong><a class=\"\" href=\"https:\/\/g1.globo.com\/pa\/para\/noticia\/2025\/05\/10\/belem-e-outras-duas-cidades-do-pa-devem-ter-nova-data-para-realizacao-do-enem-diz-governo.ghtml\"><strong>as provas ser\u00e3o aplicadas em 30 de novembro e 7 de dezembro<\/strong><\/a><strong>.&nbsp;<\/strong>Todos os candidatos devem se inscrever de 26 de maio a 6 de junho pelo site&nbsp;<a class=\"\" href=\"https:\/\/enem.inep.gov.br\/participante\/\" target=\"_blank\" rel=\"noreferrer noopener\">enem.inep.gov.br\/participante\/<\/a>.<\/p>\n\n\n\n<p class=\"wp-block-paragraph\"><strong>Tire suas d\u00favidas abaixo:<\/strong><\/p>\n\n\n\n<p class=\"wp-block-paragraph\"><strong>\ud83d\udcb0Qual \u00e9 o valor da taxa de inscri\u00e7\u00e3o?&nbsp;<\/strong>Ela custa R$ 85 para quem n\u00e3o teve direito \u00e0 isen\u00e7\u00e3o e deve ser quitada at\u00e9 11 de junho. Somente ap\u00f3s o pagamento, a inscri\u00e7\u00e3o estar\u00e1 confirmada<em>.<\/em><\/p>\n\n\n\n<p class=\"wp-block-paragraph\"><strong>\ud83d\udcb2Quais as formas de pagamento?&nbsp;<\/strong>A taxa deve ser paga por boleto, PIX ou cart\u00e3o de cr\u00e9dito.<\/p>\n\n\n\n<p class=\"wp-block-paragraph\"><strong>\u2757Quem est\u00e1 isento da taxa precisa se inscrever no Enem?&nbsp;<\/strong>SIM!&nbsp;Mesmo quem conseguiu a isen\u00e7\u00e3o (como os alunos da rede p\u00fablica) precisa se inscrever. Caso contr\u00e1rio, n\u00e3o poder\u00e1 fazer a prova.<\/p>\n\n\n\n<p class=\"wp-block-paragraph\"><strong>\ud83d\udd8a\ufe0f Para que serve o Enem?&nbsp;<\/strong>Ele \u00e9 uma das principais portas de entrada para a educa\u00e7\u00e3o superior no Brasil, utilizado por institui\u00e7\u00f5es p\u00fablicas e privadas como crit\u00e9rio de sele\u00e7\u00e3o, al\u00e9m de ser um requisito para programas governamentais de aux\u00edlio estudantil. N\u00e3o h\u00e1 como se inscrever no&nbsp;<a class=\"\" href=\"https:\/\/g1.globo.com\/tudo-sobre\/sisu\/\">Sisu<\/a>, no Prouni e no&nbsp;<a class=\"\" href=\"https:\/\/g1.globo.com\/tudo-sobre\/fies\/\">Fies<\/a>&nbsp;sem ter feito o Enem.<\/p>\n\n\n\n<p class=\"wp-block-paragraph\"><strong>\ud83d\uddd3\ufe0f Quando as provas ser\u00e3o aplicadas?&nbsp;<\/strong>Em 9 e 16 de novembro.<\/p>\n\n\n\n<h2 class=\"wp-block-heading\">Novidades para a edi\u00e7\u00e3o de 2025<\/h2>\n\n\n\n<ul class=\"wp-block-list\">\n<li><strong>Pr\u00e9-inscri\u00e7\u00e3o autom\u00e1tica:<\/strong>\u00a0os estudantes regularmente matriculados no 3\u00ba ano do ensino m\u00e9dio estar\u00e3o automaticamente pr\u00e9-inscritos e s\u00f3 precisar\u00e3o acessar a\u00a0<a class=\"\" href=\"https:\/\/enem.inep.gov.br\/participante\/#!\/\" target=\"_blank\" rel=\"noreferrer noopener\">P\u00e1gina do Participante<\/a>\u00a0para confirmar as informa\u00e7\u00f5es e selecionar a op\u00e7\u00e3o de l\u00ednguas que quer em sua prova. Os estudantes de 1\u00ba e 2\u00ba ano e os candidatos que j\u00e1 conclu\u00edram o ensino m\u00e9dio ainda precisar\u00e3o preencher a solicita\u00e7\u00e3o de inscri\u00e7\u00e3o.<\/li>\n\n\n\n<li><strong>Certificado de conclus\u00e3o do ensino m\u00e9dio:<\/strong>\u00a0o exame tamb\u00e9m poder\u00e1 ser usado como certificado de conclus\u00e3o do ensino m\u00e9dio para maiores de 18 anos, dependendo da nota do aluno. A prova havia deixado de ter essa fun\u00e7\u00e3o em 2017, quando ela foi transferida unicamente para o Exame Nacional para Certifica\u00e7\u00e3o de Compet\u00eancias de Jovens e Adultos (Encceja).<\/li>\n<\/ul>\n\n\n\n<h2 class=\"wp-block-heading\">Disciplinas e hor\u00e1rios<\/h2>\n\n\n\n<p class=\"wp-block-paragraph\">O Enem ser\u00e1 aplicado em dois domingos de novembro&nbsp;<em>(menos em Bel\u00e9m, Ananindeua e Marituba, no Par\u00e1).<\/em><\/p>\n\n\n\n<p class=\"wp-block-paragraph\"><strong>9 de novembro<\/strong><\/p>\n\n\n\n<p class=\"wp-block-paragraph\">O candidato dever\u00e1 fazer:<\/p>\n\n\n\n<ul class=\"wp-block-list\">\n<li>45 quest\u00f5es de linguagens (40 de l\u00edngua portuguesa e 5 de ingl\u00eas ou espanhol);<\/li>\n\n\n\n<li>45 quest\u00f5es de ci\u00eancias humanas;<\/li>\n\n\n\n<li>reda\u00e7\u00e3o.<\/li>\n<\/ul>\n\n\n\n<p class=\"wp-block-paragraph\"><strong>16 de novembro<\/strong><\/p>\n\n\n\n<p class=\"wp-block-paragraph\">A prova trar\u00e1:<\/p>\n\n\n\n<ul class=\"wp-block-list\">\n<li>45 quest\u00f5es de matem\u00e1tica;<\/li>\n\n\n\n<li>45 quest\u00f5es de ci\u00eancias da natureza.<\/li>\n<\/ul>\n\n\n\n<p class=\"wp-block-paragraph\"><strong>Veja os hor\u00e1rios de aplica\u00e7\u00e3o (no fuso de Bras\u00edlia):<\/strong><\/p>\n\n\n\n<ul class=\"wp-block-list\">\n<li><strong>Abertura dos port\u00f5es:\u00a0<\/strong>12h<\/li>\n\n\n\n<li><strong>Fechamento dos port\u00f5es:\u00a0<\/strong>13h<\/li>\n\n\n\n<li><strong>In\u00edcio das provas:\u00a0<\/strong>13h30<\/li>\n\n\n\n<li><strong>T\u00e9rmino das provas no 1\u00ba dia:<\/strong>\u00a019h<\/li>\n\n\n\n<li><strong>T\u00e9rmino das provas no 2\u00ba dia:\u00a0<\/strong>18h30<\/li>\n<\/ul>\n","protected":false},"excerpt":{"rendered":"<p>As inscri\u00e7\u00f5es para o&nbsp;Exame Nacional do Ensino M\u00e9dio&nbsp;(Enem) 2025 come\u00e7aram nesta segunda-feira (26) e v\u00e3o at\u00e9 6 de junho. A edi\u00e7\u00e3o traz novidades para estudantes do 3\u00ba ano do ensino m\u00e9dio e para quem busca certifica\u00e7\u00e3o para a etapa de ensino. \ud83d\udc49\ud83c\udffe Na maior parte do pa\u00eds, as provas ser\u00e3o aplicadas em 9 e 16 [&hellip;]<\/p>\n","protected":false},"author":2,"featured_media":29709,"comment_status":"open","ping_status":"open","sticky":false,"template":"","format":"standard","meta":{"_jetpack_newsletter_access":"","_jetpack_dont_email_post_to_subs":false,"_jetpack_newsletter_tier_id":0,"_jetpack_memberships_contains_paywalled_content":false,"_jetpack_feature_clip_id":0,"_jetpack_memberships_contains_paid_content":false,"footnotes":"","jetpack_post_was_ever_published":false},"categories":[34],"tags":[],"class_list":["post-29708","post","type-post","status-publish","format-standard","has-post-thumbnail","hentry","category-educacao"],"aioseo_notices":[],"aioseo_head":"\n\t\t<!-- All in One SEO 5.0.1.1 - aioseo.com -->\n\t<meta name=\"description\" content=\"As inscri\u00e7\u00f5es para o Exame Nacional do Ensino M\u00e9dio (Enem) 2025 come\u00e7aram nesta segunda-feira (26) e v\u00e3o at\u00e9 6 de junho. A edi\u00e7\u00e3o traz novidades para estudantes do 3\u00ba ano do ensino m\u00e9dio e para quem busca certifica\u00e7\u00e3o para a etapa de ensino. \ud83d\udc49\ud83c\udffe Na maior parte do pa\u00eds, as provas ser\u00e3o aplicadas em 9 e 16\" \/>\n\t<meta name=\"robots\" content=\"max-image-preview:large\" \/>\n\t<meta name=\"author\" content=\"andre\"\/>\n\t<link rel=\"canonical\" href=\"https:\/\/minutobahia24h.com.br\/?p=29708\" \/>\n\t<meta name=\"generator\" content=\"All in One SEO (AIOSEO) 5.0.1.1\" \/>\n\t\t<meta property=\"og:locale\" content=\"pt_BR\" \/>\n\t\t<meta property=\"og:site_name\" content=\"Minuto Bahia 24h - O seu portal de not\u00edcias\" \/>\n\t\t<meta property=\"og:type\" content=\"article\" \/>\n\t\t<meta property=\"og:title\" content=\"Enem 2025: inscri\u00e7\u00f5es come\u00e7am nesta segunda com pr\u00e9-inscri\u00e7\u00e3o autom\u00e1tica para alunos de 3\u00ba ano; entenda - Minuto Bahia 24h\" \/>\n\t\t<meta property=\"og:description\" content=\"As inscri\u00e7\u00f5es para o Exame Nacional do Ensino M\u00e9dio (Enem) 2025 come\u00e7aram nesta segunda-feira (26) e v\u00e3o at\u00e9 6 de junho. A edi\u00e7\u00e3o traz novidades para estudantes do 3\u00ba ano do ensino m\u00e9dio e para quem busca certifica\u00e7\u00e3o para a etapa de ensino. \ud83d\udc49\ud83c\udffe Na maior parte do pa\u00eds, as provas ser\u00e3o aplicadas em 9 e 16\" \/>\n\t\t<meta property=\"og:url\" content=\"https:\/\/minutobahia24h.com.br\/?p=29708\" \/>\n\t\t<meta property=\"og:image\" content=\"https:\/\/minutobahia24h.com.br\/wp-content\/uploads\/2025\/05\/Sem-titulo-334.jpg\" \/>\n\t\t<meta property=\"og:image:secure_url\" content=\"https:\/\/minutobahia24h.com.br\/wp-content\/uploads\/2025\/05\/Sem-titulo-334.jpg\" \/>\n\t\t<meta property=\"og:image:width\" content=\"418\" \/>\n\t\t<meta property=\"og:image:height\" content=\"247\" \/>\n\t\t<meta property=\"article:published_time\" content=\"2025-05-26T10:39:26+00:00\" \/>\n\t\t<meta property=\"article:modified_time\" content=\"2025-05-26T10:39:28+00:00\" \/>\n\t\t<meta name=\"twitter:card\" content=\"summary_large_image\" \/>\n\t\t<meta name=\"twitter:title\" content=\"Enem 2025: inscri\u00e7\u00f5es come\u00e7am nesta segunda com pr\u00e9-inscri\u00e7\u00e3o autom\u00e1tica para alunos de 3\u00ba ano; entenda - Minuto Bahia 24h\" \/>\n\t\t<meta name=\"twitter:description\" content=\"As inscri\u00e7\u00f5es para o Exame Nacional do Ensino M\u00e9dio (Enem) 2025 come\u00e7aram nesta segunda-feira (26) e v\u00e3o at\u00e9 6 de junho. A edi\u00e7\u00e3o traz novidades para estudantes do 3\u00ba ano do ensino m\u00e9dio e para quem busca certifica\u00e7\u00e3o para a etapa de ensino. \ud83d\udc49\ud83c\udffe Na maior parte do pa\u00eds, as provas ser\u00e3o aplicadas em 9 e 16\" \/>\n\t\t<meta name=\"twitter:image\" content=\"https:\/\/minutobahia24h.com.br\/wp-content\/uploads\/2025\/05\/Sem-titulo-334.jpg\" \/>\n\t\t<script type=\"application\/ld+json\" class=\"aioseo-schema\">\n\t\t\t{\"@context\":\"https:\\\/\\\/schema.org\",\"@graph\":[{\"@type\":\"BlogPosting\",\"@id\":\"https:\\\/\\\/minutobahia24h.com.br\\\/?p=29708#blogposting\",\"name\":\"Enem 2025: inscri\\u00e7\\u00f5es come\\u00e7am nesta segunda com pr\\u00e9-inscri\\u00e7\\u00e3o autom\\u00e1tica para alunos de 3\\u00ba ano; entenda - Minuto Bahia 24h\",\"headline\":\"Enem 2025: inscri\\u00e7\\u00f5es come\\u00e7am nesta segunda com pr\\u00e9-inscri\\u00e7\\u00e3o autom\\u00e1tica para alunos de 3\\u00ba ano; entenda\",\"author\":{\"@id\":\"https:\\\/\\\/minutobahia24h.com.br\\\/?author=2#author\"},\"publisher\":{\"@id\":\"https:\\\/\\\/minutobahia24h.com.br\\\/#organization\"},\"image\":{\"@type\":\"ImageObject\",\"url\":\"https:\\\/\\\/i0.wp.com\\\/minutobahia24h.com.br\\\/wp-content\\\/uploads\\\/2025\\\/05\\\/Sem-titulo-334.jpg?fit=418%2C247&ssl=1\",\"width\":418,\"height\":247},\"datePublished\":\"2025-05-26T07:39:26-03:00\",\"dateModified\":\"2025-05-26T07:39:28-03:00\",\"inLanguage\":\"pt-BR\",\"mainEntityOfPage\":{\"@id\":\"https:\\\/\\\/minutobahia24h.com.br\\\/?p=29708#webpage\"},\"isPartOf\":{\"@id\":\"https:\\\/\\\/minutobahia24h.com.br\\\/?p=29708#webpage\"},\"articleSection\":\"Educa\\u00e7\\u00e3o\"},{\"@type\":\"BreadcrumbList\",\"@id\":\"https:\\\/\\\/minutobahia24h.com.br\\\/?p=29708#breadcrumblist\",\"itemListElement\":[{\"@type\":\"ListItem\",\"@id\":\"https:\\\/\\\/minutobahia24h.com.br#listItem\",\"position\":1,\"name\":\"In\\u00edcio\",\"item\":\"https:\\\/\\\/minutobahia24h.com.br\",\"nextItem\":{\"@type\":\"ListItem\",\"@id\":\"https:\\\/\\\/minutobahia24h.com.br\\\/?cat=34#listItem\",\"name\":\"Educa\\u00e7\\u00e3o\"}},{\"@type\":\"ListItem\",\"@id\":\"https:\\\/\\\/minutobahia24h.com.br\\\/?cat=34#listItem\",\"position\":2,\"name\":\"Educa\\u00e7\\u00e3o\",\"item\":\"https:\\\/\\\/minutobahia24h.com.br\\\/?cat=34\",\"nextItem\":{\"@type\":\"ListItem\",\"@id\":\"https:\\\/\\\/minutobahia24h.com.br\\\/?p=29708#listItem\",\"name\":\"Enem 2025: inscri\\u00e7\\u00f5es come\\u00e7am nesta segunda com pr\\u00e9-inscri\\u00e7\\u00e3o autom\\u00e1tica para alunos de 3\\u00ba ano; entenda\"},\"previousItem\":{\"@type\":\"ListItem\",\"@id\":\"https:\\\/\\\/minutobahia24h.com.br#listItem\",\"name\":\"In\\u00edcio\"}},{\"@type\":\"ListItem\",\"@id\":\"https:\\\/\\\/minutobahia24h.com.br\\\/?p=29708#listItem\",\"position\":3,\"name\":\"Enem 2025: inscri\\u00e7\\u00f5es come\\u00e7am nesta segunda com pr\\u00e9-inscri\\u00e7\\u00e3o autom\\u00e1tica para alunos de 3\\u00ba ano; entenda\",\"previousItem\":{\"@type\":\"ListItem\",\"@id\":\"https:\\\/\\\/minutobahia24h.com.br\\\/?cat=34#listItem\",\"name\":\"Educa\\u00e7\\u00e3o\"}}]},{\"@type\":\"Organization\",\"@id\":\"https:\\\/\\\/minutobahia24h.com.br\\\/#organization\",\"name\":\"Minuto Bahia 24h\",\"description\":\"O seu portal de not\\u00edcias\",\"url\":\"https:\\\/\\\/minutobahia24h.com.br\\\/\",\"logo\":{\"@type\":\"ImageObject\",\"url\":\"https:\\\/\\\/i0.wp.com\\\/minutobahia24h.com.br\\\/wp-content\\\/uploads\\\/2023\\\/09\\\/cropped-minutoba.png?fit=457%2C119&ssl=1\",\"@id\":\"https:\\\/\\\/minutobahia24h.com.br\\\/?p=29708\\\/#organizationLogo\",\"width\":457,\"height\":119},\"image\":{\"@id\":\"https:\\\/\\\/minutobahia24h.com.br\\\/?p=29708\\\/#organizationLogo\"}},{\"@type\":\"Person\",\"@id\":\"https:\\\/\\\/minutobahia24h.com.br\\\/?author=2#author\",\"url\":\"https:\\\/\\\/minutobahia24h.com.br\\\/?author=2\",\"name\":\"andre\",\"image\":{\"@type\":\"ImageObject\",\"@id\":\"https:\\\/\\\/minutobahia24h.com.br\\\/?p=29708#authorImage\",\"url\":\"https:\\\/\\\/secure.gravatar.com\\\/avatar\\\/0ec5eafed5f3925c321625d79a680d589901b94bca787ae396a35f6c4a960922?s=96&d=mm&r=g\",\"width\":96,\"height\":96,\"caption\":\"andre\"}},{\"@type\":\"WebPage\",\"@id\":\"https:\\\/\\\/minutobahia24h.com.br\\\/?p=29708#webpage\",\"url\":\"https:\\\/\\\/minutobahia24h.com.br\\\/?p=29708\",\"name\":\"Enem 2025: inscri\\u00e7\\u00f5es come\\u00e7am nesta segunda com pr\\u00e9-inscri\\u00e7\\u00e3o autom\\u00e1tica para alunos de 3\\u00ba ano; entenda - Minuto Bahia 24h\",\"description\":\"As inscri\\u00e7\\u00f5es para o Exame Nacional do Ensino M\\u00e9dio (Enem) 2025 come\\u00e7aram nesta segunda-feira (26) e v\\u00e3o at\\u00e9 6 de junho. A edi\\u00e7\\u00e3o traz novidades para estudantes do 3\\u00ba ano do ensino m\\u00e9dio e para quem busca certifica\\u00e7\\u00e3o para a etapa de ensino. \\ud83d\\udc49\\ud83c\\udffe Na maior parte do pa\\u00eds, as provas ser\\u00e3o aplicadas em 9 e 16\",\"inLanguage\":\"pt-BR\",\"isPartOf\":{\"@id\":\"https:\\\/\\\/minutobahia24h.com.br\\\/#website\"},\"breadcrumb\":{\"@id\":\"https:\\\/\\\/minutobahia24h.com.br\\\/?p=29708#breadcrumblist\"},\"author\":{\"@id\":\"https:\\\/\\\/minutobahia24h.com.br\\\/?author=2#author\"},\"creator\":{\"@id\":\"https:\\\/\\\/minutobahia24h.com.br\\\/?author=2#author\"},\"image\":{\"@type\":\"ImageObject\",\"url\":\"https:\\\/\\\/i0.wp.com\\\/minutobahia24h.com.br\\\/wp-content\\\/uploads\\\/2025\\\/05\\\/Sem-titulo-334.jpg?fit=418%2C247&ssl=1\",\"@id\":\"https:\\\/\\\/minutobahia24h.com.br\\\/?p=29708\\\/#mainImage\",\"width\":418,\"height\":247},\"primaryImageOfPage\":{\"@id\":\"https:\\\/\\\/minutobahia24h.com.br\\\/?p=29708#mainImage\"},\"datePublished\":\"2025-05-26T07:39:26-03:00\",\"dateModified\":\"2025-05-26T07:39:28-03:00\"},{\"@type\":\"WebSite\",\"@id\":\"https:\\\/\\\/minutobahia24h.com.br\\\/#website\",\"url\":\"https:\\\/\\\/minutobahia24h.com.br\\\/\",\"name\":\"Minuto Bahia 24h\",\"description\":\"O seu portal de not\\u00edcias\",\"inLanguage\":\"pt-BR\",\"publisher\":{\"@id\":\"https:\\\/\\\/minutobahia24h.com.br\\\/#organization\"}}]}\n\t\t<\/script>\n\t\t<!-- All in One SEO -->\n\n","aioseo_head_json":{"title":"Enem 2025: inscri\u00e7\u00f5es come\u00e7am nesta segunda com pr\u00e9-inscri\u00e7\u00e3o autom\u00e1tica para alunos de 3\u00ba ano; entenda - Minuto Bahia 24h","description":"As inscri\u00e7\u00f5es para o Exame Nacional do Ensino M\u00e9dio (Enem) 2025 come\u00e7aram nesta segunda-feira (26) e v\u00e3o at\u00e9 6 de junho. A edi\u00e7\u00e3o traz novidades para estudantes do 3\u00ba ano do ensino m\u00e9dio e para quem busca certifica\u00e7\u00e3o para a etapa de ensino. \ud83d\udc49\ud83c\udffe Na maior parte do pa\u00eds, as provas ser\u00e3o aplicadas em 9 e 16","canonical_url":"https:\/\/minutobahia24h.com.br\/?p=29708","robots":"max-image-preview:large","keywords":"","webmasterTools":{"miscellaneous":""},"schema":{"@context":"https:\/\/schema.org","@graph":[{"@type":"BlogPosting","@id":"https:\/\/minutobahia24h.com.br\/?p=29708#blogposting","name":"Enem 2025: inscri\u00e7\u00f5es come\u00e7am nesta segunda com pr\u00e9-inscri\u00e7\u00e3o autom\u00e1tica para alunos de 3\u00ba ano; entenda - Minuto Bahia 24h","headline":"Enem 2025: inscri\u00e7\u00f5es come\u00e7am nesta segunda com pr\u00e9-inscri\u00e7\u00e3o autom\u00e1tica para alunos de 3\u00ba ano; entenda","author":{"@id":"https:\/\/minutobahia24h.com.br\/?author=2#author"},"publisher":{"@id":"https:\/\/minutobahia24h.com.br\/#organization"},"image":{"@type":"ImageObject","url":"https:\/\/i0.wp.com\/minutobahia24h.com.br\/wp-content\/uploads\/2025\/05\/Sem-titulo-334.jpg?fit=418%2C247&ssl=1","width":418,"height":247},"datePublished":"2025-05-26T07:39:26-03:00","dateModified":"2025-05-26T07:39:28-03:00","inLanguage":"pt-BR","mainEntityOfPage":{"@id":"https:\/\/minutobahia24h.com.br\/?p=29708#webpage"},"isPartOf":{"@id":"https:\/\/minutobahia24h.com.br\/?p=29708#webpage"},"articleSection":"Educa\u00e7\u00e3o"},{"@type":"BreadcrumbList","@id":"https:\/\/minutobahia24h.com.br\/?p=29708#breadcrumblist","itemListElement":[{"@type":"ListItem","@id":"https:\/\/minutobahia24h.com.br#listItem","position":1,"name":"In\u00edcio","item":"https:\/\/minutobahia24h.com.br","nextItem":{"@type":"ListItem","@id":"https:\/\/minutobahia24h.com.br\/?cat=34#listItem","name":"Educa\u00e7\u00e3o"}},{"@type":"ListItem","@id":"https:\/\/minutobahia24h.com.br\/?cat=34#listItem","position":2,"name":"Educa\u00e7\u00e3o","item":"https:\/\/minutobahia24h.com.br\/?cat=34","nextItem":{"@type":"ListItem","@id":"https:\/\/minutobahia24h.com.br\/?p=29708#listItem","name":"Enem 2025: inscri\u00e7\u00f5es come\u00e7am nesta segunda com pr\u00e9-inscri\u00e7\u00e3o autom\u00e1tica para alunos de 3\u00ba ano; entenda"},"previousItem":{"@type":"ListItem","@id":"https:\/\/minutobahia24h.com.br#listItem","name":"In\u00edcio"}},{"@type":"ListItem","@id":"https:\/\/minutobahia24h.com.br\/?p=29708#listItem","position":3,"name":"Enem 2025: inscri\u00e7\u00f5es come\u00e7am nesta segunda com pr\u00e9-inscri\u00e7\u00e3o autom\u00e1tica para alunos de 3\u00ba ano; entenda","previousItem":{"@type":"ListItem","@id":"https:\/\/minutobahia24h.com.br\/?cat=34#listItem","name":"Educa\u00e7\u00e3o"}}]},{"@type":"Organization","@id":"https:\/\/minutobahia24h.com.br\/#organization","name":"Minuto Bahia 24h","description":"O seu portal de not\u00edcias","url":"https:\/\/minutobahia24h.com.br\/","logo":{"@type":"ImageObject","url":"https:\/\/i0.wp.com\/minutobahia24h.com.br\/wp-content\/uploads\/2023\/09\/cropped-minutoba.png?fit=457%2C119&ssl=1","@id":"https:\/\/minutobahia24h.com.br\/?p=29708\/#organizationLogo","width":457,"height":119},"image":{"@id":"https:\/\/minutobahia24h.com.br\/?p=29708\/#organizationLogo"}},{"@type":"Person","@id":"https:\/\/minutobahia24h.com.br\/?author=2#author","url":"https:\/\/minutobahia24h.com.br\/?author=2","name":"andre","image":{"@type":"ImageObject","@id":"https:\/\/minutobahia24h.com.br\/?p=29708#authorImage","url":"https:\/\/secure.gravatar.com\/avatar\/0ec5eafed5f3925c321625d79a680d589901b94bca787ae396a35f6c4a960922?s=96&d=mm&r=g","width":96,"height":96,"caption":"andre"}},{"@type":"WebPage","@id":"https:\/\/minutobahia24h.com.br\/?p=29708#webpage","url":"https:\/\/minutobahia24h.com.br\/?p=29708","name":"Enem 2025: inscri\u00e7\u00f5es come\u00e7am nesta segunda com pr\u00e9-inscri\u00e7\u00e3o autom\u00e1tica para alunos de 3\u00ba ano; entenda - Minuto Bahia 24h","description":"As inscri\u00e7\u00f5es para o Exame Nacional do Ensino M\u00e9dio (Enem) 2025 come\u00e7aram nesta segunda-feira (26) e v\u00e3o at\u00e9 6 de junho. A edi\u00e7\u00e3o traz novidades para estudantes do 3\u00ba ano do ensino m\u00e9dio e para quem busca certifica\u00e7\u00e3o para a etapa de ensino. \ud83d\udc49\ud83c\udffe Na maior parte do pa\u00eds, as provas ser\u00e3o aplicadas em 9 e 16","inLanguage":"pt-BR","isPartOf":{"@id":"https:\/\/minutobahia24h.com.br\/#website"},"breadcrumb":{"@id":"https:\/\/minutobahia24h.com.br\/?p=29708#breadcrumblist"},"author":{"@id":"https:\/\/minutobahia24h.com.br\/?author=2#author"},"creator":{"@id":"https:\/\/minutobahia24h.com.br\/?author=2#author"},"image":{"@type":"ImageObject","url":"https:\/\/i0.wp.com\/minutobahia24h.com.br\/wp-content\/uploads\/2025\/05\/Sem-titulo-334.jpg?fit=418%2C247&ssl=1","@id":"https:\/\/minutobahia24h.com.br\/?p=29708\/#mainImage","width":418,"height":247},"primaryImageOfPage":{"@id":"https:\/\/minutobahia24h.com.br\/?p=29708#mainImage"},"datePublished":"2025-05-26T07:39:26-03:00","dateModified":"2025-05-26T07:39:28-03:00"},{"@type":"WebSite","@id":"https:\/\/minutobahia24h.com.br\/#website","url":"https:\/\/minutobahia24h.com.br\/","name":"Minuto Bahia 24h","description":"O seu portal de not\u00edcias","inLanguage":"pt-BR","publisher":{"@id":"https:\/\/minutobahia24h.com.br\/#organization"}}]},"og:locale":"pt_BR","og:site_name":"Minuto Bahia 24h - O seu portal de not\u00edcias","og:type":"article","og:title":"Enem 2025: inscri\u00e7\u00f5es come\u00e7am nesta segunda com pr\u00e9-inscri\u00e7\u00e3o autom\u00e1tica para alunos de 3\u00ba ano; entenda - Minuto Bahia 24h","og:description":"As inscri\u00e7\u00f5es para o Exame Nacional do Ensino M\u00e9dio (Enem) 2025 come\u00e7aram nesta segunda-feira (26) e v\u00e3o at\u00e9 6 de junho. A edi\u00e7\u00e3o traz novidades para estudantes do 3\u00ba ano do ensino m\u00e9dio e para quem busca certifica\u00e7\u00e3o para a etapa de ensino. \ud83d\udc49\ud83c\udffe Na maior parte do pa\u00eds, as provas ser\u00e3o aplicadas em 9 e 16","og:url":"https:\/\/minutobahia24h.com.br\/?p=29708","og:image":"https:\/\/minutobahia24h.com.br\/wp-content\/uploads\/2025\/05\/Sem-titulo-334.jpg","og:image:secure_url":"https:\/\/minutobahia24h.com.br\/wp-content\/uploads\/2025\/05\/Sem-titulo-334.jpg","og:image:width":418,"og:image:height":247,"article:published_time":"2025-05-26T10:39:26+00:00","article:modified_time":"2025-05-26T10:39:28+00:00","twitter:card":"summary_large_image","twitter:title":"Enem 2025: inscri\u00e7\u00f5es come\u00e7am nesta segunda com pr\u00e9-inscri\u00e7\u00e3o autom\u00e1tica para alunos de 3\u00ba ano; entenda - Minuto Bahia 24h","twitter:description":"As inscri\u00e7\u00f5es para o Exame Nacional do Ensino M\u00e9dio (Enem) 2025 come\u00e7aram nesta segunda-feira (26) e v\u00e3o at\u00e9 6 de junho. A edi\u00e7\u00e3o traz novidades para estudantes do 3\u00ba ano do ensino m\u00e9dio e para quem busca certifica\u00e7\u00e3o para a etapa de ensino. \ud83d\udc49\ud83c\udffe Na maior parte do pa\u00eds, as provas ser\u00e3o aplicadas em 9 e 16","twitter:image":"https:\/\/minutobahia24h.com.br\/wp-content\/uploads\/2025\/05\/Sem-titulo-334.jpg"},"aioseo_meta_data":{"post_id":"29708","title":null,"description":null,"keywords":null,"keyphrases":{"focus":{"keyphrase":"","score":0,"analysis":{"keyphraseInTitle":{"score":0,"maxScore":9,"error":1}}},"additional":[]},"primary_term":null,"canonical_url":null,"og_title":null,"og_description":null,"og_object_type":"default","og_image_type":"default","og_image_url":null,"og_image_width":null,"og_image_height":null,"og_image_custom_url":null,"og_image_custom_fields":null,"og_video":"","og_custom_url":null,"og_article_section":null,"og_article_tags":null,"twitter_use_og":true,"twitter_card":"default","twitter_image_type":"default","twitter_image_url":null,"twitter_image_custom_url":null,"twitter_image_custom_fields":null,"twitter_title":null,"twitter_description":null,"schema":{"blockGraphs":[],"customGraphs":[],"default":{"data":{"Article":[],"Course":[],"Dataset":[],"FAQPage":[],"Movie":[],"Person":[],"Product":[],"ProductReview":[],"Car":[],"Recipe":[],"Service":[],"SoftwareApplication":[],"WebPage":[]},"graphName":"BlogPosting","isEnabled":true},"graphs":[]},"schema_type":"default","schema_type_options":null,"pillar_content":false,"robots_default":true,"robots_noindex":false,"robots_noarchive":false,"robots_nosnippet":false,"robots_nofollow":false,"robots_noimageindex":false,"robots_noodp":false,"robots_notranslate":false,"robots_max_snippet":"-1","robots_max_videopreview":"-1","robots_max_imagepreview":"large","priority":null,"frequency":"default","local_seo":null,"breadcrumb_settings":null,"limit_modified_date":false,"ai":null,"created":"2025-05-26 10:39:28","updated":"2025-06-05 20:11:46","seo_analyzer_scan_date":null,"focus_keyword":null,"additional_keywords":null,"truseo_locale":null},"aioseo_breadcrumb":"<div class=\"aioseo-breadcrumbs\"><span class=\"aioseo-breadcrumb\">\n\t\t\t<a href=\"https:\/\/minutobahia24h.com.br\" title=\"In\u00edcio\">In\u00edcio<\/a>\n\t\t<\/span><span class=\"aioseo-breadcrumb-separator\">&raquo;<\/span><span class=\"aioseo-breadcrumb\">\n\t\t\t<a href=\"https:\/\/minutobahia24h.com.br\/?cat=34\" title=\"Educa\u00e7\u00e3o\">Educa\u00e7\u00e3o<\/a>\n\t\t<\/span><span class=\"aioseo-breadcrumb-separator\">&raquo;<\/span><span class=\"aioseo-breadcrumb\">\n\t\t\tEnem 2025: inscri\u00e7\u00f5es come\u00e7am nesta segunda com pr\u00e9-inscri\u00e7\u00e3o autom\u00e1tica para alunos de 3\u00ba ano; entenda\n\t\t<\/span><\/div>","aioseo_breadcrumb_json":[{"label":"In\u00edcio","link":"https:\/\/minutobahia24h.com.br"},{"label":"Educa\u00e7\u00e3o","link":"https:\/\/minutobahia24h.com.br\/?cat=34"},{"label":"Enem 2025: inscri\u00e7\u00f5es come\u00e7am nesta segunda com pr\u00e9-inscri\u00e7\u00e3o autom\u00e1tica para alunos de 3\u00ba ano; entenda","link":"https:\/\/minutobahia24h.com.br\/?p=29708"}],"jetpack_sharing_enabled":true,"jetpack_featured_media_url":"https:\/\/i0.wp.com\/minutobahia24h.com.br\/wp-content\/uploads\/2025\/05\/Sem-titulo-334.jpg?fit=418%2C247&ssl=1","_links":{"self":[{"href":"https:\/\/minutobahia24h.com.br\/index.php?rest_route=\/wp\/v2\/posts\/29708","targetHints":{"allow":["GET"]}}],"collection":[{"href":"https:\/\/minutobahia24h.com.br\/index.php?rest_route=\/wp\/v2\/posts"}],"about":[{"href":"https:\/\/minutobahia24h.com.br\/index.php?rest_route=\/wp\/v2\/types\/post"}],"author":[{"embeddable":true,"href":"https:\/\/minutobahia24h.com.br\/index.php?rest_route=\/wp\/v2\/users\/2"}],"replies":[{"embeddable":true,"href":"https:\/\/minutobahia24h.com.br\/index.php?rest_route=%2Fwp%2Fv2%2Fcomments&post=29708"}],"version-history":[{"count":1,"href":"https:\/\/minutobahia24h.com.br\/index.php?rest_route=\/wp\/v2\/posts\/29708\/revisions"}],"predecessor-version":[{"id":29710,"href":"https:\/\/minutobahia24h.com.br\/index.php?rest_route=\/wp\/v2\/posts\/29708\/revisions\/29710"}],"wp:featuredmedia":[{"embeddable":true,"href":"https:\/\/minutobahia24h.com.br\/index.php?rest_route=\/wp\/v2\/media\/29709"}],"wp:attachment":[{"href":"https:\/\/minutobahia24h.com.br\/index.php?rest_route=%2Fwp%2Fv2%2Fmedia&parent=29708"}],"wp:term":[{"taxonomy":"category","embeddable":true,"href":"https:\/\/minutobahia24h.com.br\/index.php?rest_route=%2Fwp%2Fv2%2Fcategories&post=29708"},{"taxonomy":"post_tag","embeddable":true,"href":"https:\/\/minutobahia24h.com.br\/index.php?rest_route=%2Fwp%2Fv2%2Ftags&post=29708"}],"curies":[{"name":"wp","href":"https:\/\/api.w.org\/{rel}","templated":true}]}}