{"id":29661,"date":"2025-05-23T08:38:03","date_gmt":"2025-05-23T11:38:03","guid":{"rendered":"https:\/\/minutobahia24h.com.br\/?p=29661"},"modified":"2025-05-23T08:38:05","modified_gmt":"2025-05-23T11:38:05","slug":"denuncias-de-neonazismo-na-internet-crescem-250-em-cinco-anos-aponta-safernet","status":"publish","type":"post","link":"https:\/\/minutobahia24h.com.br\/?p=29661","title":{"rendered":"Den\u00fancias de neonazismo na internet crescem 250% em cinco anos, aponta SaferNet"},"content":{"rendered":"<div class=\"wp-block-image\">\n<figure class=\"aligncenter size-full\"><img data-recalc-dims=\"1\" fetchpriority=\"high\" decoding=\"async\" width=\"594\" height=\"418\" src=\"https:\/\/i0.wp.com\/minutobahia24h.com.br\/wp-content\/uploads\/2025\/05\/Sem-titulo-324.jpg?resize=594%2C418&#038;ssl=1\" alt=\"\" class=\"wp-image-29662\" srcset=\"https:\/\/i0.wp.com\/minutobahia24h.com.br\/wp-content\/uploads\/2025\/05\/Sem-titulo-324.jpg?w=594&amp;ssl=1 594w, https:\/\/i0.wp.com\/minutobahia24h.com.br\/wp-content\/uploads\/2025\/05\/Sem-titulo-324.jpg?resize=300%2C211&amp;ssl=1 300w\" sizes=\"(max-width: 594px) 100vw, 594px\" \/><figcaption class=\"wp-element-caption\">Foto: Marcello Casal Jr\/Ag\u00eancia Brasil<br><\/figcaption><\/figure>\n<\/div>\n\n\n<p>O n\u00famero de den\u00fancias de conte\u00fados relacionados ao neonazismo na internet aumentou 250% entre 2020 e 2024 em compara\u00e7\u00e3o com o per\u00edodo de 2015 a 2019. Os dados s\u00e3o da SaferNet Brasil, organiza\u00e7\u00e3o n\u00e3o governamental que monitora crimes e viola\u00e7\u00f5es contra os direitos humanos no ambiente digital.<\/p>\n\n\n\n<p>As informa\u00e7\u00f5es fazem parte dos Indicadores da Central Nacional de Den\u00fancias de Crimes Cibern\u00e9ticos, que registraram cerca de 30 mil den\u00fancias relacionadas ao neonazismo nos \u00faltimos cinco anos. A organiza\u00e7\u00e3o alerta para o crescimento de discursos de \u00f3dio baseados em ideias de intoler\u00e2ncia, superioridade racial e apologia \u00e0 viol\u00eancia.<\/p>\n\n\n\n<p>Segundo a SaferNet, o neonazismo se manifesta de diversas formas, incluindo a produ\u00e7\u00e3o, comercializa\u00e7\u00e3o e veicula\u00e7\u00e3o de s\u00edmbolos e propaganda nazistas, como a su\u00e1stica. No Brasil, os grupos que aderem a esse tipo de ideologia promovem ideias racistas, xen\u00f3fobas, discriminat\u00f3rias e ultranacionalistas, com incentivo ao uso da viol\u00eancia.<\/p>\n\n\n\n<p>A maior concentra\u00e7\u00e3o desses grupos foi identificada em S\u00e3o Paulo, especialmente na capital e no ABC, al\u00e9m de Paran\u00e1, Santa Catarina, Rio Grande do Sul, Minas Gerais, Distrito Federal e Esp\u00edrito Santo.<\/p>\n\n\n\n<p>A apologia ao nazismo \u00e9 crime no Brasil, conforme a Lei 7.716\/1989, que prev\u00ea penas de dois a cinco anos de pris\u00e3o para quem praticar, induzir ou incitar o preconceito por ra\u00e7a, cor, etnia, religi\u00e3o ou proced\u00eancia nacional.<\/p>\n\n\n\n<p>Bahia.ba<\/p>\n","protected":false},"excerpt":{"rendered":"<p>O n\u00famero de den\u00fancias de conte\u00fados relacionados ao neonazismo na internet aumentou 250% entre 2020 e 2024 em compara\u00e7\u00e3o com o per\u00edodo de 2015 a 2019. Os dados s\u00e3o da SaferNet Brasil, organiza\u00e7\u00e3o n\u00e3o governamental que monitora crimes e viola\u00e7\u00f5es contra os direitos humanos no ambiente digital. As informa\u00e7\u00f5es fazem parte dos Indicadores da Central [&hellip;]<\/p>\n","protected":false},"author":2,"featured_media":29662,"comment_status":"open","ping_status":"open","sticky":false,"template":"","format":"standard","meta":{"_jetpack_memberships_contains_paid_content":false,"footnotes":""},"categories":[46],"tags":[],"class_list":["post-29661","post","type-post","status-publish","format-standard","has-post-thumbnail","hentry","category-noticia"],"aioseo_notices":[],"jetpack_featured_media_url":"https:\/\/i0.wp.com\/minutobahia24h.com.br\/wp-content\/uploads\/2025\/05\/Sem-titulo-324.jpg?fit=594%2C418&ssl=1","jetpack_sharing_enabled":true,"_links":{"self":[{"href":"https:\/\/minutobahia24h.com.br\/index.php?rest_route=\/wp\/v2\/posts\/29661","targetHints":{"allow":["GET"]}}],"collection":[{"href":"https:\/\/minutobahia24h.com.br\/index.php?rest_route=\/wp\/v2\/posts"}],"about":[{"href":"https:\/\/minutobahia24h.com.br\/index.php?rest_route=\/wp\/v2\/types\/post"}],"author":[{"embeddable":true,"href":"https:\/\/minutobahia24h.com.br\/index.php?rest_route=\/wp\/v2\/users\/2"}],"replies":[{"embeddable":true,"href":"https:\/\/minutobahia24h.com.br\/index.php?rest_route=%2Fwp%2Fv2%2Fcomments&post=29661"}],"version-history":[{"count":1,"href":"https:\/\/minutobahia24h.com.br\/index.php?rest_route=\/wp\/v2\/posts\/29661\/revisions"}],"predecessor-version":[{"id":29663,"href":"https:\/\/minutobahia24h.com.br\/index.php?rest_route=\/wp\/v2\/posts\/29661\/revisions\/29663"}],"wp:featuredmedia":[{"embeddable":true,"href":"https:\/\/minutobahia24h.com.br\/index.php?rest_route=\/wp\/v2\/media\/29662"}],"wp:attachment":[{"href":"https:\/\/minutobahia24h.com.br\/index.php?rest_route=%2Fwp%2Fv2%2Fmedia&parent=29661"}],"wp:term":[{"taxonomy":"category","embeddable":true,"href":"https:\/\/minutobahia24h.com.br\/index.php?rest_route=%2Fwp%2Fv2%2Fcategories&post=29661"},{"taxonomy":"post_tag","embeddable":true,"href":"https:\/\/minutobahia24h.com.br\/index.php?rest_route=%2Fwp%2Fv2%2Ftags&post=29661"}],"curies":[{"name":"wp","href":"https:\/\/api.w.org\/{rel}","templated":true}]}}