{"id":29646,"date":"2025-05-23T08:30:21","date_gmt":"2025-05-23T11:30:21","guid":{"rendered":"https:\/\/minutobahia24h.com.br\/?p=29646"},"modified":"2025-05-23T08:30:23","modified_gmt":"2025-05-23T11:30:23","slug":"sancoes-de-trump-contra-alexandre-de-moraes-podem-ser-estendidas-a-outros-ministros-do-stf","status":"publish","type":"post","link":"https:\/\/minutobahia24h.com.br\/?p=29646","title":{"rendered":"San\u00e7\u00f5es de Trump contra Alexandre de Moraes podem ser estendidas a outros ministros do STF"},"content":{"rendered":"<div class=\"wp-block-image\">\n<figure class=\"aligncenter size-full\"><img data-recalc-dims=\"1\" fetchpriority=\"high\" decoding=\"async\" width=\"800\" height=\"474\" src=\"https:\/\/i0.wp.com\/minutobahia24h.com.br\/wp-content\/uploads\/2025\/05\/Sem-titulo-319.jpg?resize=800%2C474&#038;ssl=1\" alt=\"\" class=\"wp-image-29647\" srcset=\"https:\/\/i0.wp.com\/minutobahia24h.com.br\/wp-content\/uploads\/2025\/05\/Sem-titulo-319.jpg?w=888&amp;ssl=1 888w, https:\/\/i0.wp.com\/minutobahia24h.com.br\/wp-content\/uploads\/2025\/05\/Sem-titulo-319.jpg?resize=300%2C178&amp;ssl=1 300w, https:\/\/i0.wp.com\/minutobahia24h.com.br\/wp-content\/uploads\/2025\/05\/Sem-titulo-319.jpg?resize=768%2C455&amp;ssl=1 768w, https:\/\/i0.wp.com\/minutobahia24h.com.br\/wp-content\/uploads\/2025\/05\/Sem-titulo-319.jpg?resize=750%2C444&amp;ssl=1 750w\" sizes=\"(max-width: 800px) 100vw, 800px\" \/><figcaption class=\"wp-element-caption\">O presidente dos Estados Unidos, Donald Trump, e o ministro do Supremo Tribunal Federal (STF) brasileiro Alexandre de Moraes \u2014 Foto: Fotos de Tasos Katopodis\/Getty Images via AFP e Brenno Carvalho\/O Globo<br><\/figcaption><\/figure>\n<\/div>\n\n\n<p>O texto em revis\u00e3o no governo\u00a0<a class=\"\" href=\"https:\/\/oglobo.globo.com\/tudo-sobre\/politico\/donald-trump\/\">Donald Trump<\/a>\u00a0sobre as san\u00e7\u00f5es econ\u00f4micas dos\u00a0<a class=\"\" href=\"https:\/\/oglobo.globo.com\/tudo-sobre\/pais\/estados-unidos\">Estados Unidos<\/a>\u00a0contra o ministro do Supremo Tribunal Federal (<a class=\"\" href=\"https:\/\/oglobo.globo.com\/tudo-sobre\/instituicao-governamental\/stf\">STF<\/a>)\u00a0<a class=\"\" href=\"https:\/\/oglobo.globo.com\/tudo-sobre\/personalidade\/alexandre-de-moraes\/\">Alexandre de Moraes<\/a>\u00a0prev\u00ea que as medidas restritivas sejam analisadas a cada 60 dias, quando poder\u00e3o ser renovadas ou n\u00e3o a depender da resposta do magistrado e da Corte \u00e0s medidas de\u00a0<a class=\"\" href=\"https:\/\/oglobo.globo.com\/tudo-sobre\/cidade\/washington\">Washington<\/a>. Al\u00e9m disso, outros integrantes do STF e do Judici\u00e1rio do\u00a0<a class=\"\" href=\"https:\/\/oglobo.globo.com\/tudo-sobre\/pais\/brasil\">Brasil<\/a>\u00a0poder\u00e3o ser sancionados a cada reavalia\u00e7\u00e3o.<\/p>\n\n\n\n<p>De acordo com fontes do bolsonarismo envolvidas na discuss\u00e3o, o rascunho que est\u00e1 em discuss\u00e3o no gabinete do secret\u00e1rio de Estado, Marco Rubio, prev\u00ea que a depender do clima pol\u00edtico entre os dois pa\u00edses, os secret\u00e1rios de Estado Marco Rubio e o do Tesouro, Scott Bessent, podem apresentar ao presidente Trump uma nova lista de magistrados para integrar a lista das chamadas san\u00e7\u00f5es Ofac, sigla em ingl\u00eas para Office of Foreign Assets Control, o Escrit\u00f3rio de Controle de Ativos Externos do Departamento do Tesouro.<\/p>\n\n\n\n<p>A possibilidade de sancionar Moraes foi admitida publicamente pela primeira vez por Rubio durante uma audi\u00eancia no Congresso dos EUA na \u00faltima quarta-feira, como mostramos no blog.<\/p>\n\n\n\n<p>\u201cIsso est\u00e1 sob an\u00e1lise no momento e h\u00e1 uma grande possibilidade de que aconte\u00e7a\u201d, disse o secret\u00e1rio de Estado, equivalente ao ministro de Rela\u00e7\u00f5es Exteriores no Brasil em resposta a um questionamento do deputado Corry Mills (Fl\u00f3rida), do Partido Republicano de Trump.<\/p>\n\n\n\n<p>As san\u00e7\u00f5es contra o ministro t\u00eam sido articuladas nos EUA por aliados do ex-presidente Jair Bolsonaro radicados no pa\u00eds, incluindo seu filho e deputado federal licenciado\u00a0<a class=\"\" href=\"https:\/\/oglobo.globo.com\/tudo-sobre\/politico\/eduardo-bolsonaro\">Eduardo Bolsonaro<\/a>\u00a0(<a class=\"\" href=\"https:\/\/oglobo.globo.com\/tudo-sobre\/partido-politico\/pl\/\">PL<\/a>-SP), que deixou o Brasil no fim de fevereiro e desde ent\u00e3o tem realizado uma s\u00e9rie de agendas com congressistas republicanos e auxiliares de Trump para emplacar medidas que pressionem o Supremo no momento em que a Corte aprofunda as investiga\u00e7\u00f5es de uma trama golpista para impedir a posse de\u00a0<a class=\"\" href=\"https:\/\/oglobo.globo.com\/tudo-sobre\/politico\/luiz-inacio-lula-da-silva\">Lula<\/a>\u00a0e manter Bolsonaro no poder.<\/p>\n\n\n\n<p>O ex-presidente e outros 30 investigados s\u00e3o r\u00e9us por organiza\u00e7\u00e3o criminosa, tentativa de aboli\u00e7\u00e3o violenta do Estado Democr\u00e1tico de Direito, dano qualificado pela viol\u00eancia e grave amea\u00e7a contra o patrim\u00f4nio da Uni\u00e3o e deteriora\u00e7\u00e3o de patrim\u00f4nio tombado.<\/p>\n\n\n\n<p>As san\u00e7\u00f5es Ofac s\u00e3o amparadas pela chamada lei Magnitsky, criada no governo&nbsp;<a class=\"\" href=\"https:\/\/oglobo.globo.com\/tudo-sobre\/politico\/barack-obama\/\">Barack Obama<\/a>&nbsp;(2009-2017) para punir autoridades estrangeiras violadoras de direitos humanos. Neste segundo mandato de Trump, a legisla\u00e7\u00e3o j\u00e1 embasou duras restri\u00e7\u00f5es ao procurador do Tribunal Penal Internacional (TPI) Karim Khan, respons\u00e1vel pelo pedido de pris\u00e3o contra o primeiro-ministro de Israel, Benjamin Netanyahu, por crimes de guerra na Faixa de Gaza desde 2023.<\/p>\n\n\n\n<p>No caso de Alexandre de Moraes, bolsonaristas vinham tentando convencer o governo Trump de que v\u00e1rias decis\u00f5es do ministro no Brasil t\u00eam afetado cidad\u00e3os americanos nos EUA, como no caso da suspens\u00e3o de perfis em redes sociais e na derrubada tempor\u00e1ria do X, plataforma sediada no pa\u00eds e controlada por&nbsp;<a class=\"\" href=\"https:\/\/oglobo.globo.com\/tudo-sobre\/personalidade\/elon-musk\">Elon Musk<\/a>, assessor s\u00eanior de Trump na Casa Branca, em 2024.<\/p>\n\n\n\n<p>Uma vez que afeta contas-correntes, poupan\u00e7as, cart\u00f5es de cr\u00e9dito e demais servi\u00e7os, esse tipo de san\u00e7\u00e3o \u00e9 apelidada informalmente no pa\u00eds de \u201cpena de morte financeira\u201d.<\/p>\n\n\n\n<h2 class=\"wp-block-heading\">Autoridades na mira<\/h2>\n\n\n\n<p>Conforme publicamos em mar\u00e7o passado, interlocutores familiarizados com a articula\u00e7\u00e3o de bolsonaristas junto a Rubio e o Departamento de Estado j\u00e1 vinham especulando h\u00e1 meses quais membros do Judici\u00e1rio poderiam suceder Moraes na campanha das san\u00e7\u00f5es, embora ainda n\u00e3o haja um martelo batido.<\/p>\n\n\n\n<p>Entre os nomes cogitados est\u00e3o o procurador-geral da Rep\u00fablica,&nbsp;<a class=\"\" href=\"https:\/\/oglobo.globo.com\/tudo-sobre\/personalidade\/paulo-gonet\/\">Paulo Gonet<\/a>, o presidente do STF&nbsp;<a class=\"\" href=\"https:\/\/oglobo.globo.com\/tudo-sobre\/personalidade\/luis-roberto-barroso\/\">Lu\u00eds Roberto Barroso<\/a>&nbsp;e o decano do Tribunal,&nbsp;<a class=\"\" href=\"https:\/\/oglobo.globo.com\/tudo-sobre\/personalidade\/gilmar-mendes\/\">Gilmar Mendes<\/a>.<\/p>\n\n\n\n<p>A estrat\u00e9gia seria orquestrada em diferentes fases para tentar desgastar o Supremo e o Judici\u00e1rio brasileiro no modo \u201cconta-gotas\u201d, de forma a for\u00e7ar um recuo por parte da Corte no julgamento contra Bolsonaro, al\u00e9m de criar o ambiente para a aprova\u00e7\u00e3o do projeto que visa anistiar os envolvidos nos ataques do 8 de janeiro.<\/p>\n\n\n\n<p>A inspira\u00e7\u00e3o veio de um dispositivo id\u00eantico previsto nas san\u00e7\u00f5es implementadas por Trump contra o TPI e o procurador Karim Khan, que tamb\u00e9m prev\u00ea a reavalia\u00e7\u00e3o peri\u00f3dica das restri\u00e7\u00f5es.<\/p>\n\n\n\n<p>Al\u00e9m do precedente das san\u00e7\u00f5es contra Khan ser visto com otimismo pelos articuladores bolsonaristas, aliados tamb\u00e9m tra\u00e7am um paralelo entre o chefe do Minist\u00e9rio P\u00fablico Federal brasileiro e o brit\u00e2nico.<\/p>\n\n\n\n<p>Isso porque, no decreto que sancionou o TPI, Trump sustentou que as puni\u00e7\u00f5es do tribunal \u2013 jamais reconhecido pelos EUA ou pelos israelenses \u2013 contra Israel poderiam potencialmente impactar cidad\u00e3os americanos que integram tropas militares, al\u00e9m de afetar um dos principais aliados de Washington na comunidade internacional.<\/p>\n\n\n\n<p>Entre os denunciados por Gonet est\u00e1 o jornalista brasileiro Paulo Figueiredo, que tamb\u00e9m \u00e9 cidad\u00e3o americano. Em \u00faltima inst\u00e2ncia, bolsonaristas acreditam que as rela\u00e7\u00f5es hist\u00f3ricas entre o Brasil e os Estados Unidos poderiam se aplicar ao mesmo contexto de Israel nas san\u00e7\u00f5es contra Haia, assim como a proximidade de Trump com Bolsonaro a exemplo de Netanyahu.<\/p>\n\n\n\n<p>Gilmar, por sua vez, \u00e9 visto como o articulador mais poderoso dentro do Supremo, al\u00e9m de ter sido o padrinho da indica\u00e7\u00e3o de Gonet para a PGR em 2023.<\/p>\n\n\n\n<p>Alinhado a Alexandre de Moraes e ao ministro Fl\u00e1vio Dino, indicado por Lula, o decano \u00e9 visto por bolsonaristas como um fiel da balan\u00e7a na coaliz\u00e3o da Corte em torno de Moraes e na pr\u00f3pria din\u00e2mica interna da Corte. Barroso, por outro lado, presidir\u00e1 o STF at\u00e9 outubro de 2025, per\u00edodo que deve compreender boa parte do julgamento de Bolsonaro no Tribunal.<\/p>\n\n\n\n<p>A cronologia da inclus\u00e3o de outros brasileiros como Gonet, Gilmar e Barroso e at\u00e9 familiares, por\u00e9m, depender\u00e1 do c\u00e1lculo pol\u00edtico de Washington a partir da rea\u00e7\u00e3o institucional \u00e0s eventuais san\u00e7\u00f5es contra Moraes, segundo brasileiros envolvidos na costura explicaram \u00e0 equipe do blog.<\/p>\n\n\n\n<p>Essa etapa, portanto, pode \u201clevar meses\u201d, segundo um deles. Mas o roteiro da ofensiva j\u00e1 est\u00e1 tra\u00e7ado, de olho na tramita\u00e7\u00e3o c\u00e9lere do plano do golpe no Supremo.<\/p>\n","protected":false},"excerpt":{"rendered":"<p>O texto em revis\u00e3o no governo\u00a0Donald Trump\u00a0sobre as san\u00e7\u00f5es econ\u00f4micas dos\u00a0Estados Unidos\u00a0contra o ministro do Supremo Tribunal Federal (STF)\u00a0Alexandre de Moraes\u00a0prev\u00ea que as medidas restritivas sejam analisadas a cada 60 dias, quando poder\u00e3o ser renovadas ou n\u00e3o a depender da resposta do magistrado e da Corte \u00e0s medidas de\u00a0Washington. Al\u00e9m disso, outros integrantes do STF [&hellip;]<\/p>\n","protected":false},"author":2,"featured_media":29647,"comment_status":"open","ping_status":"open","sticky":false,"template":"","format":"standard","meta":{"_jetpack_memberships_contains_paid_content":false,"footnotes":""},"categories":[46],"tags":[],"class_list":["post-29646","post","type-post","status-publish","format-standard","has-post-thumbnail","hentry","category-noticia"],"aioseo_notices":[],"jetpack_featured_media_url":"https:\/\/i0.wp.com\/minutobahia24h.com.br\/wp-content\/uploads\/2025\/05\/Sem-titulo-319.jpg?fit=888%2C526&ssl=1","jetpack_sharing_enabled":true,"_links":{"self":[{"href":"https:\/\/minutobahia24h.com.br\/index.php?rest_route=\/wp\/v2\/posts\/29646","targetHints":{"allow":["GET"]}}],"collection":[{"href":"https:\/\/minutobahia24h.com.br\/index.php?rest_route=\/wp\/v2\/posts"}],"about":[{"href":"https:\/\/minutobahia24h.com.br\/index.php?rest_route=\/wp\/v2\/types\/post"}],"author":[{"embeddable":true,"href":"https:\/\/minutobahia24h.com.br\/index.php?rest_route=\/wp\/v2\/users\/2"}],"replies":[{"embeddable":true,"href":"https:\/\/minutobahia24h.com.br\/index.php?rest_route=%2Fwp%2Fv2%2Fcomments&post=29646"}],"version-history":[{"count":1,"href":"https:\/\/minutobahia24h.com.br\/index.php?rest_route=\/wp\/v2\/posts\/29646\/revisions"}],"predecessor-version":[{"id":29648,"href":"https:\/\/minutobahia24h.com.br\/index.php?rest_route=\/wp\/v2\/posts\/29646\/revisions\/29648"}],"wp:featuredmedia":[{"embeddable":true,"href":"https:\/\/minutobahia24h.com.br\/index.php?rest_route=\/wp\/v2\/media\/29647"}],"wp:attachment":[{"href":"https:\/\/minutobahia24h.com.br\/index.php?rest_route=%2Fwp%2Fv2%2Fmedia&parent=29646"}],"wp:term":[{"taxonomy":"category","embeddable":true,"href":"https:\/\/minutobahia24h.com.br\/index.php?rest_route=%2Fwp%2Fv2%2Fcategories&post=29646"},{"taxonomy":"post_tag","embeddable":true,"href":"https:\/\/minutobahia24h.com.br\/index.php?rest_route=%2Fwp%2Fv2%2Ftags&post=29646"}],"curies":[{"name":"wp","href":"https:\/\/api.w.org\/{rel}","templated":true}]}}