{"id":29634,"date":"2025-05-23T07:27:44","date_gmt":"2025-05-23T10:27:44","guid":{"rendered":"https:\/\/minutobahia24h.com.br\/?p=29634"},"modified":"2025-05-23T07:27:48","modified_gmt":"2025-05-23T10:27:48","slug":"evento-valoriza-cultura-do-cafe-e-tradicao-sertaneja-em-jaguarari","status":"publish","type":"post","link":"https:\/\/minutobahia24h.com.br\/?p=29634","title":{"rendered":"Evento valoriza cultura do caf\u00e9 e tradi\u00e7\u00e3o sertaneja em Jaguarari"},"content":{"rendered":"<div class=\"wp-block-image\">\n<figure class=\"aligncenter size-full\"><img data-recalc-dims=\"1\" fetchpriority=\"high\" decoding=\"async\" width=\"700\" height=\"560\" src=\"https:\/\/i0.wp.com\/minutobahia24h.com.br\/wp-content\/uploads\/2025\/05\/Sem-titulo-315.jpg?resize=700%2C560&#038;ssl=1\" alt=\"\" class=\"wp-image-29635\" srcset=\"https:\/\/i0.wp.com\/minutobahia24h.com.br\/wp-content\/uploads\/2025\/05\/Sem-titulo-315.jpg?w=700&amp;ssl=1 700w, https:\/\/i0.wp.com\/minutobahia24h.com.br\/wp-content\/uploads\/2025\/05\/Sem-titulo-315.jpg?resize=300%2C240&amp;ssl=1 300w\" sizes=\"(max-width: 700px) 100vw, 700px\" \/><figcaption class=\"wp-element-caption\">Foto: CLAS Mk\/arquivo divulga\u00e7\u00e3o<br><\/figcaption><\/figure>\n<\/div>\n\n\n<p>A comunidade da Serra dos Morgados, em Jaguarari, no Norte da Bahia, j\u00e1 est\u00e1 nos preparativos para a 3\u00aa edi\u00e7\u00e3o do Ecofestival do Caf\u00e9, que ser\u00e1 realizada entre os dias 18 e 20 de julho. O lan\u00e7amento oficial do evento ocorreu no \u00faltimo dia 17 de maio, na Cozinha Ancestral Flor da Jurema, comandada pela renomada chef Jucilene Melo, reunindo apoiadores, associa\u00e7\u00f5es comunit\u00e1rias e parceiros.<\/p>\n\n\n\n<p>Durante o lan\u00e7amento, foram apresentados os principais destaques da programa\u00e7\u00e3o, que inclui um espa\u00e7o de forma\u00e7\u00e3o voltado para a cultura do caf\u00e9, a comercializa\u00e7\u00e3o de produtos da agricultura familiar das comunidades da Serra e do entorno, al\u00e9m de atra\u00e7\u00f5es culturais nas linguagens da m\u00fasica, teatro, dan\u00e7a, pintura, fotografia e manifesta\u00e7\u00f5es populares, como p\u00edfanos e reisados.<\/p>\n\n\n\n<p>Segundo o coordenador do evento, Juracy Marques, a programa\u00e7\u00e3o contar\u00e1 ainda com oficinas, confer\u00eancias, aulas de campo, capacita\u00e7\u00f5es para produtores e produtoras rurais, atividades gastron\u00f4micas com foco nos sabores locais, al\u00e9m de a\u00e7\u00f5es ligadas ao ecoturismo.<\/p>\n\n\n\n<p>Um dos grandes destaques deste ano ser\u00e1 o lan\u00e7amento de caf\u00e9s especiais produzidos nas serras do Sert\u00e3o baiano, que atingiram pontua\u00e7\u00f5es equivalentes aos melhores caf\u00e9s do Brasil, destacando-se pelas notas de sabor e qualidade. \u201c<em>Podemos considerar a Serra dos Morgados a mais nova rota tur\u00edstica do interior da Bahia. Um destino encantador que re\u00fane atrativos naturais com uma paisagem deslumbrante, o frio da Serra, trilhas, nascentes, cachoeiras e um delicioso caf\u00e9<\/em>\u201d, afirma Juracy. Mais informa\u00e7\u00f5es sobre o festival podem ser obtidas pelo telefone (87) 9 8168-8928 ou no Instagram&nbsp;<strong><a class=\"\" href=\"https:\/\/instagram.com\/ecofestivalcafeserramorgados\">@ecofestivalcafeserramorgados<\/a><\/strong>.<\/p>\n\n\n\n<p>carlosbritto<\/p>\n","protected":false},"excerpt":{"rendered":"<p>A comunidade da Serra dos Morgados, em Jaguarari, no Norte da Bahia, j\u00e1 est\u00e1 nos preparativos para a 3\u00aa edi\u00e7\u00e3o do Ecofestival do Caf\u00e9, que ser\u00e1 realizada entre os dias 18 e 20 de julho. O lan\u00e7amento oficial do evento ocorreu no \u00faltimo dia 17 de maio, na Cozinha Ancestral Flor da Jurema, comandada pela [&hellip;]<\/p>\n","protected":false},"author":2,"featured_media":29635,"comment_status":"open","ping_status":"open","sticky":false,"template":"","format":"standard","meta":{"_jetpack_memberships_contains_paid_content":false,"footnotes":""},"categories":[3],"tags":[],"class_list":["post-29634","post","type-post","status-publish","format-standard","has-post-thumbnail","hentry","category-regional"],"aioseo_notices":[],"jetpack_featured_media_url":"https:\/\/i0.wp.com\/minutobahia24h.com.br\/wp-content\/uploads\/2025\/05\/Sem-titulo-315.jpg?fit=700%2C560&ssl=1","jetpack_sharing_enabled":true,"_links":{"self":[{"href":"https:\/\/minutobahia24h.com.br\/index.php?rest_route=\/wp\/v2\/posts\/29634","targetHints":{"allow":["GET"]}}],"collection":[{"href":"https:\/\/minutobahia24h.com.br\/index.php?rest_route=\/wp\/v2\/posts"}],"about":[{"href":"https:\/\/minutobahia24h.com.br\/index.php?rest_route=\/wp\/v2\/types\/post"}],"author":[{"embeddable":true,"href":"https:\/\/minutobahia24h.com.br\/index.php?rest_route=\/wp\/v2\/users\/2"}],"replies":[{"embeddable":true,"href":"https:\/\/minutobahia24h.com.br\/index.php?rest_route=%2Fwp%2Fv2%2Fcomments&post=29634"}],"version-history":[{"count":1,"href":"https:\/\/minutobahia24h.com.br\/index.php?rest_route=\/wp\/v2\/posts\/29634\/revisions"}],"predecessor-version":[{"id":29636,"href":"https:\/\/minutobahia24h.com.br\/index.php?rest_route=\/wp\/v2\/posts\/29634\/revisions\/29636"}],"wp:featuredmedia":[{"embeddable":true,"href":"https:\/\/minutobahia24h.com.br\/index.php?rest_route=\/wp\/v2\/media\/29635"}],"wp:attachment":[{"href":"https:\/\/minutobahia24h.com.br\/index.php?rest_route=%2Fwp%2Fv2%2Fmedia&parent=29634"}],"wp:term":[{"taxonomy":"category","embeddable":true,"href":"https:\/\/minutobahia24h.com.br\/index.php?rest_route=%2Fwp%2Fv2%2Fcategories&post=29634"},{"taxonomy":"post_tag","embeddable":true,"href":"https:\/\/minutobahia24h.com.br\/index.php?rest_route=%2Fwp%2Fv2%2Ftags&post=29634"}],"curies":[{"name":"wp","href":"https:\/\/api.w.org\/{rel}","templated":true}]}}