{"id":29631,"date":"2025-05-23T07:26:18","date_gmt":"2025-05-23T10:26:18","guid":{"rendered":"https:\/\/minutobahia24h.com.br\/?p=29631"},"modified":"2025-05-23T07:26:20","modified_gmt":"2025-05-23T10:26:20","slug":"em-nota-cuidadores-denunciam-prefeitura-de-bonfim-por-recolhimento-cruel-de-animais-de-rua","status":"publish","type":"post","link":"https:\/\/minutobahia24h.com.br\/?p=29631","title":{"rendered":"Em nota, cuidadores denunciam Prefeitura de Bonfim por \u2018recolhimento cruel\u2019 de animais de rua"},"content":{"rendered":"<div class=\"wp-block-image\">\n<figure class=\"aligncenter size-full\"><img data-recalc-dims=\"1\" fetchpriority=\"high\" decoding=\"async\" width=\"531\" height=\"560\" src=\"https:\/\/i0.wp.com\/minutobahia24h.com.br\/wp-content\/uploads\/2025\/05\/Sem-titulo-314.jpg?resize=531%2C560&#038;ssl=1\" alt=\"\" class=\"wp-image-29632\" srcset=\"https:\/\/i0.wp.com\/minutobahia24h.com.br\/wp-content\/uploads\/2025\/05\/Sem-titulo-314.jpg?w=531&amp;ssl=1 531w, https:\/\/i0.wp.com\/minutobahia24h.com.br\/wp-content\/uploads\/2025\/05\/Sem-titulo-314.jpg?resize=284%2C300&amp;ssl=1 284w\" sizes=\"(max-width: 531px) 100vw, 531px\" \/><figcaption class=\"wp-element-caption\"><sub>Em nota, cuidadores denunciam Prefeitura de Bonfim por \u2018recolhimento cruel\u2019 de animais de rua \u2013 Foto: Redes Sociais<\/sub><br><\/figcaption><\/figure>\n<\/div>\n\n\n<p>Uma nota divulgada por Cuidadores e Protetores de animais de rua, na tarde desta quinta-feira (22), pede provid\u00eancias das autoridades contra a atitude da Prefeitura de Senhor do Bonfim, que estaria, segundo den\u00fancia, \u201crealizando a\u00e7\u00f5es de recolhimento de c\u00e3es e gatos de forma cruel, sem qualquer crit\u00e9rio t\u00e9cnico, acompanhamento veterin\u00e1rio ou planejamento para ado\u00e7\u00e3o respons\u00e1vel\u201d.<\/p>\n\n\n\n<p>Segundo esses cuidadores, a a\u00e7\u00e3o do munic\u00edpio n\u00e3o tem \u201cacolhimento adequado ou controle populacional \u00e9tico\u201d, dos animais de rua.<\/p>\n\n\n\n<p>Ainda de acordo com a nota, a prefeitura estaria realizando a a\u00e7\u00e3o chamada de \u201ccarrocinha\u201d, \u201cm\u00e9todo cruel e degradante, proibido pela Lei 14.228\/2021.<\/p>\n\n\n\n<p><strong>Veja a seguir a \u00edntegra da nota publicada pelos Cuidadores e Protetores de animais de Senhor do Bonfim:<\/strong><\/p>\n\n\n\n<p><em>\u201cVimos, por meio desta&nbsp;<strong>den\u00fancia aberta<\/strong>, manifestar profunda indigna\u00e7\u00e3o e solicitar provid\u00eancias urgentes diante das pr\u00e1ticas inaceit\u00e1veis adotadas pela Prefeitura de Senhor do Bonfim, em rela\u00e7\u00e3o ao tratamento dispensado aos animais em situa\u00e7\u00e3o de rua no munic\u00edpio.<\/em><\/p>\n\n\n\n<p><em>Nas \u00faltimas semanas, em raz\u00e3o do anivers\u00e1rio da cidade e dos festejos juninos que se aproximam, moradores e protetores de animais t\u00eam denunciado que a prefeitura vem realizando a\u00e7\u00f5es de recolhimento de c\u00e3es e gatos de forma cruel e desumana, sem qualquer crit\u00e9rio t\u00e9cnico, acompanhamento veterin\u00e1rio ou planejamento para ado\u00e7\u00e3o respons\u00e1vel, acolhimento adequado ou controle populacional \u00e9tico.<\/em><\/p>\n\n\n\n<p><em>Animais idosos s\u00e3o retirados do seu local de viv\u00eancia \u00e0 for\u00e7a e soltos \u00e0 pr\u00f3pria sorte em locais ermos, sob o pretexto de que ser\u00e3o colocados para ado\u00e7\u00e3o. Quando todo mundo sabe que a chance de ado\u00e7\u00e3o de animais idosos \u00e9 M\u00cdNIMA ou NULA.<\/em><\/p>\n\n\n\n<p><em>O pr\u00f3prio secret\u00e1rio de Agricultura, o senhor Paulo Terra nova afirmou que \u201ca carrocinha est\u00e1 na \u00e1rea\u201d (temos print de conversa para comprovar). A Carrocinha, m\u00e9todo cruel e degradante, foi proibida pela Lei 14.228\/2021, mas parece que Senhor do Bonfim se tornou uma terra sei lei e sem fiscaliza\u00e7\u00e3o, se assemelhando a uma ditadura onde as decis\u00f5es s\u00e3o arbitr\u00e1rias e impostas \u00e0 revelia da lei, da \u00e9tica e da compaix\u00e3o crist\u00e3, essa que \u00e9 usada apenas para fins eleitorais.<\/em><\/p>\n\n\n\n<p><em>Essas a\u00e7\u00f5es, al\u00e9m de afrontarem diretamente a legisla\u00e7\u00e3o brasileira de prote\u00e7\u00e3o aos animais, configuram uma pol\u00edtica higienista disfar\u00e7ada de gest\u00e3o p\u00fablica, promovendo o desaparecimento for\u00e7ado de animais como solu\u00e7\u00e3o paliativa e imoral para um problema que exige pol\u00edticas p\u00fablicas respons\u00e1veis.<\/em><\/p>\n\n\n\n<p><em>Lembramos que tais pr\u00e1ticas violam:<\/em><\/p>\n\n\n\n<ul class=\"wp-block-list\">\n<li><em>A\u00a0<strong><mark>Constitui\u00e7\u00e3o Federal<\/mark><\/strong>\u00a0(art. 225, \u00a71\u00ba, VII), que assegura a prote\u00e7\u00e3o da fauna e pro\u00edbe pr\u00e1ticas que submetam os animais \u00e0 crueldade;<\/em><\/li>\n\n\n\n<li><em>A\u00a0<strong><mark>Lei de Crimes Ambientais<\/mark><\/strong>\u00a0(Lei 9.605\/98, art. 32), que considera crime o abuso, maus-tratos, ferimentos ou mutila\u00e7\u00f5es em animais;<\/em><\/li>\n\n\n\n<li><em>A\u00a0<strong><mark>Declara\u00e7\u00e3o Universal dos Direitos dos Animais<\/mark><\/strong>, reconhecida por diversas legisla\u00e7\u00f5es locais e internacionais.<\/em><\/li>\n<\/ul>\n\n\n\n<p><em>Diante disso, solicitamos provid\u00eancias imediatas dos seguintes \u00f3rg\u00e3os e entidades:<\/em><\/p>\n\n\n\n<ul class=\"wp-block-list\">\n<li><em><strong><mark>Minist\u00e9rio P\u00fablico da Bahia<\/mark><\/strong>, para investigar e coibir tais pr\u00e1ticas;<\/em><\/li>\n\n\n\n<li><em><strong><mark>Conselho Municipal de Meio Ambiente<\/mark><\/strong>, para se posicionar e exigir transpar\u00eancia nas a\u00e7\u00f5es da prefeitura;<\/em><\/li>\n\n\n\n<li><em><strong><mark>C\u00e2mara de Vereadores<\/mark><\/strong>\u00a0de Senhor do Bonfim, para instaurar comiss\u00e3o de investiga\u00e7\u00e3o e fiscalizar a atua\u00e7\u00e3o do Executivo municipal;<\/em><\/li>\n\n\n\n<li><em><strong><mark>M\u00eddia local<\/mark><\/strong>, para dar visibilidade ao problema e pressionar por mudan\u00e7as;<\/em><\/li>\n\n\n\n<li><em><strong><mark>ONGs e protetores independentes<\/mark><\/strong>, para acompanhar de perto as a\u00e7\u00f5es e cobrar pol\u00edticas p\u00fablicas que priorizem o bem-estar animal.<\/em><\/li>\n<\/ul>\n\n\n\n<p><em>Exigimos transpar\u00eancia nas a\u00e7\u00f5es p\u00fablicas, presta\u00e7\u00e3o de contas, cria\u00e7\u00e3o de pol\u00edticas efetivas de controle populacional (como castra\u00e7\u00e3o em massa e campanhas de ado\u00e7\u00e3o), al\u00e9m de respeito irrestrito \u00e0 vida animal.<\/em><\/p>\n\n\n\n<p><em>Senhor do Bonfim n\u00e3o pode compactuar com a crueldade. O povo exige respeito, \u00e9tica e responsabilidade!<\/em><\/p>\n\n\n\n<p><strong>Assinam esta den\u00fancia:<\/strong><\/p>\n\n\n\n<p>Cidad\u00e3os, protetores, entidades e organiza\u00e7\u00f5es que quiserem se manifestar.<\/p>\n\n\n\n<p>Senhor do Bonfim\/BA, 21 de maio de 2025\u2033.<\/p>\n\n\n\n<p>blogdoeloiltoncajuhy<\/p>\n","protected":false},"excerpt":{"rendered":"<p>Uma nota divulgada por Cuidadores e Protetores de animais de rua, na tarde desta quinta-feira (22), pede provid\u00eancias das autoridades contra a atitude da Prefeitura de Senhor do Bonfim, que estaria, segundo den\u00fancia, \u201crealizando a\u00e7\u00f5es de recolhimento de c\u00e3es e gatos de forma cruel, sem qualquer crit\u00e9rio t\u00e9cnico, acompanhamento veterin\u00e1rio ou planejamento para ado\u00e7\u00e3o respons\u00e1vel\u201d. [&hellip;]<\/p>\n","protected":false},"author":2,"featured_media":29632,"comment_status":"open","ping_status":"open","sticky":false,"template":"","format":"standard","meta":{"_jetpack_memberships_contains_paid_content":false,"footnotes":""},"categories":[3],"tags":[],"class_list":["post-29631","post","type-post","status-publish","format-standard","has-post-thumbnail","hentry","category-regional"],"aioseo_notices":[],"jetpack_featured_media_url":"https:\/\/i0.wp.com\/minutobahia24h.com.br\/wp-content\/uploads\/2025\/05\/Sem-titulo-314.jpg?fit=531%2C560&ssl=1","jetpack_sharing_enabled":true,"_links":{"self":[{"href":"https:\/\/minutobahia24h.com.br\/index.php?rest_route=\/wp\/v2\/posts\/29631","targetHints":{"allow":["GET"]}}],"collection":[{"href":"https:\/\/minutobahia24h.com.br\/index.php?rest_route=\/wp\/v2\/posts"}],"about":[{"href":"https:\/\/minutobahia24h.com.br\/index.php?rest_route=\/wp\/v2\/types\/post"}],"author":[{"embeddable":true,"href":"https:\/\/minutobahia24h.com.br\/index.php?rest_route=\/wp\/v2\/users\/2"}],"replies":[{"embeddable":true,"href":"https:\/\/minutobahia24h.com.br\/index.php?rest_route=%2Fwp%2Fv2%2Fcomments&post=29631"}],"version-history":[{"count":1,"href":"https:\/\/minutobahia24h.com.br\/index.php?rest_route=\/wp\/v2\/posts\/29631\/revisions"}],"predecessor-version":[{"id":29633,"href":"https:\/\/minutobahia24h.com.br\/index.php?rest_route=\/wp\/v2\/posts\/29631\/revisions\/29633"}],"wp:featuredmedia":[{"embeddable":true,"href":"https:\/\/minutobahia24h.com.br\/index.php?rest_route=\/wp\/v2\/media\/29632"}],"wp:attachment":[{"href":"https:\/\/minutobahia24h.com.br\/index.php?rest_route=%2Fwp%2Fv2%2Fmedia&parent=29631"}],"wp:term":[{"taxonomy":"category","embeddable":true,"href":"https:\/\/minutobahia24h.com.br\/index.php?rest_route=%2Fwp%2Fv2%2Fcategories&post=29631"},{"taxonomy":"post_tag","embeddable":true,"href":"https:\/\/minutobahia24h.com.br\/index.php?rest_route=%2Fwp%2Fv2%2Ftags&post=29631"}],"curies":[{"name":"wp","href":"https:\/\/api.w.org\/{rel}","templated":true}]}}