{"id":29619,"date":"2025-05-23T07:21:21","date_gmt":"2025-05-23T10:21:21","guid":{"rendered":"https:\/\/minutobahia24h.com.br\/?p=29619"},"modified":"2025-05-23T07:21:23","modified_gmt":"2025-05-23T10:21:23","slug":"sindicato-dos-trabalhadores-rurais-de-filadelfia-registra-chapa-unica-para-eleicao-sindical-2025","status":"publish","type":"post","link":"https:\/\/minutobahia24h.com.br\/?p=29619","title":{"rendered":"Sindicato dos Trabalhadores Rurais de Filad\u00e9lfia registra chapa \u00fanica para Elei\u00e7\u00e3o Sindical 2025"},"content":{"rendered":"<div class=\"wp-block-image\">\n<figure class=\"aligncenter size-full\"><img data-recalc-dims=\"1\" fetchpriority=\"high\" decoding=\"async\" width=\"800\" height=\"601\" src=\"https:\/\/i0.wp.com\/minutobahia24h.com.br\/wp-content\/uploads\/2025\/05\/Sem-titulo-310.jpg?resize=800%2C601&#038;ssl=1\" alt=\"\" class=\"wp-image-29620\" srcset=\"https:\/\/i0.wp.com\/minutobahia24h.com.br\/wp-content\/uploads\/2025\/05\/Sem-titulo-310.jpg?w=900&amp;ssl=1 900w, https:\/\/i0.wp.com\/minutobahia24h.com.br\/wp-content\/uploads\/2025\/05\/Sem-titulo-310.jpg?resize=300%2C225&amp;ssl=1 300w, https:\/\/i0.wp.com\/minutobahia24h.com.br\/wp-content\/uploads\/2025\/05\/Sem-titulo-310.jpg?resize=768%2C577&amp;ssl=1 768w, https:\/\/i0.wp.com\/minutobahia24h.com.br\/wp-content\/uploads\/2025\/05\/Sem-titulo-310.jpg?resize=750%2C563&amp;ssl=1 750w\" sizes=\"(max-width: 800px) 100vw, 800px\" \/><\/figure>\n<\/div>\n\n\n<h3 class=\"wp-block-heading\">O Sindicato dos Trabalhadores Rurais, Agricultores e Agricultoras Familiares de Filad\u00e9lfia-BA deu um importante passo no processo eleitoral de 2025 com o registro oficial da Chapa 01, encabe\u00e7ada pela atual presidente&nbsp;<strong>Janicelia Pereira Silva Santos<\/strong>. A chapa \u00fanica foi registrada no dia&nbsp;<strong>19 de maio<\/strong>, atendendo ao edital publicado no mural da entidade no dia 2 de maio deste ano.<\/h3>\n\n\n\n<p>De acordo com o edital de convoca\u00e7\u00e3o, a elei\u00e7\u00e3o ser\u00e1 realizada no dia&nbsp;<strong>08 de junho de 2025<\/strong>, com urnas fixas e itinerantes percorrendo os principais pontos do munic\u00edpio, garantindo ampla participa\u00e7\u00e3o da categoria.<\/p>\n\n\n\n<p>A&nbsp;<strong>Chapa 01<\/strong>&nbsp;\u00e9 composta por membros efetivos e suplentes que ocupar\u00e3o cargos estrat\u00e9gicos na diretoria e no conselho fiscal do sindicato. Entre os nomes est\u00e3o:<\/p>\n\n\n\n<ul class=\"wp-block-list\">\n<li><br><strong>Presidente:<\/strong>\u00a0Janicelia Pereira Silva Santos<\/li>\n\n\n\n<li><br><strong>Secretaria Geral:<\/strong>\u00a0Adem\u00e1rio Correia Maia<\/li>\n\n\n\n<li><br><strong>Secretaria de Finan\u00e7as:<\/strong>\u00a0Jo\u00e3o Luiz de Freitas<\/li>\n\n\n\n<li><br><strong>Secretaria de Mulheres:<\/strong>\u00a0Eliane de Jesus Cruz<\/li>\n\n\n\n<li><br><strong>Secretaria de Jovens e Adolescentes:<\/strong>\u00a0Amanda da Silva Pereira<\/li>\n\n\n\n<li><br><strong>Secretaria de Pol\u00edticas Agr\u00edcolas, Agr\u00e1rias e Meio Ambiente:<\/strong>\u00a0Nilson Jos\u00e9 dos Santos<\/li>\n\n\n\n<li><br><strong>Secretaria de Pol\u00edticas Sociais, Forma\u00e7\u00e3o e Organiza\u00e7\u00e3o Sindical:<\/strong>\u00a0Ivoneide Dias Leal<\/li>\n\n\n\n<li><br><strong>Secretaria da Terceira Idade:<\/strong>\u00a0Nelson Mendes da Concei\u00e7\u00e3o<\/li>\n<\/ul>\n\n\n\n<p>O&nbsp;<strong>Conselho Fiscal<\/strong>&nbsp;tamb\u00e9m j\u00e1 est\u00e1 definido, com os nomes de Jorge Pereira dos Santos, Reny Costa Pinto, Eliede Pereira dos Santos e Amilton Menezes Silva como membros efetivos.<\/p>\n\n\n\n<p>O per\u00edodo para&nbsp;<strong>impugna\u00e7\u00e3o da chapa<\/strong>&nbsp;expirou tr\u00eas dias ap\u00f3s o encerramento do prazo de registro, conforme prev\u00ea o Estatuto Social da entidade. N\u00e3o houve registro de outras chapas concorrentes, o que confirma a inscri\u00e7\u00e3o da Chapa 01 como \u00fanica na disputa eleitoral.<\/p>\n\n\n\n<p>A Comiss\u00e3o Eleitoral, respons\u00e1vel por todo o processo, \u00e9 formada por Gerson M. J., Ediana Silva Nascimento e Damara R. dos Reis, e atuar\u00e1 de forma independente at\u00e9 a conclus\u00e3o do pleito.<\/p>\n\n\n\n<p>Com a elei\u00e7\u00e3o se aproximando, a expectativa da categoria \u00e9 por um processo democr\u00e1tico, transparente e participativo, refor\u00e7ando o compromisso do sindicato com os trabalhadores e trabalhadoras do campo.<\/p>\n\n\n<div class=\"wp-block-image\">\n<figure class=\"aligncenter\"><img data-recalc-dims=\"1\" decoding=\"async\" data-src=\"https:\/\/i0.wp.com\/www.filadelfiaemnoticias.com.br\/arquivos\/img-uploads\/imagem_169.jpg?w=800&#038;ssl=1\" alt=\"\" src=\"data:image\/gif;base64,R0lGODlhAQABAAAAACH5BAEKAAEALAAAAAABAAEAAAICTAEAOw==\" class=\"lazyload\" \/><noscript><img data-recalc-dims=\"1\" decoding=\"async\" src=\"https:\/\/i0.wp.com\/www.filadelfiaemnoticias.com.br\/arquivos\/img-uploads\/imagem_169.jpg?w=800&#038;ssl=1\" alt=\"\"\/><\/noscript><\/figure>\n<\/div>\n\n\n<p>Filad\u00e9lfia em Not\u00edcias<\/p>\n","protected":false},"excerpt":{"rendered":"<p>O Sindicato dos Trabalhadores Rurais, Agricultores e Agricultoras Familiares de Filad\u00e9lfia-BA deu um importante passo no processo eleitoral de 2025 com o registro oficial da Chapa 01, encabe\u00e7ada pela atual presidente&nbsp;Janicelia Pereira Silva Santos. A chapa \u00fanica foi registrada no dia&nbsp;19 de maio, atendendo ao edital publicado no mural da entidade no dia 2 de [&hellip;]<\/p>\n","protected":false},"author":2,"featured_media":29620,"comment_status":"open","ping_status":"open","sticky":false,"template":"","format":"standard","meta":{"_jetpack_memberships_contains_paid_content":false,"footnotes":""},"categories":[3],"tags":[],"class_list":["post-29619","post","type-post","status-publish","format-standard","has-post-thumbnail","hentry","category-regional"],"aioseo_notices":[],"jetpack_featured_media_url":"https:\/\/i0.wp.com\/minutobahia24h.com.br\/wp-content\/uploads\/2025\/05\/Sem-titulo-310.jpg?fit=900%2C676&ssl=1","jetpack_sharing_enabled":true,"_links":{"self":[{"href":"https:\/\/minutobahia24h.com.br\/index.php?rest_route=\/wp\/v2\/posts\/29619","targetHints":{"allow":["GET"]}}],"collection":[{"href":"https:\/\/minutobahia24h.com.br\/index.php?rest_route=\/wp\/v2\/posts"}],"about":[{"href":"https:\/\/minutobahia24h.com.br\/index.php?rest_route=\/wp\/v2\/types\/post"}],"author":[{"embeddable":true,"href":"https:\/\/minutobahia24h.com.br\/index.php?rest_route=\/wp\/v2\/users\/2"}],"replies":[{"embeddable":true,"href":"https:\/\/minutobahia24h.com.br\/index.php?rest_route=%2Fwp%2Fv2%2Fcomments&post=29619"}],"version-history":[{"count":1,"href":"https:\/\/minutobahia24h.com.br\/index.php?rest_route=\/wp\/v2\/posts\/29619\/revisions"}],"predecessor-version":[{"id":29621,"href":"https:\/\/minutobahia24h.com.br\/index.php?rest_route=\/wp\/v2\/posts\/29619\/revisions\/29621"}],"wp:featuredmedia":[{"embeddable":true,"href":"https:\/\/minutobahia24h.com.br\/index.php?rest_route=\/wp\/v2\/media\/29620"}],"wp:attachment":[{"href":"https:\/\/minutobahia24h.com.br\/index.php?rest_route=%2Fwp%2Fv2%2Fmedia&parent=29619"}],"wp:term":[{"taxonomy":"category","embeddable":true,"href":"https:\/\/minutobahia24h.com.br\/index.php?rest_route=%2Fwp%2Fv2%2Fcategories&post=29619"},{"taxonomy":"post_tag","embeddable":true,"href":"https:\/\/minutobahia24h.com.br\/index.php?rest_route=%2Fwp%2Fv2%2Ftags&post=29619"}],"curies":[{"name":"wp","href":"https:\/\/api.w.org\/{rel}","templated":true}]}}