{"id":29519,"date":"2025-05-21T14:42:32","date_gmt":"2025-05-21T17:42:32","guid":{"rendered":"https:\/\/minutobahia24h.com.br\/?p=29519"},"modified":"2025-05-21T14:42:34","modified_gmt":"2025-05-21T17:42:34","slug":"o-que-acontece-com-o-cerebro-de-uma-crianca-maltratada-estudo-revela-impacto-em-regiao-crucial","status":"publish","type":"post","link":"https:\/\/minutobahia24h.com.br\/?p=29519","title":{"rendered":"O que acontece com o c\u00e9rebro de uma crian\u00e7a maltratada? Estudo revela impacto em regi\u00e3o crucial"},"content":{"rendered":"\n<p class=\"wp-block-paragraph\">Quais s\u00e3o os efeitos dos traumas da inf\u00e2ncia no c\u00e9rebro infantil? Com intuito de responder a essa pergunta, pesquisadores da Universidade de S\u00e3o Paulo (USP) realizaram um estudo com 795 participantes de 6 a 21 anos. Os resultados do trabalho \u2014 publicado na revista acad\u00eamica\u00a0<a class=\"\" href=\"https:\/\/doi.org\/10.1017\/S0033291724001636\" target=\"_blank\" rel=\"noreferrer noopener\"><em>Psychological Medicine<\/em><\/a>, da Universidade de Cambridge \u2014\u00a0chamaram a aten\u00e7\u00e3o para o impacto dos maus-tratos no desenvolvimento do hipocampo, regi\u00e3o essencial para a mem\u00f3ria, o aprendizado e a regula\u00e7\u00e3o emocional.<\/p>\n\n\n<div class=\"wp-block-image\">\n<figure class=\"aligncenter size-full\"><img data-recalc-dims=\"1\" fetchpriority=\"high\" decoding=\"async\" width=\"800\" height=\"534\" src=\"https:\/\/i0.wp.com\/minutobahia24h.com.br\/wp-content\/uploads\/2025\/05\/Sem-titulo-285.jpg?resize=800%2C534&#038;ssl=1\" alt=\"\" class=\"wp-image-29521\" srcset=\"https:\/\/i0.wp.com\/minutobahia24h.com.br\/wp-content\/uploads\/2025\/05\/Sem-titulo-285.jpg?w=1000&amp;ssl=1 1000w, https:\/\/i0.wp.com\/minutobahia24h.com.br\/wp-content\/uploads\/2025\/05\/Sem-titulo-285.jpg?resize=300%2C200&amp;ssl=1 300w, https:\/\/i0.wp.com\/minutobahia24h.com.br\/wp-content\/uploads\/2025\/05\/Sem-titulo-285.jpg?resize=768%2C512&amp;ssl=1 768w, https:\/\/i0.wp.com\/minutobahia24h.com.br\/wp-content\/uploads\/2025\/05\/Sem-titulo-285.jpg?resize=750%2C500&amp;ssl=1 750w\" sizes=\"(max-width: 800px) 100vw, 800px\" \/><figcaption class=\"wp-element-caption\">Impacto dos maus-tratos para o c\u00e9rebro infantil \u2014 Foto: Freepik<\/figcaption><\/figure>\n<\/div>\n\n\n<p class=\"wp-block-paragraph\">Com dados da Brazilian High-Risk Cohort (BHRC), ou Coorte Brasileira de Alto Risco para Transtornos Mentais, os pesquisadores analisaram os exames de resson\u00e2ncia magn\u00e9tica dos participantes e combinaram autorrelatos e informa\u00e7\u00f5es fornecidas pelos pais dos jovens para identificar os n\u00edveis de exposi\u00e7\u00e3o ao trauma. Os resultados apontam para os impactos persistentes do trauma infantil ao longo da adolesc\u00eancia.<\/p>\n\n\n\n<h2 class=\"wp-block-heading\">Quais foram as conclus\u00f5es do estudo?<\/h2>\n\n\n\n<p class=\"wp-block-paragraph\">Altos n\u00edveis de exposi\u00e7\u00e3o ao trauma durante a inf\u00e2ncia foram associados a uma redu\u00e7\u00e3o duradoura no volume do hipocampo direito.&nbsp;Esse efeito foi constatado mesmo ap\u00f3s o ajuste para outros fatores, como a presen\u00e7a de transtornos mentais e caracter\u00edsticas gen\u00e9ticas que influenciam o volume hipocampal. J\u00e1 o hipocampo esquerdo mostrou-se menos suscet\u00edvel a altera\u00e7\u00f5es estruturais, indicando diferen\u00e7as na vulnerabilidade entre os dois lados do c\u00e9rebro.<\/p>\n\n\n\n<p class=\"wp-block-paragraph\">\u00c9 importante destacar que o hipocampo desempenha um papel crucial nas fun\u00e7\u00f5es cognitivas e em como o c\u00e9rebro responde ao estresse. Desse modo, danos nessa regi\u00e3o podem contribuir para problemas emocionais e cognitivos a&nbsp;longo prazo, como dificuldade de aprendizado, aumento na vulnerabilidade ao estresse e maior risco de transtornos, como&nbsp;<a class=\"\" href=\"https:\/\/revistacrescer.globo.com\/pre-adolescentes\/saude\/noticia\/2023\/10\/depressao-na-adolescencia-prevencao-comeca-na-primeira-infancia-opperene.ghtml\">depress\u00e3o<\/a>&nbsp;e&nbsp;<a class=\"\" href=\"https:\/\/revistacrescer.globo.com\/Criancas\/Saude\/noticia\/2019\/04\/ansiedade-em-criancas-entenda-o-que-pode-estar-por-tras.html\">ansiedade<\/a>.<\/p>\n\n\n\n<p class=\"wp-block-paragraph\">\u201cPercebemos que os maus-tratos infantis desencadeiam altera\u00e7\u00f5es significativas no hipocampo direito, que permanecem consistentes ao longo do tempo, mesmo em cen\u00e1rios de melhora cl\u00ednica ou emocional\u201d, explica Victoria Doretto, primeira autora do artigo e psiquiatra colaboradora do Instituto de Psiquiatria (IPq) do Hospital das Cl\u00ednicas da FM-USP. Os dados tamb\u00e9m revelam que os maus-tratos afetam de forma desigual as crian\u00e7as, dependendo da intensidade e frequ\u00eancia do trauma.<\/p>\n\n\n\n<p class=\"wp-block-paragraph\">Segundo Doretto, os resultados refor\u00e7am a import\u00e2ncia de interven\u00e7\u00f5es precoces, incluindo estrat\u00e9gias de preven\u00e7\u00e3o e tratamento, para minimizar os efeitos negativos do trauma em crian\u00e7as expostas a maus-tratos. \u201cOs achados refor\u00e7am a urg\u00eancia de pol\u00edticas p\u00fablicas que promovam ambientes seguros para o desenvolvimento infantil e interven\u00e7\u00f5es que mitiguem os danos causados pelo trauma precoce\u201d, ressalta.<\/p>\n","protected":false},"excerpt":{"rendered":"<p>Quais s\u00e3o os efeitos dos traumas da inf\u00e2ncia no c\u00e9rebro infantil? Com intuito de responder a essa pergunta, pesquisadores da Universidade de S\u00e3o Paulo (USP) realizaram um estudo com 795 participantes de 6 a 21 anos. Os resultados do trabalho \u2014 publicado na revista acad\u00eamica\u00a0Psychological Medicine, da Universidade de Cambridge \u2014\u00a0chamaram a aten\u00e7\u00e3o para o [&hellip;]<\/p>\n","protected":false},"author":2,"featured_media":29521,"comment_status":"open","ping_status":"open","sticky":false,"template":"","format":"standard","meta":{"_jetpack_newsletter_access":"","_jetpack_dont_email_post_to_subs":false,"_jetpack_newsletter_tier_id":0,"_jetpack_memberships_contains_paywalled_content":false,"_jetpack_feature_clip_id":0,"_jetpack_memberships_contains_paid_content":false,"footnotes":"","jetpack_post_was_ever_published":false},"categories":[18],"tags":[],"class_list":["post-29519","post","type-post","status-publish","format-standard","has-post-thumbnail","hentry","category-saude"],"aioseo_notices":[],"aioseo_head":"\n\t\t<!-- All in One SEO 5.0.1.1 - aioseo.com -->\n\t<meta name=\"description\" content=\"Quais s\u00e3o os efeitos dos traumas da inf\u00e2ncia no c\u00e9rebro infantil? Com intuito de responder a essa pergunta, pesquisadores da Universidade de S\u00e3o Paulo (USP) realizaram um estudo com 795 participantes de 6 a 21 anos. Os resultados do trabalho \u2014 publicado na revista acad\u00eamica Psychological Medicine, da Universidade de Cambridge \u2014 chamaram a aten\u00e7\u00e3o para o\" \/>\n\t<meta name=\"robots\" content=\"max-image-preview:large\" \/>\n\t<meta name=\"author\" content=\"andre\"\/>\n\t<link rel=\"canonical\" href=\"https:\/\/minutobahia24h.com.br\/?p=29519\" \/>\n\t<meta name=\"generator\" content=\"All in One SEO (AIOSEO) 5.0.1.1\" \/>\n\t\t<meta property=\"og:locale\" content=\"pt_BR\" \/>\n\t\t<meta property=\"og:site_name\" content=\"Minuto Bahia 24h - O seu portal de not\u00edcias\" \/>\n\t\t<meta property=\"og:type\" content=\"article\" \/>\n\t\t<meta property=\"og:title\" content=\"O que acontece com o c\u00e9rebro de uma crian\u00e7a maltratada? Estudo revela impacto em regi\u00e3o crucial - Minuto Bahia 24h\" \/>\n\t\t<meta property=\"og:description\" content=\"Quais s\u00e3o os efeitos dos traumas da inf\u00e2ncia no c\u00e9rebro infantil? Com intuito de responder a essa pergunta, pesquisadores da Universidade de S\u00e3o Paulo (USP) realizaram um estudo com 795 participantes de 6 a 21 anos. Os resultados do trabalho \u2014 publicado na revista acad\u00eamica Psychological Medicine, da Universidade de Cambridge \u2014 chamaram a aten\u00e7\u00e3o para o\" \/>\n\t\t<meta property=\"og:url\" content=\"https:\/\/minutobahia24h.com.br\/?p=29519\" \/>\n\t\t<meta property=\"og:image\" content=\"https:\/\/minutobahia24h.com.br\/wp-content\/uploads\/2025\/05\/Sem-titulo-285.jpg\" \/>\n\t\t<meta property=\"og:image:secure_url\" content=\"https:\/\/minutobahia24h.com.br\/wp-content\/uploads\/2025\/05\/Sem-titulo-285.jpg\" \/>\n\t\t<meta property=\"og:image:width\" content=\"1000\" \/>\n\t\t<meta property=\"og:image:height\" content=\"667\" \/>\n\t\t<meta property=\"article:published_time\" content=\"2025-05-21T17:42:32+00:00\" \/>\n\t\t<meta property=\"article:modified_time\" content=\"2025-05-21T17:42:34+00:00\" \/>\n\t\t<meta name=\"twitter:card\" content=\"summary_large_image\" \/>\n\t\t<meta name=\"twitter:title\" content=\"O que acontece com o c\u00e9rebro de uma crian\u00e7a maltratada? Estudo revela impacto em regi\u00e3o crucial - Minuto Bahia 24h\" \/>\n\t\t<meta name=\"twitter:description\" content=\"Quais s\u00e3o os efeitos dos traumas da inf\u00e2ncia no c\u00e9rebro infantil? Com intuito de responder a essa pergunta, pesquisadores da Universidade de S\u00e3o Paulo (USP) realizaram um estudo com 795 participantes de 6 a 21 anos. Os resultados do trabalho \u2014 publicado na revista acad\u00eamica Psychological Medicine, da Universidade de Cambridge \u2014 chamaram a aten\u00e7\u00e3o para o\" \/>\n\t\t<meta name=\"twitter:image\" content=\"https:\/\/minutobahia24h.com.br\/wp-content\/uploads\/2025\/05\/Sem-titulo-285.jpg\" \/>\n\t\t<script type=\"application\/ld+json\" class=\"aioseo-schema\">\n\t\t\t{\"@context\":\"https:\\\/\\\/schema.org\",\"@graph\":[{\"@type\":\"BlogPosting\",\"@id\":\"https:\\\/\\\/minutobahia24h.com.br\\\/?p=29519#blogposting\",\"name\":\"O que acontece com o c\\u00e9rebro de uma crian\\u00e7a maltratada? Estudo revela impacto em regi\\u00e3o crucial - Minuto Bahia 24h\",\"headline\":\"O que acontece com o c\\u00e9rebro de uma crian\\u00e7a maltratada? Estudo revela impacto em regi\\u00e3o crucial\",\"author\":{\"@id\":\"https:\\\/\\\/minutobahia24h.com.br\\\/?author=2#author\"},\"publisher\":{\"@id\":\"https:\\\/\\\/minutobahia24h.com.br\\\/#organization\"},\"image\":{\"@type\":\"ImageObject\",\"url\":\"https:\\\/\\\/i0.wp.com\\\/minutobahia24h.com.br\\\/wp-content\\\/uploads\\\/2025\\\/05\\\/Sem-titulo-285.jpg?fit=1000%2C667&ssl=1\",\"width\":1000,\"height\":667},\"datePublished\":\"2025-05-21T14:42:32-03:00\",\"dateModified\":\"2025-05-21T14:42:34-03:00\",\"inLanguage\":\"pt-BR\",\"mainEntityOfPage\":{\"@id\":\"https:\\\/\\\/minutobahia24h.com.br\\\/?p=29519#webpage\"},\"isPartOf\":{\"@id\":\"https:\\\/\\\/minutobahia24h.com.br\\\/?p=29519#webpage\"},\"articleSection\":\"Sa\\u00fade\"},{\"@type\":\"BreadcrumbList\",\"@id\":\"https:\\\/\\\/minutobahia24h.com.br\\\/?p=29519#breadcrumblist\",\"itemListElement\":[{\"@type\":\"ListItem\",\"@id\":\"https:\\\/\\\/minutobahia24h.com.br#listItem\",\"position\":1,\"name\":\"In\\u00edcio\",\"item\":\"https:\\\/\\\/minutobahia24h.com.br\",\"nextItem\":{\"@type\":\"ListItem\",\"@id\":\"https:\\\/\\\/minutobahia24h.com.br\\\/?cat=18#listItem\",\"name\":\"Sa\\u00fade\"}},{\"@type\":\"ListItem\",\"@id\":\"https:\\\/\\\/minutobahia24h.com.br\\\/?cat=18#listItem\",\"position\":2,\"name\":\"Sa\\u00fade\",\"item\":\"https:\\\/\\\/minutobahia24h.com.br\\\/?cat=18\",\"nextItem\":{\"@type\":\"ListItem\",\"@id\":\"https:\\\/\\\/minutobahia24h.com.br\\\/?p=29519#listItem\",\"name\":\"O que acontece com o c\\u00e9rebro de uma crian\\u00e7a maltratada? Estudo revela impacto em regi\\u00e3o crucial\"},\"previousItem\":{\"@type\":\"ListItem\",\"@id\":\"https:\\\/\\\/minutobahia24h.com.br#listItem\",\"name\":\"In\\u00edcio\"}},{\"@type\":\"ListItem\",\"@id\":\"https:\\\/\\\/minutobahia24h.com.br\\\/?p=29519#listItem\",\"position\":3,\"name\":\"O que acontece com o c\\u00e9rebro de uma crian\\u00e7a maltratada? Estudo revela impacto em regi\\u00e3o crucial\",\"previousItem\":{\"@type\":\"ListItem\",\"@id\":\"https:\\\/\\\/minutobahia24h.com.br\\\/?cat=18#listItem\",\"name\":\"Sa\\u00fade\"}}]},{\"@type\":\"Organization\",\"@id\":\"https:\\\/\\\/minutobahia24h.com.br\\\/#organization\",\"name\":\"Minuto Bahia 24h\",\"description\":\"O seu portal de not\\u00edcias\",\"url\":\"https:\\\/\\\/minutobahia24h.com.br\\\/\",\"logo\":{\"@type\":\"ImageObject\",\"url\":\"https:\\\/\\\/i0.wp.com\\\/minutobahia24h.com.br\\\/wp-content\\\/uploads\\\/2023\\\/09\\\/cropped-minutoba.png?fit=457%2C119&ssl=1\",\"@id\":\"https:\\\/\\\/minutobahia24h.com.br\\\/?p=29519\\\/#organizationLogo\",\"width\":457,\"height\":119},\"image\":{\"@id\":\"https:\\\/\\\/minutobahia24h.com.br\\\/?p=29519\\\/#organizationLogo\"}},{\"@type\":\"Person\",\"@id\":\"https:\\\/\\\/minutobahia24h.com.br\\\/?author=2#author\",\"url\":\"https:\\\/\\\/minutobahia24h.com.br\\\/?author=2\",\"name\":\"andre\",\"image\":{\"@type\":\"ImageObject\",\"@id\":\"https:\\\/\\\/minutobahia24h.com.br\\\/?p=29519#authorImage\",\"url\":\"https:\\\/\\\/secure.gravatar.com\\\/avatar\\\/0ec5eafed5f3925c321625d79a680d589901b94bca787ae396a35f6c4a960922?s=96&d=mm&r=g\",\"width\":96,\"height\":96,\"caption\":\"andre\"}},{\"@type\":\"WebPage\",\"@id\":\"https:\\\/\\\/minutobahia24h.com.br\\\/?p=29519#webpage\",\"url\":\"https:\\\/\\\/minutobahia24h.com.br\\\/?p=29519\",\"name\":\"O que acontece com o c\\u00e9rebro de uma crian\\u00e7a maltratada? Estudo revela impacto em regi\\u00e3o crucial - Minuto Bahia 24h\",\"description\":\"Quais s\\u00e3o os efeitos dos traumas da inf\\u00e2ncia no c\\u00e9rebro infantil? Com intuito de responder a essa pergunta, pesquisadores da Universidade de S\\u00e3o Paulo (USP) realizaram um estudo com 795 participantes de 6 a 21 anos. Os resultados do trabalho \\u2014 publicado na revista acad\\u00eamica Psychological Medicine, da Universidade de Cambridge \\u2014 chamaram a aten\\u00e7\\u00e3o para o\",\"inLanguage\":\"pt-BR\",\"isPartOf\":{\"@id\":\"https:\\\/\\\/minutobahia24h.com.br\\\/#website\"},\"breadcrumb\":{\"@id\":\"https:\\\/\\\/minutobahia24h.com.br\\\/?p=29519#breadcrumblist\"},\"author\":{\"@id\":\"https:\\\/\\\/minutobahia24h.com.br\\\/?author=2#author\"},\"creator\":{\"@id\":\"https:\\\/\\\/minutobahia24h.com.br\\\/?author=2#author\"},\"image\":{\"@type\":\"ImageObject\",\"url\":\"https:\\\/\\\/i0.wp.com\\\/minutobahia24h.com.br\\\/wp-content\\\/uploads\\\/2025\\\/05\\\/Sem-titulo-285.jpg?fit=1000%2C667&ssl=1\",\"@id\":\"https:\\\/\\\/minutobahia24h.com.br\\\/?p=29519\\\/#mainImage\",\"width\":1000,\"height\":667},\"primaryImageOfPage\":{\"@id\":\"https:\\\/\\\/minutobahia24h.com.br\\\/?p=29519#mainImage\"},\"datePublished\":\"2025-05-21T14:42:32-03:00\",\"dateModified\":\"2025-05-21T14:42:34-03:00\"},{\"@type\":\"WebSite\",\"@id\":\"https:\\\/\\\/minutobahia24h.com.br\\\/#website\",\"url\":\"https:\\\/\\\/minutobahia24h.com.br\\\/\",\"name\":\"Minuto Bahia 24h\",\"description\":\"O seu portal de not\\u00edcias\",\"inLanguage\":\"pt-BR\",\"publisher\":{\"@id\":\"https:\\\/\\\/minutobahia24h.com.br\\\/#organization\"}}]}\n\t\t<\/script>\n\t\t<!-- All in One SEO -->\n\n","aioseo_head_json":{"title":"O que acontece com o c\u00e9rebro de uma crian\u00e7a maltratada? Estudo revela impacto em regi\u00e3o crucial - Minuto Bahia 24h","description":"Quais s\u00e3o os efeitos dos traumas da inf\u00e2ncia no c\u00e9rebro infantil? Com intuito de responder a essa pergunta, pesquisadores da Universidade de S\u00e3o Paulo (USP) realizaram um estudo com 795 participantes de 6 a 21 anos. Os resultados do trabalho \u2014 publicado na revista acad\u00eamica Psychological Medicine, da Universidade de Cambridge \u2014 chamaram a aten\u00e7\u00e3o para o","canonical_url":"https:\/\/minutobahia24h.com.br\/?p=29519","robots":"max-image-preview:large","keywords":"","webmasterTools":{"miscellaneous":""},"schema":{"@context":"https:\/\/schema.org","@graph":[{"@type":"BlogPosting","@id":"https:\/\/minutobahia24h.com.br\/?p=29519#blogposting","name":"O que acontece com o c\u00e9rebro de uma crian\u00e7a maltratada? Estudo revela impacto em regi\u00e3o crucial - Minuto Bahia 24h","headline":"O que acontece com o c\u00e9rebro de uma crian\u00e7a maltratada? Estudo revela impacto em regi\u00e3o crucial","author":{"@id":"https:\/\/minutobahia24h.com.br\/?author=2#author"},"publisher":{"@id":"https:\/\/minutobahia24h.com.br\/#organization"},"image":{"@type":"ImageObject","url":"https:\/\/i0.wp.com\/minutobahia24h.com.br\/wp-content\/uploads\/2025\/05\/Sem-titulo-285.jpg?fit=1000%2C667&ssl=1","width":1000,"height":667},"datePublished":"2025-05-21T14:42:32-03:00","dateModified":"2025-05-21T14:42:34-03:00","inLanguage":"pt-BR","mainEntityOfPage":{"@id":"https:\/\/minutobahia24h.com.br\/?p=29519#webpage"},"isPartOf":{"@id":"https:\/\/minutobahia24h.com.br\/?p=29519#webpage"},"articleSection":"Sa\u00fade"},{"@type":"BreadcrumbList","@id":"https:\/\/minutobahia24h.com.br\/?p=29519#breadcrumblist","itemListElement":[{"@type":"ListItem","@id":"https:\/\/minutobahia24h.com.br#listItem","position":1,"name":"In\u00edcio","item":"https:\/\/minutobahia24h.com.br","nextItem":{"@type":"ListItem","@id":"https:\/\/minutobahia24h.com.br\/?cat=18#listItem","name":"Sa\u00fade"}},{"@type":"ListItem","@id":"https:\/\/minutobahia24h.com.br\/?cat=18#listItem","position":2,"name":"Sa\u00fade","item":"https:\/\/minutobahia24h.com.br\/?cat=18","nextItem":{"@type":"ListItem","@id":"https:\/\/minutobahia24h.com.br\/?p=29519#listItem","name":"O que acontece com o c\u00e9rebro de uma crian\u00e7a maltratada? Estudo revela impacto em regi\u00e3o crucial"},"previousItem":{"@type":"ListItem","@id":"https:\/\/minutobahia24h.com.br#listItem","name":"In\u00edcio"}},{"@type":"ListItem","@id":"https:\/\/minutobahia24h.com.br\/?p=29519#listItem","position":3,"name":"O que acontece com o c\u00e9rebro de uma crian\u00e7a maltratada? Estudo revela impacto em regi\u00e3o crucial","previousItem":{"@type":"ListItem","@id":"https:\/\/minutobahia24h.com.br\/?cat=18#listItem","name":"Sa\u00fade"}}]},{"@type":"Organization","@id":"https:\/\/minutobahia24h.com.br\/#organization","name":"Minuto Bahia 24h","description":"O seu portal de not\u00edcias","url":"https:\/\/minutobahia24h.com.br\/","logo":{"@type":"ImageObject","url":"https:\/\/i0.wp.com\/minutobahia24h.com.br\/wp-content\/uploads\/2023\/09\/cropped-minutoba.png?fit=457%2C119&ssl=1","@id":"https:\/\/minutobahia24h.com.br\/?p=29519\/#organizationLogo","width":457,"height":119},"image":{"@id":"https:\/\/minutobahia24h.com.br\/?p=29519\/#organizationLogo"}},{"@type":"Person","@id":"https:\/\/minutobahia24h.com.br\/?author=2#author","url":"https:\/\/minutobahia24h.com.br\/?author=2","name":"andre","image":{"@type":"ImageObject","@id":"https:\/\/minutobahia24h.com.br\/?p=29519#authorImage","url":"https:\/\/secure.gravatar.com\/avatar\/0ec5eafed5f3925c321625d79a680d589901b94bca787ae396a35f6c4a960922?s=96&d=mm&r=g","width":96,"height":96,"caption":"andre"}},{"@type":"WebPage","@id":"https:\/\/minutobahia24h.com.br\/?p=29519#webpage","url":"https:\/\/minutobahia24h.com.br\/?p=29519","name":"O que acontece com o c\u00e9rebro de uma crian\u00e7a maltratada? Estudo revela impacto em regi\u00e3o crucial - Minuto Bahia 24h","description":"Quais s\u00e3o os efeitos dos traumas da inf\u00e2ncia no c\u00e9rebro infantil? Com intuito de responder a essa pergunta, pesquisadores da Universidade de S\u00e3o Paulo (USP) realizaram um estudo com 795 participantes de 6 a 21 anos. Os resultados do trabalho \u2014 publicado na revista acad\u00eamica Psychological Medicine, da Universidade de Cambridge \u2014 chamaram a aten\u00e7\u00e3o para o","inLanguage":"pt-BR","isPartOf":{"@id":"https:\/\/minutobahia24h.com.br\/#website"},"breadcrumb":{"@id":"https:\/\/minutobahia24h.com.br\/?p=29519#breadcrumblist"},"author":{"@id":"https:\/\/minutobahia24h.com.br\/?author=2#author"},"creator":{"@id":"https:\/\/minutobahia24h.com.br\/?author=2#author"},"image":{"@type":"ImageObject","url":"https:\/\/i0.wp.com\/minutobahia24h.com.br\/wp-content\/uploads\/2025\/05\/Sem-titulo-285.jpg?fit=1000%2C667&ssl=1","@id":"https:\/\/minutobahia24h.com.br\/?p=29519\/#mainImage","width":1000,"height":667},"primaryImageOfPage":{"@id":"https:\/\/minutobahia24h.com.br\/?p=29519#mainImage"},"datePublished":"2025-05-21T14:42:32-03:00","dateModified":"2025-05-21T14:42:34-03:00"},{"@type":"WebSite","@id":"https:\/\/minutobahia24h.com.br\/#website","url":"https:\/\/minutobahia24h.com.br\/","name":"Minuto Bahia 24h","description":"O seu portal de not\u00edcias","inLanguage":"pt-BR","publisher":{"@id":"https:\/\/minutobahia24h.com.br\/#organization"}}]},"og:locale":"pt_BR","og:site_name":"Minuto Bahia 24h - O seu portal de not\u00edcias","og:type":"article","og:title":"O que acontece com o c\u00e9rebro de uma crian\u00e7a maltratada? Estudo revela impacto em regi\u00e3o crucial - Minuto Bahia 24h","og:description":"Quais s\u00e3o os efeitos dos traumas da inf\u00e2ncia no c\u00e9rebro infantil? Com intuito de responder a essa pergunta, pesquisadores da Universidade de S\u00e3o Paulo (USP) realizaram um estudo com 795 participantes de 6 a 21 anos. Os resultados do trabalho \u2014 publicado na revista acad\u00eamica Psychological Medicine, da Universidade de Cambridge \u2014 chamaram a aten\u00e7\u00e3o para o","og:url":"https:\/\/minutobahia24h.com.br\/?p=29519","og:image":"https:\/\/minutobahia24h.com.br\/wp-content\/uploads\/2025\/05\/Sem-titulo-285.jpg","og:image:secure_url":"https:\/\/minutobahia24h.com.br\/wp-content\/uploads\/2025\/05\/Sem-titulo-285.jpg","og:image:width":1000,"og:image:height":667,"article:published_time":"2025-05-21T17:42:32+00:00","article:modified_time":"2025-05-21T17:42:34+00:00","twitter:card":"summary_large_image","twitter:title":"O que acontece com o c\u00e9rebro de uma crian\u00e7a maltratada? Estudo revela impacto em regi\u00e3o crucial - Minuto Bahia 24h","twitter:description":"Quais s\u00e3o os efeitos dos traumas da inf\u00e2ncia no c\u00e9rebro infantil? Com intuito de responder a essa pergunta, pesquisadores da Universidade de S\u00e3o Paulo (USP) realizaram um estudo com 795 participantes de 6 a 21 anos. Os resultados do trabalho \u2014 publicado na revista acad\u00eamica Psychological Medicine, da Universidade de Cambridge \u2014 chamaram a aten\u00e7\u00e3o para o","twitter:image":"https:\/\/minutobahia24h.com.br\/wp-content\/uploads\/2025\/05\/Sem-titulo-285.jpg"},"aioseo_meta_data":{"post_id":"29519","title":null,"description":null,"keywords":null,"keyphrases":{"focus":{"keyphrase":"","score":0,"analysis":{"keyphraseInTitle":{"score":0,"maxScore":9,"error":1}}},"additional":[]},"primary_term":null,"canonical_url":null,"og_title":null,"og_description":null,"og_object_type":"default","og_image_type":"default","og_image_url":null,"og_image_width":null,"og_image_height":null,"og_image_custom_url":null,"og_image_custom_fields":null,"og_video":"","og_custom_url":null,"og_article_section":null,"og_article_tags":null,"twitter_use_og":true,"twitter_card":"default","twitter_image_type":"default","twitter_image_url":null,"twitter_image_custom_url":null,"twitter_image_custom_fields":null,"twitter_title":null,"twitter_description":null,"schema":{"blockGraphs":[],"customGraphs":[],"default":{"data":{"Article":[],"Course":[],"Dataset":[],"FAQPage":[],"Movie":[],"Person":[],"Product":[],"ProductReview":[],"Car":[],"Recipe":[],"Service":[],"SoftwareApplication":[],"WebPage":[]},"graphName":"BlogPosting","isEnabled":true},"graphs":[]},"schema_type":"default","schema_type_options":null,"pillar_content":false,"robots_default":true,"robots_noindex":false,"robots_noarchive":false,"robots_nosnippet":false,"robots_nofollow":false,"robots_noimageindex":false,"robots_noodp":false,"robots_notranslate":false,"robots_max_snippet":"-1","robots_max_videopreview":"-1","robots_max_imagepreview":"large","priority":null,"frequency":"default","local_seo":null,"breadcrumb_settings":null,"limit_modified_date":false,"ai":null,"created":"2025-05-21 17:42:34","updated":"2025-06-05 19:59:10","seo_analyzer_scan_date":null,"focus_keyword":null,"additional_keywords":null,"truseo_locale":null},"aioseo_breadcrumb":"<div class=\"aioseo-breadcrumbs\"><span class=\"aioseo-breadcrumb\">\n\t\t\t<a href=\"https:\/\/minutobahia24h.com.br\" title=\"In\u00edcio\">In\u00edcio<\/a>\n\t\t<\/span><span class=\"aioseo-breadcrumb-separator\">&raquo;<\/span><span class=\"aioseo-breadcrumb\">\n\t\t\t<a href=\"https:\/\/minutobahia24h.com.br\/?cat=18\" title=\"Sa\u00fade\">Sa\u00fade<\/a>\n\t\t<\/span><span class=\"aioseo-breadcrumb-separator\">&raquo;<\/span><span class=\"aioseo-breadcrumb\">\n\t\t\tO que acontece com o c\u00e9rebro de uma crian\u00e7a maltratada? Estudo revela impacto em regi\u00e3o crucial\n\t\t<\/span><\/div>","aioseo_breadcrumb_json":[{"label":"In\u00edcio","link":"https:\/\/minutobahia24h.com.br"},{"label":"Sa\u00fade","link":"https:\/\/minutobahia24h.com.br\/?cat=18"},{"label":"O que acontece com o c\u00e9rebro de uma crian\u00e7a maltratada? Estudo revela impacto em regi\u00e3o crucial","link":"https:\/\/minutobahia24h.com.br\/?p=29519"}],"jetpack_sharing_enabled":true,"jetpack_featured_media_url":"https:\/\/i0.wp.com\/minutobahia24h.com.br\/wp-content\/uploads\/2025\/05\/Sem-titulo-285.jpg?fit=1000%2C667&ssl=1","_links":{"self":[{"href":"https:\/\/minutobahia24h.com.br\/index.php?rest_route=\/wp\/v2\/posts\/29519","targetHints":{"allow":["GET"]}}],"collection":[{"href":"https:\/\/minutobahia24h.com.br\/index.php?rest_route=\/wp\/v2\/posts"}],"about":[{"href":"https:\/\/minutobahia24h.com.br\/index.php?rest_route=\/wp\/v2\/types\/post"}],"author":[{"embeddable":true,"href":"https:\/\/minutobahia24h.com.br\/index.php?rest_route=\/wp\/v2\/users\/2"}],"replies":[{"embeddable":true,"href":"https:\/\/minutobahia24h.com.br\/index.php?rest_route=%2Fwp%2Fv2%2Fcomments&post=29519"}],"version-history":[{"count":1,"href":"https:\/\/minutobahia24h.com.br\/index.php?rest_route=\/wp\/v2\/posts\/29519\/revisions"}],"predecessor-version":[{"id":29522,"href":"https:\/\/minutobahia24h.com.br\/index.php?rest_route=\/wp\/v2\/posts\/29519\/revisions\/29522"}],"wp:featuredmedia":[{"embeddable":true,"href":"https:\/\/minutobahia24h.com.br\/index.php?rest_route=\/wp\/v2\/media\/29521"}],"wp:attachment":[{"href":"https:\/\/minutobahia24h.com.br\/index.php?rest_route=%2Fwp%2Fv2%2Fmedia&parent=29519"}],"wp:term":[{"taxonomy":"category","embeddable":true,"href":"https:\/\/minutobahia24h.com.br\/index.php?rest_route=%2Fwp%2Fv2%2Fcategories&post=29519"},{"taxonomy":"post_tag","embeddable":true,"href":"https:\/\/minutobahia24h.com.br\/index.php?rest_route=%2Fwp%2Fv2%2Ftags&post=29519"}],"curies":[{"name":"wp","href":"https:\/\/api.w.org\/{rel}","templated":true}]}}