{"id":29516,"date":"2025-05-21T14:39:02","date_gmt":"2025-05-21T17:39:02","guid":{"rendered":"https:\/\/minutobahia24h.com.br\/?p=29516"},"modified":"2025-05-21T14:39:05","modified_gmt":"2025-05-21T17:39:05","slug":"prefiro-o-lula-entenda-a-crise-que-resultou-na-demissao-de-wajngarten-a-mando-de-michelle-bolsonaro","status":"publish","type":"post","link":"https:\/\/minutobahia24h.com.br\/?p=29516","title":{"rendered":"&#8216;Prefiro o Lula&#8217;: entenda a crise que resultou na demiss\u00e3o de Wajngarten a mando de Michelle Bolsonaro"},"content":{"rendered":"<div class=\"wp-block-image\">\n<figure class=\"aligncenter size-full\"><img data-recalc-dims=\"1\" fetchpriority=\"high\" decoding=\"async\" width=\"800\" height=\"480\" src=\"https:\/\/i0.wp.com\/minutobahia24h.com.br\/wp-content\/uploads\/2025\/05\/Sem-titulo-283.jpg?resize=800%2C480&#038;ssl=1\" alt=\"\" class=\"wp-image-29517\" srcset=\"https:\/\/i0.wp.com\/minutobahia24h.com.br\/wp-content\/uploads\/2025\/05\/Sem-titulo-283.jpg?w=888&amp;ssl=1 888w, https:\/\/i0.wp.com\/minutobahia24h.com.br\/wp-content\/uploads\/2025\/05\/Sem-titulo-283.jpg?resize=300%2C180&amp;ssl=1 300w, https:\/\/i0.wp.com\/minutobahia24h.com.br\/wp-content\/uploads\/2025\/05\/Sem-titulo-283.jpg?resize=768%2C461&amp;ssl=1 768w, https:\/\/i0.wp.com\/minutobahia24h.com.br\/wp-content\/uploads\/2025\/05\/Sem-titulo-283.jpg?resize=750%2C450&amp;ssl=1 750w\" sizes=\"(max-width: 800px) 100vw, 800px\" \/><figcaption class=\"wp-element-caption\">Michelle Bolsonaro e Fabio Wajngarten \u2014 Foto: Fotos de Brenno Carvalho<br><\/figcaption><\/figure>\n<\/div>\n\n\n<p class=\"wp-block-paragraph\">Ex-secret\u00e1rio de Comunica\u00e7\u00e3o do governo de\u00a0<a class=\"\" href=\"https:\/\/oglobo.globo.com\/tudo-sobre\/politico\/jair-messias-bolsonaro\">Jair Bolsonaro<\/a>\u00a0e advogado do ex-presidente em diferentes processos, Fabio Wajngarten foi demitido pelo PL nesta ter\u00e7a-feira.\u00a0<a class=\"\" href=\"https:\/\/oglobo.globo.com\/blogs\/bela-megale\/post\/2025\/05\/por-ordem-de-michelle-bolsonaro-pl-demite-wajngarten-da-comunicacao-do-ex-presidente.ghtml\">Como mostrou a colunista do GLOBO Bela Megale<\/a>, a medida foi tomada\u00a0<a class=\"\" href=\"https:\/\/oglobo.globo.com\/blogs\/bela-megale\/post\/2025\/05\/por-ordem-de-michelle-bolsonaro-pl-demite-wajngarten-da-comunicacao-do-ex-presidente.ghtml\">a pedido da ex-primeira-dama Michelle Bolsonaro<\/a>. Al\u00e9m de representar o ex-mandat\u00e1rio em v\u00e1rias a\u00e7\u00f5es, Wajngarten tamb\u00e9m permanecia atuando como assessor de imprensa do principal nome do partido comandado por Valdemar Costa Neto.<\/p>\n\n\n\n<p class=\"wp-block-paragraph\">A insatisfa\u00e7\u00e3o de Michelle tem origem em conversas interceptadas pela Pol\u00edcia Federal (PF) e reveladas pelo portal Uol na semana passada. O di\u00e1logo entre Wajngarten e o tenente-coronel Mauro Cid, ex-ajudante de ordentes de Bolsonaro, foi captado em 27 de janeiro de 2023.<\/p>\n\n\n\n<p class=\"wp-block-paragraph\">Na ocasi\u00e3o, Cid recebeu do advogado uma not\u00edcia informando que o PL estudava lan\u00e7ar Michelle como candidata \u00e0 presid\u00eancia em 2026 caso Bolsonaro se tornasse ineleg\u00edvel. \u00c0 \u00e9poca, o ex-presidente ainda n\u00e3o havia sido julgado e condenado pelo Tribunal Superior Eleitoral (TSE). Instigado a comentar o caso, o militar respondeu: &#8220;Prefiro o Lula, hahahaha&#8221;. Wajngarten concordou: &#8220;Idem&#8221;.<\/p>\n\n\n\n<p class=\"wp-block-paragraph\">As men\u00e7\u00f5es \u00e0 ex-primeira-dama continuaram em mensagens trocadas nos dias seguintes por ambos. Ao comentarem sobre o sal\u00e1rio que o PL pretendia pagar a Michelle, de R$ 39 mil, Cid envia um \u00e1udio avaliando que ela seria &#8220;destru\u00edda&#8221; se decidisse entrar para a pol\u00edtica por ter &#8220;muita coisa suja&#8221;.<\/p>\n\n\n\n<p class=\"wp-block-paragraph\">&#8220;Cara, se dona Michelle tentar entrar pra pol\u00edtica, num cargo alto, ela vai ser destru\u00edda, porque eu acho que ela tem muita coisa suja&#8230; N\u00e3o suja, mas ela n\u00e9, a personalidade dela, eles v\u00e3o usar tudo contra pra acabar com ela. E Valdemar (Costa Neto) fala demais tamb\u00e9m, aquele neg\u00f3cio dos documentos, dos pap\u00e9is, t\u00e1 todo enrolado agora&#8221;, argumentou o tenente-coronel.<\/p>\n\n\n\n<p class=\"wp-block-paragraph\">Em outra mensagem, Wajngarten destaca mais uma reportagem sobre o nome de Michelle na disputa ao Senado, afirmando que havia questionado Bolsonaro se ele tinha dado anu\u00eancia para essa possibilidade. Para o ex-secret\u00e1rio, a especula\u00e7\u00e3o naquele momento acarretaria not\u00edcias negativas contra a ex-primeira-dama.<\/p>\n\n\n\n<p class=\"wp-block-paragraph\">Segundo Wajngarten, o ex-presidente teria lhe telefonado para falar sobre o tema. No entanto, o advogado n\u00e3o detalha para Cid o que foi dito na conversa. O militar volta a afirmar que Michelle teria informa\u00e7\u00f5es comprometedoras em sua biografia que prejudicariam uma poss\u00edvel candidatura.<\/p>\n\n\n\n<p class=\"wp-block-paragraph\">A pr\u00f3pria Michelle n\u00e3o se manifestou publicamente sobre o conte\u00fado dos di\u00e1logos. Ao Uol, Wajngarten declarou que, quando as conversas ocorreram, &#8220;jamais se imaginou a ex-primeira-dama como candidata&#8221;.<\/p>\n\n\n\n<p class=\"wp-block-paragraph\">Na \u00faltima sexta-feira, Bolsonaro reagiu aos coment\u00e1rios sobre a esposa. Ele aproveitou para ironizar a primeira-dama Ros\u00e2ngela da Silva, a Janja, mulher do presidente Luiz In\u00e1cio Lula da Silva (PT), e j\u00e1 antecipou que cobraria provid\u00eancias de Valdemar Costa Neto:<\/p>\n\n\n\n<p class=\"wp-block-paragraph\">\u2014 Diferentemente da atual primeira-dama, Michelle botava ordem na casa. Ela \u00e9 quem botava ordem na casa, e o pessoal n\u00e3o gostava. Mas n\u00e3o justifica essa troca de mensagens, ainda mais em janeiro de 2023, quando eu estava eleg\u00edvel. Um falou besteira, o outro concordou. Vou conversar com o Valdemar sobre isso. Vamos ver o que fazer \u2014 disse Bolsonaro ao Metr\u00f3poles.<\/p>\n","protected":false},"excerpt":{"rendered":"<p>Ex-secret\u00e1rio de Comunica\u00e7\u00e3o do governo de\u00a0Jair Bolsonaro\u00a0e advogado do ex-presidente em diferentes processos, Fabio Wajngarten foi demitido pelo PL nesta ter\u00e7a-feira.\u00a0Como mostrou a colunista do GLOBO Bela Megale, a medida foi tomada\u00a0a pedido da ex-primeira-dama Michelle Bolsonaro. Al\u00e9m de representar o ex-mandat\u00e1rio em v\u00e1rias a\u00e7\u00f5es, Wajngarten tamb\u00e9m permanecia atuando como assessor de imprensa do principal [&hellip;]<\/p>\n","protected":false},"author":2,"featured_media":29517,"comment_status":"open","ping_status":"open","sticky":false,"template":"","format":"standard","meta":{"_jetpack_newsletter_access":"","_jetpack_dont_email_post_to_subs":false,"_jetpack_newsletter_tier_id":0,"_jetpack_memberships_contains_paywalled_content":false,"_jetpack_feature_clip_id":0,"_jetpack_memberships_contains_paid_content":false,"footnotes":"","jetpack_post_was_ever_published":false},"categories":[39],"tags":[],"class_list":["post-29516","post","type-post","status-publish","format-standard","has-post-thumbnail","hentry","category-politica"],"aioseo_notices":[],"aioseo_head":"\n\t\t<!-- All in One SEO 5.0.1.1 - aioseo.com -->\n\t<meta name=\"description\" content=\"Ex-secret\u00e1rio de Comunica\u00e7\u00e3o do governo de Jair Bolsonaro e advogado do ex-presidente em diferentes processos, Fabio Wajngarten foi demitido pelo PL nesta ter\u00e7a-feira. Como mostrou a colunista do GLOBO Bela Megale, a medida foi tomada a pedido da ex-primeira-dama Michelle Bolsonaro. Al\u00e9m de representar o ex-mandat\u00e1rio em v\u00e1rias a\u00e7\u00f5es, Wajngarten tamb\u00e9m permanecia atuando como assessor de imprensa do principal\" \/>\n\t<meta name=\"robots\" content=\"max-image-preview:large\" \/>\n\t<meta name=\"author\" content=\"andre\"\/>\n\t<link rel=\"canonical\" href=\"https:\/\/minutobahia24h.com.br\/?p=29516\" \/>\n\t<meta name=\"generator\" content=\"All in One SEO (AIOSEO) 5.0.1.1\" \/>\n\t\t<meta property=\"og:locale\" content=\"pt_BR\" \/>\n\t\t<meta property=\"og:site_name\" content=\"Minuto Bahia 24h - O seu portal de not\u00edcias\" \/>\n\t\t<meta property=\"og:type\" content=\"article\" \/>\n\t\t<meta property=\"og:title\" content=\"\u2018Prefiro o Lula\u2019: entenda a crise que resultou na demiss\u00e3o de Wajngarten a mando de Michelle Bolsonaro - Minuto Bahia 24h\" \/>\n\t\t<meta property=\"og:description\" content=\"Ex-secret\u00e1rio de Comunica\u00e7\u00e3o do governo de Jair Bolsonaro e advogado do ex-presidente em diferentes processos, Fabio Wajngarten foi demitido pelo PL nesta ter\u00e7a-feira. Como mostrou a colunista do GLOBO Bela Megale, a medida foi tomada a pedido da ex-primeira-dama Michelle Bolsonaro. Al\u00e9m de representar o ex-mandat\u00e1rio em v\u00e1rias a\u00e7\u00f5es, Wajngarten tamb\u00e9m permanecia atuando como assessor de imprensa do principal\" \/>\n\t\t<meta property=\"og:url\" content=\"https:\/\/minutobahia24h.com.br\/?p=29516\" \/>\n\t\t<meta property=\"og:image\" content=\"https:\/\/minutobahia24h.com.br\/wp-content\/uploads\/2025\/05\/Sem-titulo-283.jpg\" \/>\n\t\t<meta property=\"og:image:secure_url\" content=\"https:\/\/minutobahia24h.com.br\/wp-content\/uploads\/2025\/05\/Sem-titulo-283.jpg\" \/>\n\t\t<meta property=\"og:image:width\" content=\"888\" \/>\n\t\t<meta property=\"og:image:height\" content=\"533\" \/>\n\t\t<meta property=\"article:published_time\" content=\"2025-05-21T17:39:02+00:00\" \/>\n\t\t<meta property=\"article:modified_time\" content=\"2025-05-21T17:39:05+00:00\" \/>\n\t\t<meta name=\"twitter:card\" content=\"summary_large_image\" \/>\n\t\t<meta name=\"twitter:title\" content=\"\u2018Prefiro o Lula\u2019: entenda a crise que resultou na demiss\u00e3o de Wajngarten a mando de Michelle Bolsonaro - Minuto Bahia 24h\" \/>\n\t\t<meta name=\"twitter:description\" content=\"Ex-secret\u00e1rio de Comunica\u00e7\u00e3o do governo de Jair Bolsonaro e advogado do ex-presidente em diferentes processos, Fabio Wajngarten foi demitido pelo PL nesta ter\u00e7a-feira. Como mostrou a colunista do GLOBO Bela Megale, a medida foi tomada a pedido da ex-primeira-dama Michelle Bolsonaro. Al\u00e9m de representar o ex-mandat\u00e1rio em v\u00e1rias a\u00e7\u00f5es, Wajngarten tamb\u00e9m permanecia atuando como assessor de imprensa do principal\" \/>\n\t\t<meta name=\"twitter:image\" content=\"https:\/\/minutobahia24h.com.br\/wp-content\/uploads\/2025\/05\/Sem-titulo-283.jpg\" \/>\n\t\t<script type=\"application\/ld+json\" class=\"aioseo-schema\">\n\t\t\t{\"@context\":\"https:\\\/\\\/schema.org\",\"@graph\":[{\"@type\":\"BlogPosting\",\"@id\":\"https:\\\/\\\/minutobahia24h.com.br\\\/?p=29516#blogposting\",\"name\":\"\\u2018Prefiro o Lula\\u2019: entenda a crise que resultou na demiss\\u00e3o de Wajngarten a mando de Michelle Bolsonaro - Minuto Bahia 24h\",\"headline\":\"&#8216;Prefiro o Lula&#8217;: entenda a crise que resultou na demiss\\u00e3o de Wajngarten a mando de Michelle Bolsonaro\",\"author\":{\"@id\":\"https:\\\/\\\/minutobahia24h.com.br\\\/?author=2#author\"},\"publisher\":{\"@id\":\"https:\\\/\\\/minutobahia24h.com.br\\\/#organization\"},\"image\":{\"@type\":\"ImageObject\",\"url\":\"https:\\\/\\\/i0.wp.com\\\/minutobahia24h.com.br\\\/wp-content\\\/uploads\\\/2025\\\/05\\\/Sem-titulo-283.jpg?fit=888%2C533&ssl=1\",\"width\":888,\"height\":533},\"datePublished\":\"2025-05-21T14:39:02-03:00\",\"dateModified\":\"2025-05-21T14:39:05-03:00\",\"inLanguage\":\"pt-BR\",\"mainEntityOfPage\":{\"@id\":\"https:\\\/\\\/minutobahia24h.com.br\\\/?p=29516#webpage\"},\"isPartOf\":{\"@id\":\"https:\\\/\\\/minutobahia24h.com.br\\\/?p=29516#webpage\"},\"articleSection\":\"Pol\\u00edtica\"},{\"@type\":\"BreadcrumbList\",\"@id\":\"https:\\\/\\\/minutobahia24h.com.br\\\/?p=29516#breadcrumblist\",\"itemListElement\":[{\"@type\":\"ListItem\",\"@id\":\"https:\\\/\\\/minutobahia24h.com.br#listItem\",\"position\":1,\"name\":\"In\\u00edcio\",\"item\":\"https:\\\/\\\/minutobahia24h.com.br\",\"nextItem\":{\"@type\":\"ListItem\",\"@id\":\"https:\\\/\\\/minutobahia24h.com.br\\\/?cat=39#listItem\",\"name\":\"Pol\\u00edtica\"}},{\"@type\":\"ListItem\",\"@id\":\"https:\\\/\\\/minutobahia24h.com.br\\\/?cat=39#listItem\",\"position\":2,\"name\":\"Pol\\u00edtica\",\"item\":\"https:\\\/\\\/minutobahia24h.com.br\\\/?cat=39\",\"nextItem\":{\"@type\":\"ListItem\",\"@id\":\"https:\\\/\\\/minutobahia24h.com.br\\\/?p=29516#listItem\",\"name\":\"&#8216;Prefiro o Lula&#8217;: entenda a crise que resultou na demiss\\u00e3o de Wajngarten a mando de Michelle Bolsonaro\"},\"previousItem\":{\"@type\":\"ListItem\",\"@id\":\"https:\\\/\\\/minutobahia24h.com.br#listItem\",\"name\":\"In\\u00edcio\"}},{\"@type\":\"ListItem\",\"@id\":\"https:\\\/\\\/minutobahia24h.com.br\\\/?p=29516#listItem\",\"position\":3,\"name\":\"&#8216;Prefiro o Lula&#8217;: entenda a crise que resultou na demiss\\u00e3o de Wajngarten a mando de Michelle Bolsonaro\",\"previousItem\":{\"@type\":\"ListItem\",\"@id\":\"https:\\\/\\\/minutobahia24h.com.br\\\/?cat=39#listItem\",\"name\":\"Pol\\u00edtica\"}}]},{\"@type\":\"Organization\",\"@id\":\"https:\\\/\\\/minutobahia24h.com.br\\\/#organization\",\"name\":\"Minuto Bahia 24h\",\"description\":\"O seu portal de not\\u00edcias\",\"url\":\"https:\\\/\\\/minutobahia24h.com.br\\\/\",\"logo\":{\"@type\":\"ImageObject\",\"url\":\"https:\\\/\\\/i0.wp.com\\\/minutobahia24h.com.br\\\/wp-content\\\/uploads\\\/2023\\\/09\\\/cropped-minutoba.png?fit=457%2C119&ssl=1\",\"@id\":\"https:\\\/\\\/minutobahia24h.com.br\\\/?p=29516\\\/#organizationLogo\",\"width\":457,\"height\":119},\"image\":{\"@id\":\"https:\\\/\\\/minutobahia24h.com.br\\\/?p=29516\\\/#organizationLogo\"}},{\"@type\":\"Person\",\"@id\":\"https:\\\/\\\/minutobahia24h.com.br\\\/?author=2#author\",\"url\":\"https:\\\/\\\/minutobahia24h.com.br\\\/?author=2\",\"name\":\"andre\",\"image\":{\"@type\":\"ImageObject\",\"@id\":\"https:\\\/\\\/minutobahia24h.com.br\\\/?p=29516#authorImage\",\"url\":\"https:\\\/\\\/secure.gravatar.com\\\/avatar\\\/0ec5eafed5f3925c321625d79a680d589901b94bca787ae396a35f6c4a960922?s=96&d=mm&r=g\",\"width\":96,\"height\":96,\"caption\":\"andre\"}},{\"@type\":\"WebPage\",\"@id\":\"https:\\\/\\\/minutobahia24h.com.br\\\/?p=29516#webpage\",\"url\":\"https:\\\/\\\/minutobahia24h.com.br\\\/?p=29516\",\"name\":\"\\u2018Prefiro o Lula\\u2019: entenda a crise que resultou na demiss\\u00e3o de Wajngarten a mando de Michelle Bolsonaro - Minuto Bahia 24h\",\"description\":\"Ex-secret\\u00e1rio de Comunica\\u00e7\\u00e3o do governo de Jair Bolsonaro e advogado do ex-presidente em diferentes processos, Fabio Wajngarten foi demitido pelo PL nesta ter\\u00e7a-feira. Como mostrou a colunista do GLOBO Bela Megale, a medida foi tomada a pedido da ex-primeira-dama Michelle Bolsonaro. Al\\u00e9m de representar o ex-mandat\\u00e1rio em v\\u00e1rias a\\u00e7\\u00f5es, Wajngarten tamb\\u00e9m permanecia atuando como assessor de imprensa do principal\",\"inLanguage\":\"pt-BR\",\"isPartOf\":{\"@id\":\"https:\\\/\\\/minutobahia24h.com.br\\\/#website\"},\"breadcrumb\":{\"@id\":\"https:\\\/\\\/minutobahia24h.com.br\\\/?p=29516#breadcrumblist\"},\"author\":{\"@id\":\"https:\\\/\\\/minutobahia24h.com.br\\\/?author=2#author\"},\"creator\":{\"@id\":\"https:\\\/\\\/minutobahia24h.com.br\\\/?author=2#author\"},\"image\":{\"@type\":\"ImageObject\",\"url\":\"https:\\\/\\\/i0.wp.com\\\/minutobahia24h.com.br\\\/wp-content\\\/uploads\\\/2025\\\/05\\\/Sem-titulo-283.jpg?fit=888%2C533&ssl=1\",\"@id\":\"https:\\\/\\\/minutobahia24h.com.br\\\/?p=29516\\\/#mainImage\",\"width\":888,\"height\":533},\"primaryImageOfPage\":{\"@id\":\"https:\\\/\\\/minutobahia24h.com.br\\\/?p=29516#mainImage\"},\"datePublished\":\"2025-05-21T14:39:02-03:00\",\"dateModified\":\"2025-05-21T14:39:05-03:00\"},{\"@type\":\"WebSite\",\"@id\":\"https:\\\/\\\/minutobahia24h.com.br\\\/#website\",\"url\":\"https:\\\/\\\/minutobahia24h.com.br\\\/\",\"name\":\"Minuto Bahia 24h\",\"description\":\"O seu portal de not\\u00edcias\",\"inLanguage\":\"pt-BR\",\"publisher\":{\"@id\":\"https:\\\/\\\/minutobahia24h.com.br\\\/#organization\"}}]}\n\t\t<\/script>\n\t\t<!-- All in One SEO -->\n\n","aioseo_head_json":{"title":"\u2018Prefiro o Lula\u2019: entenda a crise que resultou na demiss\u00e3o de Wajngarten a mando de Michelle Bolsonaro - Minuto Bahia 24h","description":"Ex-secret\u00e1rio de Comunica\u00e7\u00e3o do governo de Jair Bolsonaro e advogado do ex-presidente em diferentes processos, Fabio Wajngarten foi demitido pelo PL nesta ter\u00e7a-feira. Como mostrou a colunista do GLOBO Bela Megale, a medida foi tomada a pedido da ex-primeira-dama Michelle Bolsonaro. Al\u00e9m de representar o ex-mandat\u00e1rio em v\u00e1rias a\u00e7\u00f5es, Wajngarten tamb\u00e9m permanecia atuando como assessor de imprensa do principal","canonical_url":"https:\/\/minutobahia24h.com.br\/?p=29516","robots":"max-image-preview:large","keywords":"","webmasterTools":{"miscellaneous":""},"schema":{"@context":"https:\/\/schema.org","@graph":[{"@type":"BlogPosting","@id":"https:\/\/minutobahia24h.com.br\/?p=29516#blogposting","name":"\u2018Prefiro o Lula\u2019: entenda a crise que resultou na demiss\u00e3o de Wajngarten a mando de Michelle Bolsonaro - Minuto Bahia 24h","headline":"&#8216;Prefiro o Lula&#8217;: entenda a crise que resultou na demiss\u00e3o de Wajngarten a mando de Michelle Bolsonaro","author":{"@id":"https:\/\/minutobahia24h.com.br\/?author=2#author"},"publisher":{"@id":"https:\/\/minutobahia24h.com.br\/#organization"},"image":{"@type":"ImageObject","url":"https:\/\/i0.wp.com\/minutobahia24h.com.br\/wp-content\/uploads\/2025\/05\/Sem-titulo-283.jpg?fit=888%2C533&ssl=1","width":888,"height":533},"datePublished":"2025-05-21T14:39:02-03:00","dateModified":"2025-05-21T14:39:05-03:00","inLanguage":"pt-BR","mainEntityOfPage":{"@id":"https:\/\/minutobahia24h.com.br\/?p=29516#webpage"},"isPartOf":{"@id":"https:\/\/minutobahia24h.com.br\/?p=29516#webpage"},"articleSection":"Pol\u00edtica"},{"@type":"BreadcrumbList","@id":"https:\/\/minutobahia24h.com.br\/?p=29516#breadcrumblist","itemListElement":[{"@type":"ListItem","@id":"https:\/\/minutobahia24h.com.br#listItem","position":1,"name":"In\u00edcio","item":"https:\/\/minutobahia24h.com.br","nextItem":{"@type":"ListItem","@id":"https:\/\/minutobahia24h.com.br\/?cat=39#listItem","name":"Pol\u00edtica"}},{"@type":"ListItem","@id":"https:\/\/minutobahia24h.com.br\/?cat=39#listItem","position":2,"name":"Pol\u00edtica","item":"https:\/\/minutobahia24h.com.br\/?cat=39","nextItem":{"@type":"ListItem","@id":"https:\/\/minutobahia24h.com.br\/?p=29516#listItem","name":"&#8216;Prefiro o Lula&#8217;: entenda a crise que resultou na demiss\u00e3o de Wajngarten a mando de Michelle Bolsonaro"},"previousItem":{"@type":"ListItem","@id":"https:\/\/minutobahia24h.com.br#listItem","name":"In\u00edcio"}},{"@type":"ListItem","@id":"https:\/\/minutobahia24h.com.br\/?p=29516#listItem","position":3,"name":"&#8216;Prefiro o Lula&#8217;: entenda a crise que resultou na demiss\u00e3o de Wajngarten a mando de Michelle Bolsonaro","previousItem":{"@type":"ListItem","@id":"https:\/\/minutobahia24h.com.br\/?cat=39#listItem","name":"Pol\u00edtica"}}]},{"@type":"Organization","@id":"https:\/\/minutobahia24h.com.br\/#organization","name":"Minuto Bahia 24h","description":"O seu portal de not\u00edcias","url":"https:\/\/minutobahia24h.com.br\/","logo":{"@type":"ImageObject","url":"https:\/\/i0.wp.com\/minutobahia24h.com.br\/wp-content\/uploads\/2023\/09\/cropped-minutoba.png?fit=457%2C119&ssl=1","@id":"https:\/\/minutobahia24h.com.br\/?p=29516\/#organizationLogo","width":457,"height":119},"image":{"@id":"https:\/\/minutobahia24h.com.br\/?p=29516\/#organizationLogo"}},{"@type":"Person","@id":"https:\/\/minutobahia24h.com.br\/?author=2#author","url":"https:\/\/minutobahia24h.com.br\/?author=2","name":"andre","image":{"@type":"ImageObject","@id":"https:\/\/minutobahia24h.com.br\/?p=29516#authorImage","url":"https:\/\/secure.gravatar.com\/avatar\/0ec5eafed5f3925c321625d79a680d589901b94bca787ae396a35f6c4a960922?s=96&d=mm&r=g","width":96,"height":96,"caption":"andre"}},{"@type":"WebPage","@id":"https:\/\/minutobahia24h.com.br\/?p=29516#webpage","url":"https:\/\/minutobahia24h.com.br\/?p=29516","name":"\u2018Prefiro o Lula\u2019: entenda a crise que resultou na demiss\u00e3o de Wajngarten a mando de Michelle Bolsonaro - Minuto Bahia 24h","description":"Ex-secret\u00e1rio de Comunica\u00e7\u00e3o do governo de Jair Bolsonaro e advogado do ex-presidente em diferentes processos, Fabio Wajngarten foi demitido pelo PL nesta ter\u00e7a-feira. Como mostrou a colunista do GLOBO Bela Megale, a medida foi tomada a pedido da ex-primeira-dama Michelle Bolsonaro. Al\u00e9m de representar o ex-mandat\u00e1rio em v\u00e1rias a\u00e7\u00f5es, Wajngarten tamb\u00e9m permanecia atuando como assessor de imprensa do principal","inLanguage":"pt-BR","isPartOf":{"@id":"https:\/\/minutobahia24h.com.br\/#website"},"breadcrumb":{"@id":"https:\/\/minutobahia24h.com.br\/?p=29516#breadcrumblist"},"author":{"@id":"https:\/\/minutobahia24h.com.br\/?author=2#author"},"creator":{"@id":"https:\/\/minutobahia24h.com.br\/?author=2#author"},"image":{"@type":"ImageObject","url":"https:\/\/i0.wp.com\/minutobahia24h.com.br\/wp-content\/uploads\/2025\/05\/Sem-titulo-283.jpg?fit=888%2C533&ssl=1","@id":"https:\/\/minutobahia24h.com.br\/?p=29516\/#mainImage","width":888,"height":533},"primaryImageOfPage":{"@id":"https:\/\/minutobahia24h.com.br\/?p=29516#mainImage"},"datePublished":"2025-05-21T14:39:02-03:00","dateModified":"2025-05-21T14:39:05-03:00"},{"@type":"WebSite","@id":"https:\/\/minutobahia24h.com.br\/#website","url":"https:\/\/minutobahia24h.com.br\/","name":"Minuto Bahia 24h","description":"O seu portal de not\u00edcias","inLanguage":"pt-BR","publisher":{"@id":"https:\/\/minutobahia24h.com.br\/#organization"}}]},"og:locale":"pt_BR","og:site_name":"Minuto Bahia 24h - O seu portal de not\u00edcias","og:type":"article","og:title":"\u2018Prefiro o Lula\u2019: entenda a crise que resultou na demiss\u00e3o de Wajngarten a mando de Michelle Bolsonaro - Minuto Bahia 24h","og:description":"Ex-secret\u00e1rio de Comunica\u00e7\u00e3o do governo de Jair Bolsonaro e advogado do ex-presidente em diferentes processos, Fabio Wajngarten foi demitido pelo PL nesta ter\u00e7a-feira. Como mostrou a colunista do GLOBO Bela Megale, a medida foi tomada a pedido da ex-primeira-dama Michelle Bolsonaro. Al\u00e9m de representar o ex-mandat\u00e1rio em v\u00e1rias a\u00e7\u00f5es, Wajngarten tamb\u00e9m permanecia atuando como assessor de imprensa do principal","og:url":"https:\/\/minutobahia24h.com.br\/?p=29516","og:image":"https:\/\/minutobahia24h.com.br\/wp-content\/uploads\/2025\/05\/Sem-titulo-283.jpg","og:image:secure_url":"https:\/\/minutobahia24h.com.br\/wp-content\/uploads\/2025\/05\/Sem-titulo-283.jpg","og:image:width":888,"og:image:height":533,"article:published_time":"2025-05-21T17:39:02+00:00","article:modified_time":"2025-05-21T17:39:05+00:00","twitter:card":"summary_large_image","twitter:title":"\u2018Prefiro o Lula\u2019: entenda a crise que resultou na demiss\u00e3o de Wajngarten a mando de Michelle Bolsonaro - Minuto Bahia 24h","twitter:description":"Ex-secret\u00e1rio de Comunica\u00e7\u00e3o do governo de Jair Bolsonaro e advogado do ex-presidente em diferentes processos, Fabio Wajngarten foi demitido pelo PL nesta ter\u00e7a-feira. Como mostrou a colunista do GLOBO Bela Megale, a medida foi tomada a pedido da ex-primeira-dama Michelle Bolsonaro. Al\u00e9m de representar o ex-mandat\u00e1rio em v\u00e1rias a\u00e7\u00f5es, Wajngarten tamb\u00e9m permanecia atuando como assessor de imprensa do principal","twitter:image":"https:\/\/minutobahia24h.com.br\/wp-content\/uploads\/2025\/05\/Sem-titulo-283.jpg"},"aioseo_meta_data":{"post_id":"29516","title":null,"description":null,"keywords":null,"keyphrases":{"focus":{"keyphrase":"","score":0,"analysis":{"keyphraseInTitle":{"score":0,"maxScore":9,"error":1}}},"additional":[]},"primary_term":null,"canonical_url":null,"og_title":null,"og_description":null,"og_object_type":"default","og_image_type":"default","og_image_url":null,"og_image_width":null,"og_image_height":null,"og_image_custom_url":null,"og_image_custom_fields":null,"og_video":"","og_custom_url":null,"og_article_section":null,"og_article_tags":null,"twitter_use_og":true,"twitter_card":"default","twitter_image_type":"default","twitter_image_url":null,"twitter_image_custom_url":null,"twitter_image_custom_fields":null,"twitter_title":null,"twitter_description":null,"schema":{"blockGraphs":[],"customGraphs":[],"default":{"data":{"Article":[],"Course":[],"Dataset":[],"FAQPage":[],"Movie":[],"Person":[],"Product":[],"ProductReview":[],"Car":[],"Recipe":[],"Service":[],"SoftwareApplication":[],"WebPage":[]},"graphName":"BlogPosting","isEnabled":true},"graphs":[]},"schema_type":"default","schema_type_options":null,"pillar_content":false,"robots_default":true,"robots_noindex":false,"robots_noarchive":false,"robots_nosnippet":false,"robots_nofollow":false,"robots_noimageindex":false,"robots_noodp":false,"robots_notranslate":false,"robots_max_snippet":"-1","robots_max_videopreview":"-1","robots_max_imagepreview":"large","priority":null,"frequency":"default","local_seo":null,"breadcrumb_settings":null,"limit_modified_date":false,"ai":null,"created":"2025-05-21 17:39:05","updated":"2025-06-05 19:59:10","seo_analyzer_scan_date":null,"focus_keyword":null,"additional_keywords":null,"truseo_locale":null},"aioseo_breadcrumb":"<div class=\"aioseo-breadcrumbs\"><span class=\"aioseo-breadcrumb\">\n\t\t\t<a href=\"https:\/\/minutobahia24h.com.br\" title=\"In\u00edcio\">In\u00edcio<\/a>\n\t\t<\/span><span class=\"aioseo-breadcrumb-separator\">&raquo;<\/span><span class=\"aioseo-breadcrumb\">\n\t\t\t<a href=\"https:\/\/minutobahia24h.com.br\/?cat=39\" title=\"Pol\u00edtica\">Pol\u00edtica<\/a>\n\t\t<\/span><span class=\"aioseo-breadcrumb-separator\">&raquo;<\/span><span class=\"aioseo-breadcrumb\">\n\t\t\t\u2018Prefiro o Lula\u2019: entenda a crise que resultou na demiss\u00e3o de Wajngarten a mando de Michelle Bolsonaro\n\t\t<\/span><\/div>","aioseo_breadcrumb_json":[{"label":"In\u00edcio","link":"https:\/\/minutobahia24h.com.br"},{"label":"Pol\u00edtica","link":"https:\/\/minutobahia24h.com.br\/?cat=39"},{"label":"&#8216;Prefiro o Lula&#8217;: entenda a crise que resultou na demiss\u00e3o de Wajngarten a mando de Michelle Bolsonaro","link":"https:\/\/minutobahia24h.com.br\/?p=29516"}],"jetpack_sharing_enabled":true,"jetpack_featured_media_url":"https:\/\/i0.wp.com\/minutobahia24h.com.br\/wp-content\/uploads\/2025\/05\/Sem-titulo-283.jpg?fit=888%2C533&ssl=1","_links":{"self":[{"href":"https:\/\/minutobahia24h.com.br\/index.php?rest_route=\/wp\/v2\/posts\/29516","targetHints":{"allow":["GET"]}}],"collection":[{"href":"https:\/\/minutobahia24h.com.br\/index.php?rest_route=\/wp\/v2\/posts"}],"about":[{"href":"https:\/\/minutobahia24h.com.br\/index.php?rest_route=\/wp\/v2\/types\/post"}],"author":[{"embeddable":true,"href":"https:\/\/minutobahia24h.com.br\/index.php?rest_route=\/wp\/v2\/users\/2"}],"replies":[{"embeddable":true,"href":"https:\/\/minutobahia24h.com.br\/index.php?rest_route=%2Fwp%2Fv2%2Fcomments&post=29516"}],"version-history":[{"count":1,"href":"https:\/\/minutobahia24h.com.br\/index.php?rest_route=\/wp\/v2\/posts\/29516\/revisions"}],"predecessor-version":[{"id":29518,"href":"https:\/\/minutobahia24h.com.br\/index.php?rest_route=\/wp\/v2\/posts\/29516\/revisions\/29518"}],"wp:featuredmedia":[{"embeddable":true,"href":"https:\/\/minutobahia24h.com.br\/index.php?rest_route=\/wp\/v2\/media\/29517"}],"wp:attachment":[{"href":"https:\/\/minutobahia24h.com.br\/index.php?rest_route=%2Fwp%2Fv2%2Fmedia&parent=29516"}],"wp:term":[{"taxonomy":"category","embeddable":true,"href":"https:\/\/minutobahia24h.com.br\/index.php?rest_route=%2Fwp%2Fv2%2Fcategories&post=29516"},{"taxonomy":"post_tag","embeddable":true,"href":"https:\/\/minutobahia24h.com.br\/index.php?rest_route=%2Fwp%2Fv2%2Ftags&post=29516"}],"curies":[{"name":"wp","href":"https:\/\/api.w.org\/{rel}","templated":true}]}}