{"id":2944,"date":"2023-10-26T06:53:19","date_gmt":"2023-10-26T09:53:19","guid":{"rendered":"https:\/\/minutobahia24h.com.br\/?p=2944"},"modified":"2023-10-26T06:53:20","modified_gmt":"2023-10-26T09:53:20","slug":"tratamento-da-lingua-presa-em-criancas-ate-4-anos-tera-servico-especializado","status":"publish","type":"post","link":"https:\/\/minutobahia24h.com.br\/?p=2944","title":{"rendered":"Tratamento da \u201cl\u00edngua presa\u201d em crian\u00e7as at\u00e9 4 anos ter\u00e1 servi\u00e7o especializado"},"content":{"rendered":"<div class=\"wp-block-image\">\n<figure class=\"aligncenter size-full is-resized\"><img data-recalc-dims=\"1\" fetchpriority=\"high\" decoding=\"async\" width=\"600\" height=\"420\" src=\"https:\/\/i0.wp.com\/minutobahia24h.com.br\/wp-content\/uploads\/2023\/10\/brincadeira_de_crianca_fpzzb_abr_291220204110_0.jpg?resize=600%2C420&#038;ssl=1\" alt=\"\" class=\"wp-image-2946\" style=\"aspect-ratio:1.4285714285714286;width:600px;height:auto\" srcset=\"https:\/\/i0.wp.com\/minutobahia24h.com.br\/wp-content\/uploads\/2023\/10\/brincadeira_de_crianca_fpzzb_abr_291220204110_0.jpg?w=600&amp;ssl=1 600w, https:\/\/i0.wp.com\/minutobahia24h.com.br\/wp-content\/uploads\/2023\/10\/brincadeira_de_crianca_fpzzb_abr_291220204110_0.jpg?resize=300%2C210&amp;ssl=1 300w\" sizes=\"(max-width: 600px) 100vw, 600px\" \/><figcaption class=\"wp-element-caption\">Foto: F\u00e1bio Rodrigues Pozzebom\/Ag\u00eancia Brasil<br><\/figcaption><\/figure>\n<\/div>\n\n\n<p>O servi\u00e7o de frenectomia lingual para beb\u00eas e crian\u00e7as de 0 a 4 anos ser\u00e1 inaugurado, \u00e0s 9h, no Centro de Especialidade Odontol\u00f3gica, pela vice-prefeita e secret\u00e1ria da Sa\u00fade (SMS), Ana Paula Matos, nesta quinta-feira (26). \u00c9 a primeira vez que o munic\u00edpio oferta o servi\u00e7o para esse p\u00fablico. A estrutura fica no Multicentro Carlos Gomes, centro de Salvador.<\/p>\n\n\n\n<p>Desde a institui\u00e7\u00e3o da Lei 13.002\/2014, que incluiu o \u201cteste da linguinha\u201d no conjunto de exames de triagem neonatal nas maternidades, Salvador passou a registrar aumento de diagn\u00f3sticos de anquiloglossia, popularmente conhecida como \u201cl\u00edngua presa\u201d. Trata-se de uma anomalia oral caracterizada por freio lingual curto, capaz de restringir o movimento adequado da l\u00edngua e afetar v\u00e1rias fun\u00e7\u00f5es orais como a amamenta\u00e7\u00e3o, a fala e a alimenta\u00e7\u00e3o, podendo chegar at\u00e9 o desmame precoce ou altera\u00e7\u00f5es no desenvolvimento facial da crian\u00e7a.<\/p>\n\n\n\n<p>Ana Paula Matos destaca que a iniciativa fortalece pol\u00edticas p\u00fablicas como a Rede Amamenta Brasil, Unidade Amiga da Primeira Inf\u00e2ncia (Uapi) e Unicef. \u201cNessa fase de 0 a 4 anos, a l\u00edngua presa pode ser negligenciada por \u2018passar despercebida\u2019, por isso a import\u00e2ncia do teste da linguinha nos primeiros dias de vida. Uma vez identificada, \u00e9 importante iniciar o tratamento o quanto antes para ajudar o rec\u00e9m-nascido a se alimentar melhor, por exemplo, al\u00e9m de prevenir outras complica\u00e7\u00f5es resultantes da l\u00edngua presa. Estamos muito felizes em poder garantir o cuidado integral e precoce dos beb\u00eas\u201d.<\/p>\n\n\n\n<p><strong>Acesso<\/strong>&nbsp;\u2013 O servi\u00e7o ser\u00e1 norteado por um protocolo da Rede de Frenotomia de Salvador, j\u00e1 lan\u00e7ado e divulgado pela Coordenadoria de Sa\u00fade Bucal da SMS em toda a rede municipal; com a capacita\u00e7\u00e3o dos odont\u00f3logos para o encaminhamento adequado dos pacientes. No CEO Carlos Gomes, o trabalho ser\u00e1 coordenado pela doutora odontopediatra Lizzia Moura Ferreira.<\/p>\n\n\n\n<p>O paciente ser\u00e1 atendido primeiramente nas Unidades de Sa\u00fade (UBS ou USF), que encaminhar\u00e3o os dados necess\u00e1rios da crian\u00e7a (Cart\u00e3o SUS, nome completo e telefones para contato) para a Coordenadoria de Sa\u00fade Bucal da SMS, respons\u00e1veis pelo contato com a fam\u00edlia para agendamento da cirurgia.<\/p>\n\n\n\n<p>Bahia.ba<\/p>\n","protected":false},"excerpt":{"rendered":"<p>O servi\u00e7o de frenectomia lingual para beb\u00eas e crian\u00e7as de 0 a 4 anos ser\u00e1 inaugurado, \u00e0s 9h, no Centro de Especialidade Odontol\u00f3gica, pela vice-prefeita e secret\u00e1ria da Sa\u00fade (SMS), Ana Paula Matos, nesta quinta-feira (26). \u00c9 a primeira vez que o munic\u00edpio oferta o servi\u00e7o para esse p\u00fablico. A estrutura fica no Multicentro Carlos [&hellip;]<\/p>\n","protected":false},"author":2,"featured_media":2946,"comment_status":"open","ping_status":"open","sticky":false,"template":"","format":"standard","meta":{"_jetpack_memberships_contains_paid_content":false,"footnotes":""},"categories":[18],"tags":[],"class_list":["post-2944","post","type-post","status-publish","format-standard","has-post-thumbnail","hentry","category-saude"],"aioseo_notices":[],"jetpack_featured_media_url":"https:\/\/i0.wp.com\/minutobahia24h.com.br\/wp-content\/uploads\/2023\/10\/brincadeira_de_crianca_fpzzb_abr_291220204110_0.jpg?fit=600%2C420&ssl=1","jetpack_sharing_enabled":true,"_links":{"self":[{"href":"https:\/\/minutobahia24h.com.br\/index.php?rest_route=\/wp\/v2\/posts\/2944","targetHints":{"allow":["GET"]}}],"collection":[{"href":"https:\/\/minutobahia24h.com.br\/index.php?rest_route=\/wp\/v2\/posts"}],"about":[{"href":"https:\/\/minutobahia24h.com.br\/index.php?rest_route=\/wp\/v2\/types\/post"}],"author":[{"embeddable":true,"href":"https:\/\/minutobahia24h.com.br\/index.php?rest_route=\/wp\/v2\/users\/2"}],"replies":[{"embeddable":true,"href":"https:\/\/minutobahia24h.com.br\/index.php?rest_route=%2Fwp%2Fv2%2Fcomments&post=2944"}],"version-history":[{"count":1,"href":"https:\/\/minutobahia24h.com.br\/index.php?rest_route=\/wp\/v2\/posts\/2944\/revisions"}],"predecessor-version":[{"id":2947,"href":"https:\/\/minutobahia24h.com.br\/index.php?rest_route=\/wp\/v2\/posts\/2944\/revisions\/2947"}],"wp:featuredmedia":[{"embeddable":true,"href":"https:\/\/minutobahia24h.com.br\/index.php?rest_route=\/wp\/v2\/media\/2946"}],"wp:attachment":[{"href":"https:\/\/minutobahia24h.com.br\/index.php?rest_route=%2Fwp%2Fv2%2Fmedia&parent=2944"}],"wp:term":[{"taxonomy":"category","embeddable":true,"href":"https:\/\/minutobahia24h.com.br\/index.php?rest_route=%2Fwp%2Fv2%2Fcategories&post=2944"},{"taxonomy":"post_tag","embeddable":true,"href":"https:\/\/minutobahia24h.com.br\/index.php?rest_route=%2Fwp%2Fv2%2Ftags&post=2944"}],"curies":[{"name":"wp","href":"https:\/\/api.w.org\/{rel}","templated":true}]}}