{"id":29412,"date":"2025-05-20T08:03:16","date_gmt":"2025-05-20T11:03:16","guid":{"rendered":"https:\/\/minutobahia24h.com.br\/?p=29412"},"modified":"2025-05-20T08:03:20","modified_gmt":"2025-05-20T11:03:20","slug":"franca-planeja-prisao-de-seguranca-maxima-na-amazonia-para-traficantes-e-radicais-islamicos","status":"publish","type":"post","link":"https:\/\/minutobahia24h.com.br\/?p=29412","title":{"rendered":"Fran\u00e7a planeja pris\u00e3o de seguran\u00e7a m\u00e1xima na Amaz\u00f4nia para traficantes e radicais isl\u00e2micos"},"content":{"rendered":"\n<figure class=\"wp-block-image size-full\"><img data-recalc-dims=\"1\" fetchpriority=\"high\" decoding=\"async\" width=\"800\" height=\"533\" src=\"https:\/\/i0.wp.com\/minutobahia24h.com.br\/wp-content\/uploads\/2025\/05\/Sem-titulo-259.jpg?resize=800%2C533&#038;ssl=1\" alt=\"\" class=\"wp-image-29413\" srcset=\"https:\/\/i0.wp.com\/minutobahia24h.com.br\/wp-content\/uploads\/2025\/05\/Sem-titulo-259.jpg?w=984&amp;ssl=1 984w, https:\/\/i0.wp.com\/minutobahia24h.com.br\/wp-content\/uploads\/2025\/05\/Sem-titulo-259.jpg?resize=300%2C200&amp;ssl=1 300w, https:\/\/i0.wp.com\/minutobahia24h.com.br\/wp-content\/uploads\/2025\/05\/Sem-titulo-259.jpg?resize=768%2C512&amp;ssl=1 768w, https:\/\/i0.wp.com\/minutobahia24h.com.br\/wp-content\/uploads\/2025\/05\/Sem-titulo-259.jpg?resize=750%2C500&amp;ssl=1 750w\" sizes=\"(max-width: 800px) 100vw, 800px\" \/><figcaption class=\"wp-element-caption\">O presidente da Fran\u00e7a, Emmanuel Macron, e o ministro da Justi\u00e7a franc\u00eas, G\u00e9rald Darmanin, visitam a pris\u00e3o de Vendin-le-Vieil, na Fran\u00e7a, em 14 de maio de 2025. Michel Euler\/Pool via REUTERS. \u2014 Foto: Reuters<br><br><\/figcaption><\/figure>\n\n\n\n<p>A Fran\u00e7a planeja construir uma pris\u00e3o para traficantes de drogas e radicais isl\u00e2micos pr\u00f3xima a uma antiga col\u00f4nia penal em seu territ\u00f3rio ultramarino da&nbsp;<a class=\"\" href=\"https:\/\/g1.globo.com\/tudo-sobre\/guiana-francesa\/\">Guiana Francesa<\/a>, o que gerou protestos entre moradores e autoridades locais.<\/p>\n\n\n\n<p>O anexo de seguran\u00e7a m\u00e1xima far\u00e1 parte de uma pris\u00e3o de 450 milh\u00f5es de d\u00f3lares (R$ 2,5 bilh\u00f5es) com capacidade para 500 detentos. A constru\u00e7\u00e3o do pres\u00eddio est\u00e1 prevista desde 2017, mas a instala\u00e7\u00e3o n\u00e3o tinha objetivo de receber prisioneiros de seguran\u00e7a m\u00e1xima da Fran\u00e7a continental.<\/p>\n\n\n\n<p>A unidade ser\u00e1 inaugurada em 2028, em meio \u00e0 selva amaz\u00f4nica, no munic\u00edpio de Saint-Laurent-du-Maroni, disse o ministro da Justi\u00e7a franc\u00eas, G\u00e9rald Darmanin, em declara\u00e7\u00f5es publicadas neste domingo pelo peri\u00f3dico Journal du Dimanche.<\/p>\n\n\n\n<blockquote class=\"wp-block-quote is-layout-flow wp-block-quote-is-layout-flow\">\n<p>&#8220;Sessenta vagas, um regime prisional extremamente rigoroso e um objetivo \u2014 retirar de circula\u00e7\u00e3o os perfis mais perigosos envolvidos no tr\u00e1fico de drogas&#8221;, declarou Darmanin.<\/p>\n<\/blockquote>\n\n\n\n<p>Segundo o Minist\u00e9rio da Justi\u00e7a, das 60 vagas, 15 ser\u00e3o reservadas a condenados por radicalismo isl\u00e2mico.<\/p>\n\n\n\n<blockquote class=\"wp-block-quote is-layout-flow wp-block-quote-is-layout-flow\">\n<p>&#8220;Minha estrat\u00e9gia \u00e9 simples \u2014 atingir o crime organizado em todos os n\u00edveis. Essa pris\u00e3o ser\u00e1 uma salvaguarda na guerra contra o narcotr\u00e1fico&#8221;, disse Darmanin ao ve\u00edculo franc\u00eas, durante uma visita \u00e0 Guiana.<\/p>\n<\/blockquote>\n\n\n\n<p>Segundo o ministro, a localiza\u00e7\u00e3o isolada da pris\u00e3o na selva amaz\u00f4nica &#8220;servir\u00e1 para isolar permanentemente os chefes das redes de tr\u00e1fico de drogas&#8221; de suas redes criminosas.<\/p>\n\n\n\n<h2 class=\"wp-block-heading\">Pris\u00e3o em antiga col\u00f4nia penal<\/h2>\n\n\n\n<p>A Guiana Francesa \u00e9 o territ\u00f3rio franc\u00eas com o maior \u00edndice de criminalidade proporcional \u00e0 popula\u00e7\u00e3o, com um recorde de 20,6 homic\u00eddios por 100 mil habitantes em 2023 \u2014 quase 14 vezes a m\u00e9dia nacional.<\/p>\n\n\n\n<p>J\u00e1 Saint-Laurent-du-Maroni \u00e9 um ponto estrat\u00e9gico devido \u00e0 proximidade com Suriname e o Brasil. De l\u00e1, muitos passageiros tentam embarcar voos para o aeroporto de Orly, em Paris, transportando coca\u00edna \u2014 seja na bagagem, seja dentro do corpo.<\/p>\n\n\n\n<p>O munic\u00edpio tamb\u00e9m foi o local do not\u00f3rio Campo Penal de Saint-Laurent-du-Maroni, uma col\u00f4nia penal que operou do meio do s\u00e9culo 19 at\u00e9 meados do s\u00e9culo 20. A regi\u00e3o abrigou prisioneiros pol\u00edticos franceses emblem\u00e1ticos, muitos levados para a Ilha do Diabo.<\/p>\n\n\n\n<p>A pris\u00e3o funcionou por um s\u00e9culo e foi retratada no best-seller franc\u00eas Papillon, posteriormente adaptado para dois filmes.<\/p>\n\n\n\n<h2 class=\"wp-block-heading\">&#8220;Dep\u00f3sito de radicais da Fran\u00e7a&#8221;<\/h2>\n\n\n\n<p>O an\u00fancio gerou indigna\u00e7\u00e3o em toda a Guiana Francesa. Jean-Paul Fereira, presidente interino da Coletividade Territorial da Guiana Francesa \u2014 uma assembleia com 51 parlamentares que cuida dos assuntos locais \u2014 afirmou que ficaram surpresos com o an\u00fancio, j\u00e1 que o plano nunca foi discutido com as autoridades locais.<\/p>\n\n\n\n<p>&#8220;\u00c9, portanto, com espanto e indigna\u00e7\u00e3o que os membros eleitos da Coletividade descobriram, junto com toda a popula\u00e7\u00e3o da Guiana, as informa\u00e7\u00f5es detalhadas no Le Journal du Dimanche&#8221;, escreveu ele em comunicado publicado neste domingo nas redes sociais.<\/p>\n\n\n\n<p>Para Fereira, a medida \u00e9 desrespeitosa. Segundo ele, o acordo assinado em 2017 previa a constru\u00e7\u00e3o de uma nova pris\u00e3o apenas para reduzir a superlota\u00e7\u00e3o da pris\u00e3o principal da Guiana Francesa.<\/p>\n\n\n\n<blockquote class=\"wp-block-quote is-layout-flow wp-block-quote-is-layout-flow\">\n<p>&#8220;Embora todos os representantes locais tenham, h\u00e1 muito tempo, solicitado medidas fortes para conter o aumento do crime organizado em nosso territ\u00f3rio, a Guiana n\u00e3o deve se tornar um dep\u00f3sito de criminosos e pessoas radicalizadas vindas da Fran\u00e7a continental&#8221;, escreveu.<\/p>\n<\/blockquote>\n\n\n\n<p>O deputado franco-guianense Jean-Victor Castor tamb\u00e9m criticou o projeto, alegando que a decis\u00e3o foi tomada sem consulta \u00e0s autoridades locais.<\/p>\n\n\n\n<p>&#8220;\u00c9 um insulto \u00e0 nossa hist\u00f3ria, uma provoca\u00e7\u00e3o pol\u00edtica e um retrocesso colonial&#8221;, afirmou Castor em nota publicada neste domingo, pedindo que a Fran\u00e7a retire o projeto.<\/p>\n","protected":false},"excerpt":{"rendered":"<p>A Fran\u00e7a planeja construir uma pris\u00e3o para traficantes de drogas e radicais isl\u00e2micos pr\u00f3xima a uma antiga col\u00f4nia penal em seu territ\u00f3rio ultramarino da&nbsp;Guiana Francesa, o que gerou protestos entre moradores e autoridades locais. O anexo de seguran\u00e7a m\u00e1xima far\u00e1 parte de uma pris\u00e3o de 450 milh\u00f5es de d\u00f3lares (R$ 2,5 bilh\u00f5es) com capacidade para [&hellip;]<\/p>\n","protected":false},"author":2,"featured_media":29413,"comment_status":"open","ping_status":"open","sticky":false,"template":"","format":"standard","meta":{"_jetpack_memberships_contains_paid_content":false,"footnotes":""},"categories":[15],"tags":[],"class_list":["post-29412","post","type-post","status-publish","format-standard","has-post-thumbnail","hentry","category-mundo"],"aioseo_notices":[],"jetpack_featured_media_url":"https:\/\/i0.wp.com\/minutobahia24h.com.br\/wp-content\/uploads\/2025\/05\/Sem-titulo-259.jpg?fit=984%2C656&ssl=1","jetpack_sharing_enabled":true,"_links":{"self":[{"href":"https:\/\/minutobahia24h.com.br\/index.php?rest_route=\/wp\/v2\/posts\/29412","targetHints":{"allow":["GET"]}}],"collection":[{"href":"https:\/\/minutobahia24h.com.br\/index.php?rest_route=\/wp\/v2\/posts"}],"about":[{"href":"https:\/\/minutobahia24h.com.br\/index.php?rest_route=\/wp\/v2\/types\/post"}],"author":[{"embeddable":true,"href":"https:\/\/minutobahia24h.com.br\/index.php?rest_route=\/wp\/v2\/users\/2"}],"replies":[{"embeddable":true,"href":"https:\/\/minutobahia24h.com.br\/index.php?rest_route=%2Fwp%2Fv2%2Fcomments&post=29412"}],"version-history":[{"count":1,"href":"https:\/\/minutobahia24h.com.br\/index.php?rest_route=\/wp\/v2\/posts\/29412\/revisions"}],"predecessor-version":[{"id":29414,"href":"https:\/\/minutobahia24h.com.br\/index.php?rest_route=\/wp\/v2\/posts\/29412\/revisions\/29414"}],"wp:featuredmedia":[{"embeddable":true,"href":"https:\/\/minutobahia24h.com.br\/index.php?rest_route=\/wp\/v2\/media\/29413"}],"wp:attachment":[{"href":"https:\/\/minutobahia24h.com.br\/index.php?rest_route=%2Fwp%2Fv2%2Fmedia&parent=29412"}],"wp:term":[{"taxonomy":"category","embeddable":true,"href":"https:\/\/minutobahia24h.com.br\/index.php?rest_route=%2Fwp%2Fv2%2Fcategories&post=29412"},{"taxonomy":"post_tag","embeddable":true,"href":"https:\/\/minutobahia24h.com.br\/index.php?rest_route=%2Fwp%2Fv2%2Ftags&post=29412"}],"curies":[{"name":"wp","href":"https:\/\/api.w.org\/{rel}","templated":true}]}}