{"id":29408,"date":"2025-05-20T08:00:43","date_gmt":"2025-05-20T11:00:43","guid":{"rendered":"https:\/\/minutobahia24h.com.br\/?p=29408"},"modified":"2025-05-20T08:00:45","modified_gmt":"2025-05-20T11:00:45","slug":"braga-netto-e-torres-tentam-se-afastar-de-relatorio-usado-por-bolsonaro-para-contestar-eleicao","status":"publish","type":"post","link":"https:\/\/minutobahia24h.com.br\/?p=29408","title":{"rendered":"Braga Netto e Torres tentam se afastar de relat\u00f3rio usado por Bolsonaro para contestar elei\u00e7\u00e3o"},"content":{"rendered":"<div class=\"wp-block-image\">\n<figure class=\"aligncenter size-full\"><img data-recalc-dims=\"1\" fetchpriority=\"high\" decoding=\"async\" width=\"800\" height=\"533\" src=\"https:\/\/i0.wp.com\/minutobahia24h.com.br\/wp-content\/uploads\/2025\/05\/Sem-titulo-258.jpg?resize=800%2C533&#038;ssl=1\" alt=\"\" class=\"wp-image-29410\" srcset=\"https:\/\/i0.wp.com\/minutobahia24h.com.br\/wp-content\/uploads\/2025\/05\/Sem-titulo-258.jpg?w=888&amp;ssl=1 888w, https:\/\/i0.wp.com\/minutobahia24h.com.br\/wp-content\/uploads\/2025\/05\/Sem-titulo-258.jpg?resize=300%2C200&amp;ssl=1 300w, https:\/\/i0.wp.com\/minutobahia24h.com.br\/wp-content\/uploads\/2025\/05\/Sem-titulo-258.jpg?resize=768%2C512&amp;ssl=1 768w, https:\/\/i0.wp.com\/minutobahia24h.com.br\/wp-content\/uploads\/2025\/05\/Sem-titulo-258.jpg?resize=750%2C500&amp;ssl=1 750w\" sizes=\"(max-width: 800px) 100vw, 800px\" \/><figcaption class=\"wp-element-caption\">O ex-presidente Jair Bolsonaro e seu ex-ministro Walter Braga Netto \u2014 Foto: Pablo Jacob\/Ag\u00eancia O Globo\/01-10-2021<br><\/figcaption><\/figure>\n<\/div>\n\n\n<p>O ex-presidente\u00a0<a class=\"\" href=\"https:\/\/oglobo.globo.com\/tudo-sobre\/politico\/jair-messias-bolsonaro\">Jair Bolsonaro<\/a>\u00a0e o ex-ministro da Defesa\u00a0<a class=\"\" href=\"https:\/\/oglobo.globo.com\/tudo-sobre\/politico\/walter-braga-netto\">Walter Braga Netto<\/a>\u00a0acompanharam por videoconfer\u00eancia os depoimentos nesta segunda-feira (19) os depoimentos das testemunhas de acusa\u00e7\u00e3o e defesa das investiga\u00e7\u00f5es da trama golpista. As audi\u00eancias desta segunda-feira marcam o in\u00edcio da instru\u00e7\u00e3o (fase de coleta de provas) da a\u00e7\u00e3o penal aberta ap\u00f3s Bolsonaro, Braga Netto e outros seis denunciados do chamado \u201cn\u00facleo crucial\u201d irem para o banco dos r\u00e9us por envolvimento numa articula\u00e7\u00e3o para impedir a posse de\u00a0<a class=\"\" href=\"https:\/\/oglobo.globo.com\/tudo-sobre\/politico\/luiz-inacio-lula-da-silva\">Lula<\/a>\u00a0e do vice\u00a0<a class=\"\" href=\"https:\/\/oglobo.globo.com\/tudo-sobre\/politico\/geraldo-alckmin\/\">Geraldo Alckmin<\/a>.<\/p>\n\n\n\n<p>A audi\u00eancia n\u00e3o foi transmitida nem pela TV Justi\u00e7a nem pelo&nbsp;<a class=\"\" href=\"https:\/\/oglobo.globo.com\/tudo-sobre\/empresa\/youtube\">YouTube<\/a>. Os jornalistas que acompanham a audi\u00eancia ficaram em um sal\u00e3o anexo ao do Supremo Tribunal Federal (<a class=\"\" href=\"https:\/\/oglobo.globo.com\/tudo-sobre\/instituicao-governamental\/stf\">STF<\/a>) assistindo por videoconfer\u00eancia, mas tamb\u00e9m n\u00e3o podem gravar nem \u00e1udio e nem imagem.<\/p>\n\n\n\n<p>Foi poss\u00edvel saber que Bolsonaro estava acompanhando a audi\u00eancia porque seu nome e imagem aparecem no tel\u00e3o da videoconfer\u00eancia entre os participantes. Al\u00e9m de Bolsonaro, tamb\u00e9m acompanham os depoimentos de forma remota os ministros&nbsp;<a class=\"\" href=\"https:\/\/oglobo.globo.com\/tudo-sobre\/personalidade\/carmen-lucia\/\">C\u00e1rmen L\u00facia<\/a>,&nbsp;<a class=\"\" href=\"https:\/\/oglobo.globo.com\/tudo-sobre\/personalidade\/luiz-fux\/\">Luiz Fux<\/a>&nbsp;e o presidente da Primeira Turma,&nbsp;<a class=\"\" href=\"https:\/\/oglobo.globo.com\/tudo-sobre\/personalidade\/cristiano-zanin\/\">Cristiano Zanin<\/a>.<\/p>\n\n\n\n<p>J\u00e1 o relator da trama golpista, ministro&nbsp;<a class=\"\" href=\"https:\/\/oglobo.globo.com\/tudo-sobre\/personalidade\/alexandre-de-moraes\/\">Alexandre de Moraes<\/a>, esteve na sala de audi\u00eancias do Supremo, enquanto os advogados dos r\u00e9us acompanharam os depoimentos via videoconfer\u00eancia.<\/p>\n\n\n\n<p>Nesta segunda-feira, foram ouvidos o ex-comandante do Ex\u00e9rcito general Marco Ant\u00f4nio Freire Gomes, Clebson Ferreira de Paula Vieira, ex-integrante do Minist\u00e9rio da Justi\u00e7a, Adiel Pereira Alc\u00e2ntara, ex-diretor da&nbsp;<a class=\"\" href=\"https:\/\/oglobo.globo.com\/tudo-sobre\/instituicao-governamental\/policia-rodoviaria-federal\/\">Pol\u00edcia Rodovi\u00e1ria Federal<\/a>, e \u00c9der Lindsay Magalh\u00e3es Balbino, respons\u00e1vel por empresa contratada pelo&nbsp;<a class=\"\" href=\"https:\/\/oglobo.globo.com\/tudo-sobre\/partido-politico\/pl\/\">PL<\/a>&nbsp;para fiscalizar as elei\u00e7\u00f5es.<\/p>\n\n\n\n<p>No in\u00edcio da maratona de depoimentos, o procurador-geral da Rep\u00fablica,&nbsp;<a class=\"\" href=\"https:\/\/oglobo.globo.com\/tudo-sobre\/personalidade\/paulo-gonet\/\">Paulo Gonet<\/a>, questionou \u00c9der sobre a confec\u00e7\u00e3o do relat\u00f3rio usado pelo PL para tentar anular o resultado das elei\u00e7\u00f5es presidenciais de 2022.<\/p>\n\n\n\n<p>As defesas de Braga Netto e&nbsp;<a class=\"\" href=\"https:\/\/oglobo.globo.com\/tudo-sobre\/politico\/anderson-torres\">Anderson Torres<\/a>&nbsp;o questionaram se ele teve contato com os ex-ministros da Defesa e da Justi\u00e7a, respectivamente, em uma tentativa de se afastar do epis\u00f3dio, usado por Gonet para acusar o grupo de golpe de Estado. \u00c9der disse que n\u00e3o conversou com eles durante a confec\u00e7\u00e3o do documento.<\/p>\n\n\n\n<p>Mensagens obtidas pelos investigadores mostram que a verifica\u00e7\u00e3o conduzida pelo presidente do Instituto Voto Legal (IVL), o engenheiro Carlos Rocha,&nbsp;<a class=\"\" href=\"https:\/\/oglobo.globo.com\/blogs\/malu-gaspar\/post\/2024\/11\/mensagens-mostram-que-auditores-do-partido-de-bolsonaro-sabiam-que-nao-havia-fraude-nas-urnas.ghtml\"><strong>na verdade constatou que as urnas eletr\u00f4nicas eram confi\u00e1veis,&nbsp;<\/strong><\/a>mas escreveu o inverso no relat\u00f3rio que baseou a representa\u00e7\u00e3o do PL para anular o resultado das elei\u00e7\u00f5es presidenciais de 2022.<\/p>\n\n\n\n<p>Na opini\u00e3o da PF, a ofensiva pela anula\u00e7\u00e3o da vit\u00f3ria de Lula marcou \u201co \u00faltimo ato\u201d oficial do grupo que pretendia impedir a posse de Lula e serviu de fundamento \u201cpara a tentativa de golpe de Estado, que estava em curso\u201d.<\/p>\n\n\n\n<p>Segundo a PF, Rocha tentou validar tais suspeitas com o uso de dados de uma empresa de tecnologia da informa\u00e7\u00e3o chamada Gaio, que tinha como s\u00f3cio um t\u00e9cnico chamado Eder Balbino. Ele se apresenta nas redes sociais como um \u201centusiasta da an\u00e1lise de dados\u201d.<\/p>\n\n\n\n<p>A expectativa no Supremo e de aliados de Bolsonaro \u00e9 que o julgamento que vai definir a condena\u00e7\u00e3o ou absolvi\u00e7\u00e3o de Bolsonaro ocorra at\u00e9 outubro.<\/p>\n","protected":false},"excerpt":{"rendered":"<p>O ex-presidente\u00a0Jair Bolsonaro\u00a0e o ex-ministro da Defesa\u00a0Walter Braga Netto\u00a0acompanharam por videoconfer\u00eancia os depoimentos nesta segunda-feira (19) os depoimentos das testemunhas de acusa\u00e7\u00e3o e defesa das investiga\u00e7\u00f5es da trama golpista. As audi\u00eancias desta segunda-feira marcam o in\u00edcio da instru\u00e7\u00e3o (fase de coleta de provas) da a\u00e7\u00e3o penal aberta ap\u00f3s Bolsonaro, Braga Netto e outros seis denunciados [&hellip;]<\/p>\n","protected":false},"author":2,"featured_media":29410,"comment_status":"open","ping_status":"open","sticky":false,"template":"","format":"standard","meta":{"_jetpack_memberships_contains_paid_content":false,"footnotes":""},"categories":[39],"tags":[],"class_list":["post-29408","post","type-post","status-publish","format-standard","has-post-thumbnail","hentry","category-politica"],"aioseo_notices":[],"jetpack_featured_media_url":"https:\/\/i0.wp.com\/minutobahia24h.com.br\/wp-content\/uploads\/2025\/05\/Sem-titulo-258.jpg?fit=888%2C592&ssl=1","jetpack_sharing_enabled":true,"_links":{"self":[{"href":"https:\/\/minutobahia24h.com.br\/index.php?rest_route=\/wp\/v2\/posts\/29408","targetHints":{"allow":["GET"]}}],"collection":[{"href":"https:\/\/minutobahia24h.com.br\/index.php?rest_route=\/wp\/v2\/posts"}],"about":[{"href":"https:\/\/minutobahia24h.com.br\/index.php?rest_route=\/wp\/v2\/types\/post"}],"author":[{"embeddable":true,"href":"https:\/\/minutobahia24h.com.br\/index.php?rest_route=\/wp\/v2\/users\/2"}],"replies":[{"embeddable":true,"href":"https:\/\/minutobahia24h.com.br\/index.php?rest_route=%2Fwp%2Fv2%2Fcomments&post=29408"}],"version-history":[{"count":1,"href":"https:\/\/minutobahia24h.com.br\/index.php?rest_route=\/wp\/v2\/posts\/29408\/revisions"}],"predecessor-version":[{"id":29411,"href":"https:\/\/minutobahia24h.com.br\/index.php?rest_route=\/wp\/v2\/posts\/29408\/revisions\/29411"}],"wp:featuredmedia":[{"embeddable":true,"href":"https:\/\/minutobahia24h.com.br\/index.php?rest_route=\/wp\/v2\/media\/29410"}],"wp:attachment":[{"href":"https:\/\/minutobahia24h.com.br\/index.php?rest_route=%2Fwp%2Fv2%2Fmedia&parent=29408"}],"wp:term":[{"taxonomy":"category","embeddable":true,"href":"https:\/\/minutobahia24h.com.br\/index.php?rest_route=%2Fwp%2Fv2%2Fcategories&post=29408"},{"taxonomy":"post_tag","embeddable":true,"href":"https:\/\/minutobahia24h.com.br\/index.php?rest_route=%2Fwp%2Fv2%2Ftags&post=29408"}],"curies":[{"name":"wp","href":"https:\/\/api.w.org\/{rel}","templated":true}]}}