{"id":29396,"date":"2025-05-20T07:11:30","date_gmt":"2025-05-20T10:11:30","guid":{"rendered":"https:\/\/minutobahia24h.com.br\/?p=29396"},"modified":"2025-05-20T07:11:32","modified_gmt":"2025-05-20T10:11:32","slug":"iuri-sheik-vai-a-juri-popular-por-morte-de-empresario-na-bahia","status":"publish","type":"post","link":"https:\/\/minutobahia24h.com.br\/?p=29396","title":{"rendered":"Iuri Sheik vai a J\u00fari Popular por morte de empres\u00e1rio na Bahia"},"content":{"rendered":"<div class=\"wp-block-image\">\n<figure class=\"aligncenter size-full\"><img data-recalc-dims=\"1\" fetchpriority=\"high\" decoding=\"async\" width=\"531\" height=\"365\" src=\"https:\/\/i0.wp.com\/minutobahia24h.com.br\/wp-content\/uploads\/2025\/05\/Sem-titulo-253.jpg?resize=531%2C365&#038;ssl=1\" alt=\"\" class=\"wp-image-29397\" srcset=\"https:\/\/i0.wp.com\/minutobahia24h.com.br\/wp-content\/uploads\/2025\/05\/Sem-titulo-253.jpg?w=531&amp;ssl=1 531w, https:\/\/i0.wp.com\/minutobahia24h.com.br\/wp-content\/uploads\/2025\/05\/Sem-titulo-253.jpg?resize=300%2C206&amp;ssl=1 300w\" sizes=\"(max-width: 531px) 100vw, 531px\" \/><figcaption class=\"wp-element-caption\">Iuri Sheik \u00e9 acusado de matar a tiros o empres\u00e1rio William de Oliveira &#8211;\u00a0Foto: Reprodu\u00e7\u00e3o | Pol\u00edcia Civil da Bahia<br><\/figcaption><\/figure>\n<\/div>\n\n\n<p>Cinco anos, 11 meses e 34 dias. Este \u00e9 o tempo em que dona N\u00e9lia de Oliveira Vieira, 55 anos, aguarda para ver Iuri Santos Abra\u00e3o, 37 anos, o Iuri Sheik, atr\u00e1s das grades. O&nbsp;<a href=\"https:\/\/atarde.com.br\/bahia\/digital-influencer-suspeito-de-atirar-em-empresario-e-procurado-pela-policia-1064239\" target=\"_blank\" rel=\"noreferrer noopener\">digital influencer<\/a>&nbsp;\u00e9 acusado de matar a tiros, em 23 de junho de 2019, o \u00fanico filho homem dela, o empres\u00e1rio William de Oliveira, \u00e0 \u00e9poca com 28 anos. O crime aconteceu em Santo Ant\u00f4nio de Jesus, no rec\u00f4ncavo baiano.<\/p>\n\n\n\n<p>Pelo que parece, a espera da senhora ter\u00e1 fim. Nesta ter\u00e7a-feira, 20, Iuri Sheik ir\u00e1 a&nbsp;<strong>J\u00fari Popular<\/strong>, no F\u00f3rum Desembargador Wilde Oliveira Lima, em Santo Ant\u00f4nio de Jesus, 193 km de Salvador.<\/p>\n\n\n\n<p>O advogado criminalista Vivaldo Amaral, representante da fam\u00edlia da v\u00edtima, acredita que o julgamento deva durar tr\u00eas dias e que, ao fim, Iuri sair\u00e1 condenado. &#8220;A expectativa da defesa \u00e9 a melhor poss\u00edvel. O j\u00fari ir\u00e1 fazer justi\u00e7a e justi\u00e7a, nesse caso, \u00e9 condenar o Iuri Sheik com a pena m\u00e1xima de 30 anos de pris\u00e3o&#8221;, afirmou o defensor.<\/p>\n\n\n\n<figure class=\"wp-block-image\"><img data-recalc-dims=\"1\" decoding=\"async\" data-src=\"https:\/\/i0.wp.com\/cdn.atarde.com.br\/img\/inline\/1310000\/724x0\/Iuri-Sheik-vai-a-Juri-Popular-por-morte-de-empresa0131839700202505192146-1.webp?w=800&#038;ssl=1\" alt=\"Quando foi assassinado, Will deixou tr\u00eas filhas pequenas\" src=\"data:image\/gif;base64,R0lGODlhAQABAAAAACH5BAEKAAEALAAAAAABAAEAAAICTAEAOw==\" class=\"lazyload\" \/><noscript><img data-recalc-dims=\"1\" decoding=\"async\" src=\"https:\/\/i0.wp.com\/cdn.atarde.com.br\/img\/inline\/1310000\/724x0\/Iuri-Sheik-vai-a-Juri-Popular-por-morte-de-empresa0131839700202505192146-1.webp?w=800&#038;ssl=1\" alt=\"Quando foi assassinado, Will deixou tr\u00eas filhas pequenas\"\/><\/noscript><\/figure>\n\n\n\n<p>Quando foi assassinado, Will deixou tr\u00eas filhas pequenas&nbsp;| Foto: Reprodu\u00e7\u00e3o Redes Sociais<\/p>\n\n\n\n<p>Em meio a dor da perda e da espera por Justi\u00e7a, dona N\u00e9lia tamb\u00e9m segue confiante de que o acusado de assassinar seu filho ser\u00e1 preso.<\/p>\n\n\n\n<p>Desde o dia 14 de setembro de 2020,&nbsp;<a href=\"https:\/\/atarde.com.br\/bahia\/suspeito-de-atirar-em-empresario-iuri-sheik-diz-que-vai-se-apresentar-a-policia-1064410\" target=\"_blank\" rel=\"noreferrer noopener\">Iuri aguarda julgamento em liberdade<\/a>. &#8220;Como eu sempre estou falando, que a justi\u00e7a seja feita, que ele pague pelo mal que fez com o meu filho. Eu sei que nada vai trazer ele [William] de volta, mas \u00e9 s\u00f3 para servir mesmo de consolo. Que ele [Iuri Sheik] seja preso. Amanh\u00e3 ele vai sair direto para a cadeia&#8221;, desabafou, dona N\u00e9lia, entre l\u00e1grimas.<\/p>\n\n\n\n<p>O&nbsp;<a href=\"https:\/\/atarde.com.br\/bahia\/bahiasalvador\/iuri-sheik-suspeito-de-atirar-em-empresario-se-entrega-a-policia-1064853\" target=\"_blank\" rel=\"noreferrer noopener\">digital influencer foi detido por for\u00e7a de mandado de pris\u00e3o preventiva<\/a>, no dia 26 de junho de 2019, tr\u00eas dias ap\u00f3s o crime. Na ocasi\u00e3o, ele se apresentou com um advogado na sede do Departamento de Homic\u00eddios e Prote\u00e7\u00e3o \u00e0 Pessoa (DHPP), na Pituba, e foi indiciado por homic\u00eddio qualificado. Sheik ficou preso no Completo Penitenci\u00e1rio da Mata Escura, em Salvador, pouco mais de um ano e dois meses, e foi solto ap\u00f3s a Justi\u00e7a deferir um pedido de liberdade por habeas corpus.<\/p>\n\n\n\n<p>Assim como a ex-sogra, a aut\u00f4noma Eniele Nascimento, m\u00e3e de duas filhas de William, tamb\u00e9m tem a esperan\u00e7a de ver Sheik pagar pelo crime cometido. &#8220;Eu espero justi\u00e7a! A vida de William n\u00e3o ir\u00e1 voltar jamais, mas aqui temos vidas que perdeu o rumo, vidas que perdeu o brilho. Minha filha n\u00e3o teve festa de 15 anos porque era um sonho dela com o pai, as minhas filhas perderam tudo que tinham. Tem uma m\u00e3e que n\u00e3o tem mas brilho. Eu espero que ele pegue a pena m\u00e1xima, ele tirou uma vida&#8221;, bradou a mulher, que na \u00e9poca da morte do empres\u00e1rio, j\u00e1 n\u00e3o estava mais casada com ele.<\/p>\n\n\n\n<p>Quando foi morto, Willian deixou tr\u00eas filhas pequenas. Duas com Eniele, de 7 e 8 anos, e outra de apenas um m\u00eas de vida, com Bianca Feitosa. Segundo dona N\u00e9lia, quando o filho foi assassinado, ele j\u00e1 n\u00e3o estava mais com Bianca.<\/p>\n\n\n\n<h2 class=\"wp-block-heading\">Motiva\u00e7\u00e3o e desaven\u00e7a antiga<\/h2>\n\n\n\n<p>Logo ap\u00f3s o crime, algumas vers\u00f5es foram apresentadas como motiva\u00e7\u00e3o, uma delas teria sido o envolvimento de Willian com uma mulher que, coincidentemente, tamb\u00e9m se chama Bianca, e que seria amiga de Sheik.<\/p>\n\n\n\n<p>Em entrevista a uma emissora local, nesta segunda-feira, 19, Iuri sustentou a vers\u00e3o de que o desentendimento entre ele e a v\u00edtima foi motivado por causa da mulher e disse: &#8220;ela era amante dele&#8221;. Ele afirmou que pretende explicar o envolvimento da mulher, na ter\u00e7a-feira, diante do j\u00fari.<\/p>\n\n\n\n<p>No entanto, Eniele nega essa informa\u00e7\u00e3o e diz que a rixa entre o ex-marido e o digital influencer era antiga. Segundo ela, Willian, que era ex-empres\u00e1rio da banda Black Style, n\u00e3o gostava de Sheik e o ignorava. Inclusive, no dia do crime, Will, como era mais conhecido, teria se negado a apertar a m\u00e3o do acusado, o que o revoltou.<\/p>\n\n\n\n<p>&#8220;Ele j\u00e1 afrontou o William v\u00e1rias vezes. At\u00e9 em um show ele chegou a pirra\u00e7ar o William, porque ele era pirracento. Ent\u00e3o, o William n\u00e3o gostava de ostentar, j\u00e1 Iuri sempre gostou. Ent\u00e3o, eles n\u00e3o se davam bem por esse motivo. Ele era muito exibido, e William n\u00e3o gostava. E ele tentava uma amizade que o William nunca quis. S\u00f3 que essa mo\u00e7a [Bianca] que ele cita, ela n\u00e3o foi amante dele. Quando o William se envolveu com ela, os dois eram solteiros, tanto ela, como o William. Ele [Sheik] est\u00e1 tentando usar isso como justificativa&#8221;, explicou Eniele.<\/p>\n\n\n\n<h2 class=\"wp-block-heading\">Iuri Sheik e a defesa<\/h2>\n\n\n\n<p>Ainda durante entrevista a TV, Iuri Sheik confirmou ter tido uma desaven\u00e7a com Will, entretanto, negou ter atirado no m\u00fasico e produtor. &#8220;N\u00e3o peguei pistola, n\u00e3o atirei em ningu\u00e9m. N\u00e3o peguei arma, nunca tive com arma, sempre fui um cidad\u00e3o de bem, trabalhador e honesto. As pessoas imaginam que foi isso que aconteceu, que puxei uma arma para ele. Sempre fui uma pessoa influente e jamais faria algo por causa de um aperto de m\u00e3o&#8221;, defendeu-se o digital influencer.<\/p>\n\n\n\n<p>Em conversa com o&nbsp;<strong>Portal A TARDE<\/strong>, o advogado de Sheik, Victor Valente, disse estar confiante na absolvi\u00e7\u00e3o do cliente. &#8220;Vai ser o momento da gente poder contar a nossa vers\u00e3o, que \u00e9 a verdade dos fatos. Obviamente, objetivando a absolvi\u00e7\u00e3o. Viemos com certeza de absolvi\u00e7\u00e3o, justamente porque a verdade est\u00e1 a nosso lado. Enfim, estamos na expectativa tamb\u00e9m de um julgamento justo em que a a popula\u00e7\u00e3o vai fazer justi\u00e7a e que Deus nos aben\u00e7oe e d\u00ea um julgamento justo para todos&#8221;, declarou o defensor.<\/p>\n\n\n\n<p>Questionado se sustentar\u00e1 a informa\u00e7\u00e3o dada por Sheik, durante entrevista a TV, que n\u00e3o atirou na v\u00edtima, Valente apenas disse: &#8220;informa\u00e7\u00f5es sobre a tese defensiva v\u00e3o ser discutidas no plen\u00e1rio&#8221;.<\/p>\n\n\n\n<h2 class=\"wp-block-heading\">Relembre o crime<\/h2>\n\n\n\n<p>Na ocasi\u00e3o do crime, na noite do dia 23 de junho de 2019, Willian e Iuri participavam de uma festa estilo &#8216;pared\u00e3o&#8217;, no centro da cidade de Santo Ant\u00f4nio de Jesus. A desaven\u00e7a entre eles teria ocorrido ap\u00f3s Will se negar a apertar a m\u00e3o do digital influencer.<\/p>\n\n\n\n<p>Iuri teria sa\u00eddo do local e retornado momentos depois de carro, descido e atirado duas vezes no empres\u00e1rio. Ele fugiu em seguida e s\u00f3 foi preso, no dia 26 de junho, tr\u00eas dias depois, ao se apresentar com advogados, no DHPP.<\/p>\n\n\n\n<p>Will foi levado para o Hospital Regional de Santo Ant\u00f4nio de Jesus (HRSAJ), onde ficou internado na Unidade de Terapia Intensiva (UTI), em estado grave, por tr\u00eas dias. Ele morreu no dia 26 de junho, mesmo dia da pris\u00e3o de Sheik.<\/p>\n\n\n\n<p>Atarde<\/p>\n","protected":false},"excerpt":{"rendered":"<p>Cinco anos, 11 meses e 34 dias. Este \u00e9 o tempo em que dona N\u00e9lia de Oliveira Vieira, 55 anos, aguarda para ver Iuri Santos Abra\u00e3o, 37 anos, o Iuri Sheik, atr\u00e1s das grades. O&nbsp;digital influencer&nbsp;\u00e9 acusado de matar a tiros, em 23 de junho de 2019, o \u00fanico filho homem dela, o empres\u00e1rio William [&hellip;]<\/p>\n","protected":false},"author":2,"featured_media":29397,"comment_status":"open","ping_status":"open","sticky":false,"template":"","format":"standard","meta":{"_jetpack_memberships_contains_paid_content":false,"footnotes":""},"categories":[46],"tags":[],"class_list":["post-29396","post","type-post","status-publish","format-standard","has-post-thumbnail","hentry","category-noticia"],"aioseo_notices":[],"jetpack_featured_media_url":"https:\/\/i0.wp.com\/minutobahia24h.com.br\/wp-content\/uploads\/2025\/05\/Sem-titulo-253.jpg?fit=531%2C365&ssl=1","jetpack_sharing_enabled":true,"_links":{"self":[{"href":"https:\/\/minutobahia24h.com.br\/index.php?rest_route=\/wp\/v2\/posts\/29396","targetHints":{"allow":["GET"]}}],"collection":[{"href":"https:\/\/minutobahia24h.com.br\/index.php?rest_route=\/wp\/v2\/posts"}],"about":[{"href":"https:\/\/minutobahia24h.com.br\/index.php?rest_route=\/wp\/v2\/types\/post"}],"author":[{"embeddable":true,"href":"https:\/\/minutobahia24h.com.br\/index.php?rest_route=\/wp\/v2\/users\/2"}],"replies":[{"embeddable":true,"href":"https:\/\/minutobahia24h.com.br\/index.php?rest_route=%2Fwp%2Fv2%2Fcomments&post=29396"}],"version-history":[{"count":1,"href":"https:\/\/minutobahia24h.com.br\/index.php?rest_route=\/wp\/v2\/posts\/29396\/revisions"}],"predecessor-version":[{"id":29398,"href":"https:\/\/minutobahia24h.com.br\/index.php?rest_route=\/wp\/v2\/posts\/29396\/revisions\/29398"}],"wp:featuredmedia":[{"embeddable":true,"href":"https:\/\/minutobahia24h.com.br\/index.php?rest_route=\/wp\/v2\/media\/29397"}],"wp:attachment":[{"href":"https:\/\/minutobahia24h.com.br\/index.php?rest_route=%2Fwp%2Fv2%2Fmedia&parent=29396"}],"wp:term":[{"taxonomy":"category","embeddable":true,"href":"https:\/\/minutobahia24h.com.br\/index.php?rest_route=%2Fwp%2Fv2%2Fcategories&post=29396"},{"taxonomy":"post_tag","embeddable":true,"href":"https:\/\/minutobahia24h.com.br\/index.php?rest_route=%2Fwp%2Fv2%2Ftags&post=29396"}],"curies":[{"name":"wp","href":"https:\/\/api.w.org\/{rel}","templated":true}]}}