{"id":29381,"date":"2025-05-20T06:55:13","date_gmt":"2025-05-20T09:55:13","guid":{"rendered":"https:\/\/minutobahia24h.com.br\/?p=29381"},"modified":"2025-05-20T06:55:15","modified_gmt":"2025-05-20T09:55:15","slug":"saude-da-tribuna-vereador-disse-que-nao-faz-mais-parte-do-grupo-do-prefeito","status":"publish","type":"post","link":"https:\/\/minutobahia24h.com.br\/?p=29381","title":{"rendered":"Sa\u00fade: Da tribuna vereador disse que n\u00e3o faz mais parte do grupo do prefeito"},"content":{"rendered":"<div class=\"wp-block-image\">\n<figure class=\"aligncenter size-full\"><img data-recalc-dims=\"1\" fetchpriority=\"high\" decoding=\"async\" width=\"268\" height=\"241\" src=\"https:\/\/i0.wp.com\/minutobahia24h.com.br\/wp-content\/uploads\/2025\/05\/Sem-titulo-250.jpg?resize=268%2C241&#038;ssl=1\" alt=\"\" class=\"wp-image-29383\"\/><\/figure>\n<\/div>\n\n\n<p>Na sess\u00e3o desta segunda-feira (19), o vereador Luiz Ribeiro de Sousa Filho, o Dr. Plitis, surpreendeu ao anunciar, em pronunciamento na tribuna da C\u00e2mara Municipal, que n\u00e3o integra mais a base de apoio pol\u00edtico do prefeito Auci. A decis\u00e3o, segundo ele, foi motivada por uma cobran\u00e7a direta do chefe do Executivo.<\/p>\n\n\n\n<p>Dr. Plitis revelou que recebeu uma liga\u00e7\u00e3o do prefeito exigindo a inclus\u00e3o de um projeto de lei na pauta de vota\u00e7\u00e3o. Caso contr\u00e1rio, ele estaria automaticamente fora do grupo de apoio. \u201c<strong>O prefeito me disse: \u2018se voc\u00ea n\u00e3o colocar o projeto, n\u00e3o faz mais parte do grupo\u2019. Ent\u00e3o, est\u00e1 a\u00ed. N\u00e3o fa\u00e7o mais parte da base\u201d,\u00a0<\/strong>declarou o vereador, em tom firme, durante a sess\u00e3o.<\/p>\n\n\n\n<p>O vereador n\u00e3o especificou qual seria o conte\u00fado do projeto, mas deixou claro que n\u00e3o aceitou o que considerou uma tentativa de imposi\u00e7\u00e3o. Ainda assim, ele fez quest\u00e3o de enfatizar que a decis\u00e3o n\u00e3o interfere em sua rela\u00e7\u00e3o pessoal com o gestor municipal. \u201c<strong>Continuo sendo amigo do prefeito. Isso \u00e9 uma quest\u00e3o pol\u00edtica, n\u00e3o pessoal\u201d<\/strong>, frisou.<\/p>\n\n\n\n<p>Cen\u00e1rio pol\u00edtico pode se reconfigurar. A sa\u00edda de Dr. Piltis da base aliada pode gerar impactos significativos no equil\u00edbrio de for\u00e7as dentro da C\u00e2mara. Conhecido por sua atua\u00e7\u00e3o independente, mas at\u00e9 ent\u00e3o alinhado ao governo, sua mudan\u00e7a de posi\u00e7\u00e3o pode influenciar vota\u00e7\u00f5es futuras e at\u00e9 abrir espa\u00e7o para novas alian\u00e7as dentro do legislativo.<\/p>\n\n\n\n<p>Fontes ouvidas pelo Espa\u00e7o Aberto avaliam que o rompimento exp\u00f5e um momento de tens\u00e3o na base governista, que j\u00e1 vinha enfrentando ru\u00eddos internos em fun\u00e7\u00e3o de decis\u00f5es administrativas e da condu\u00e7\u00e3o de pautas consideradas pol\u00eamicas. A falta de di\u00e1logo mais aberto entre o Executivo e os parlamentares tem sido alvo de cr\u00edticas nos bastidores. At\u00e9 o momento, nem o prefeito nem sua assessoria se pronunciaram oficialmente sobre o epis\u00f3dio. <\/p>\n\n\n\n<p>A expectativa agora \u00e9 sobre o comportamento pol\u00edtico de Dr. Plitis a partir desta ruptura \u2014 se adotar\u00e1 uma postura de oposi\u00e7\u00e3o mais direta ou seguir\u00e1 atuando com independ\u00eancia em temas de interesse da cidade. O Espa\u00e7o Aberto seguir\u00e1 acompanhando os desdobramentos desta movimenta\u00e7\u00e3o no cen\u00e1rio pol\u00edtico local.<\/p>\n\n\n\n<figure class=\"wp-block-embed is-type-video is-provider-youtube wp-block-embed-youtube wp-embed-aspect-16-9 wp-has-aspect-ratio\"><div class=\"wp-block-embed__wrapper\">\n<iframe title=\"Vereador fala sobre deixar o grupo do prefeito\" width=\"800\" height=\"450\" data-src=\"https:\/\/www.youtube.com\/embed\/xHSIWVRCRxI?feature=oembed\" frameborder=\"0\" allow=\"accelerometer; autoplay; clipboard-write; encrypted-media; gyroscope; picture-in-picture; web-share\" referrerpolicy=\"strict-origin-when-cross-origin\" allowfullscreen src=\"data:image\/gif;base64,R0lGODlhAQABAAAAACH5BAEKAAEALAAAAAABAAEAAAICTAEAOw==\" class=\"lazyload\" data-load-mode=\"1\"><\/iframe>\n<\/div><\/figure>\n\n\n\n<p>portalespacoaberto<\/p>\n","protected":false},"excerpt":{"rendered":"<p>Na sess\u00e3o desta segunda-feira (19), o vereador Luiz Ribeiro de Sousa Filho, o Dr. Plitis, surpreendeu ao anunciar, em pronunciamento na tribuna da C\u00e2mara Municipal, que n\u00e3o integra mais a base de apoio pol\u00edtico do prefeito Auci. A decis\u00e3o, segundo ele, foi motivada por uma cobran\u00e7a direta do chefe do Executivo. Dr. Plitis revelou que [&hellip;]<\/p>\n","protected":false},"author":2,"featured_media":29383,"comment_status":"open","ping_status":"open","sticky":false,"template":"","format":"standard","meta":{"_jetpack_memberships_contains_paid_content":false,"footnotes":""},"categories":[3],"tags":[],"class_list":["post-29381","post","type-post","status-publish","format-standard","has-post-thumbnail","hentry","category-regional"],"aioseo_notices":[],"jetpack_featured_media_url":"https:\/\/i0.wp.com\/minutobahia24h.com.br\/wp-content\/uploads\/2025\/05\/Sem-titulo-250.jpg?fit=268%2C241&ssl=1","jetpack_sharing_enabled":true,"_links":{"self":[{"href":"https:\/\/minutobahia24h.com.br\/index.php?rest_route=\/wp\/v2\/posts\/29381","targetHints":{"allow":["GET"]}}],"collection":[{"href":"https:\/\/minutobahia24h.com.br\/index.php?rest_route=\/wp\/v2\/posts"}],"about":[{"href":"https:\/\/minutobahia24h.com.br\/index.php?rest_route=\/wp\/v2\/types\/post"}],"author":[{"embeddable":true,"href":"https:\/\/minutobahia24h.com.br\/index.php?rest_route=\/wp\/v2\/users\/2"}],"replies":[{"embeddable":true,"href":"https:\/\/minutobahia24h.com.br\/index.php?rest_route=%2Fwp%2Fv2%2Fcomments&post=29381"}],"version-history":[{"count":1,"href":"https:\/\/minutobahia24h.com.br\/index.php?rest_route=\/wp\/v2\/posts\/29381\/revisions"}],"predecessor-version":[{"id":29384,"href":"https:\/\/minutobahia24h.com.br\/index.php?rest_route=\/wp\/v2\/posts\/29381\/revisions\/29384"}],"wp:featuredmedia":[{"embeddable":true,"href":"https:\/\/minutobahia24h.com.br\/index.php?rest_route=\/wp\/v2\/media\/29383"}],"wp:attachment":[{"href":"https:\/\/minutobahia24h.com.br\/index.php?rest_route=%2Fwp%2Fv2%2Fmedia&parent=29381"}],"wp:term":[{"taxonomy":"category","embeddable":true,"href":"https:\/\/minutobahia24h.com.br\/index.php?rest_route=%2Fwp%2Fv2%2Fcategories&post=29381"},{"taxonomy":"post_tag","embeddable":true,"href":"https:\/\/minutobahia24h.com.br\/index.php?rest_route=%2Fwp%2Fv2%2Ftags&post=29381"}],"curies":[{"name":"wp","href":"https:\/\/api.w.org\/{rel}","templated":true}]}}