{"id":29270,"date":"2025-05-16T15:48:52","date_gmt":"2025-05-16T18:48:52","guid":{"rendered":"https:\/\/minutobahia24h.com.br\/?p=29270"},"modified":"2025-05-16T15:48:54","modified_gmt":"2025-05-16T18:48:54","slug":"prefeito-dr-andre-garante-novas-estruturas-para-a-educacao-de-filadelfia-em-dialogo-com-o-governo-do-estado","status":"publish","type":"post","link":"https:\/\/minutobahia24h.com.br\/?p=29270","title":{"rendered":"Prefeito Dr. Andr\u00e9 garante novas estruturas para a educa\u00e7\u00e3o de Filad\u00e9lfia em di\u00e1logo com o Governo do Estado"},"content":{"rendered":"<div class=\"wp-block-image\">\n<figure class=\"aligncenter size-large\"><img data-recalc-dims=\"1\" fetchpriority=\"high\" decoding=\"async\" width=\"800\" height=\"450\" src=\"https:\/\/i0.wp.com\/minutobahia24h.com.br\/wp-content\/uploads\/2025\/05\/WhatsApp-Image-2025-05-16-at-15.21.34-1024x576.jpeg?resize=800%2C450&#038;ssl=1\" alt=\"\" class=\"wp-image-29271\" srcset=\"https:\/\/i0.wp.com\/minutobahia24h.com.br\/wp-content\/uploads\/2025\/05\/WhatsApp-Image-2025-05-16-at-15.21.34.jpeg?resize=1024%2C576&amp;ssl=1 1024w, https:\/\/i0.wp.com\/minutobahia24h.com.br\/wp-content\/uploads\/2025\/05\/WhatsApp-Image-2025-05-16-at-15.21.34.jpeg?resize=300%2C169&amp;ssl=1 300w, https:\/\/i0.wp.com\/minutobahia24h.com.br\/wp-content\/uploads\/2025\/05\/WhatsApp-Image-2025-05-16-at-15.21.34.jpeg?resize=768%2C432&amp;ssl=1 768w, https:\/\/i0.wp.com\/minutobahia24h.com.br\/wp-content\/uploads\/2025\/05\/WhatsApp-Image-2025-05-16-at-15.21.34.jpeg?resize=1536%2C864&amp;ssl=1 1536w, https:\/\/i0.wp.com\/minutobahia24h.com.br\/wp-content\/uploads\/2025\/05\/WhatsApp-Image-2025-05-16-at-15.21.34.jpeg?resize=750%2C422&amp;ssl=1 750w, https:\/\/i0.wp.com\/minutobahia24h.com.br\/wp-content\/uploads\/2025\/05\/WhatsApp-Image-2025-05-16-at-15.21.34.jpeg?resize=1140%2C641&amp;ssl=1 1140w, https:\/\/i0.wp.com\/minutobahia24h.com.br\/wp-content\/uploads\/2025\/05\/WhatsApp-Image-2025-05-16-at-15.21.34.jpeg?w=1600&amp;ssl=1 1600w\" sizes=\"(max-width: 800px) 100vw, 800px\" \/><\/figure>\n<\/div>\n\n\n<p>Em agenda oficial em Salvador, o prefeito de Filad\u00e9lfia, Dr. Andr\u00e9, garantiu importantes avan\u00e7os para a educa\u00e7\u00e3o do munic\u00edpio por meio de articula\u00e7\u00f5es com o Governo do Estado e a Secretaria de Educa\u00e7\u00e3o da Bahia.<\/p>\n\n\n\n<p>Entre as conquistas est\u00e1 a estrutura do Col\u00e9gio Cecentino, que passa a ser incorporada \u00e0 rede municipal, ampliando o atendimento aos alunos e fortalecendo a organiza\u00e7\u00e3o da rede de ensino.<\/p>\n\n\n\n<p>Dr. Andr\u00e9 tamb\u00e9m confirmou que o munic\u00edpio recebeu a estrutura do Col\u00e9gio Estadual localizado no povoado de Aguadas. O pr\u00e9dio, que ainda n\u00e3o havia sido utilizado, agora ser\u00e1 reformado e ampliado para atender a educa\u00e7\u00e3o infantil, incluindo ber\u00e7\u00e1rio, beneficiando diretamente as fam\u00edlias da regi\u00e3o.<\/p>\n\n\n<div class=\"wp-block-image\">\n<figure class=\"aligncenter size-large\"><img data-recalc-dims=\"1\" decoding=\"async\" width=\"800\" height=\"450\" src=\"https:\/\/i0.wp.com\/minutobahia24h.com.br\/wp-content\/uploads\/2025\/05\/WhatsApp-Image-2025-05-16-at-15.21.34-1-1024x576.jpeg?resize=800%2C450&#038;ssl=1\" alt=\"\" class=\"wp-image-29272\" srcset=\"https:\/\/i0.wp.com\/minutobahia24h.com.br\/wp-content\/uploads\/2025\/05\/WhatsApp-Image-2025-05-16-at-15.21.34-1.jpeg?resize=1024%2C576&amp;ssl=1 1024w, https:\/\/i0.wp.com\/minutobahia24h.com.br\/wp-content\/uploads\/2025\/05\/WhatsApp-Image-2025-05-16-at-15.21.34-1.jpeg?resize=300%2C169&amp;ssl=1 300w, https:\/\/i0.wp.com\/minutobahia24h.com.br\/wp-content\/uploads\/2025\/05\/WhatsApp-Image-2025-05-16-at-15.21.34-1.jpeg?resize=768%2C432&amp;ssl=1 768w, https:\/\/i0.wp.com\/minutobahia24h.com.br\/wp-content\/uploads\/2025\/05\/WhatsApp-Image-2025-05-16-at-15.21.34-1.jpeg?resize=1536%2C864&amp;ssl=1 1536w, https:\/\/i0.wp.com\/minutobahia24h.com.br\/wp-content\/uploads\/2025\/05\/WhatsApp-Image-2025-05-16-at-15.21.34-1.jpeg?resize=750%2C422&amp;ssl=1 750w, https:\/\/i0.wp.com\/minutobahia24h.com.br\/wp-content\/uploads\/2025\/05\/WhatsApp-Image-2025-05-16-at-15.21.34-1.jpeg?resize=1140%2C641&amp;ssl=1 1140w, https:\/\/i0.wp.com\/minutobahia24h.com.br\/wp-content\/uploads\/2025\/05\/WhatsApp-Image-2025-05-16-at-15.21.34-1.jpeg?w=1600&amp;ssl=1 1600w\" sizes=\"(max-width: 800px) 100vw, 800px\" \/><\/figure>\n<\/div>\n\n\n<p>Outra a\u00e7\u00e3o em andamento \u00e9 o protocolo de solicita\u00e7\u00e3o de uma nova creche para a sede de Filad\u00e9lfia, junto \u00e0 Secretaria de Educa\u00e7\u00e3o do Estado. A proposta ser\u00e1 apresentada nos pr\u00f3ximos dias, refor\u00e7ando o compromisso da gest\u00e3o com a amplia\u00e7\u00e3o da oferta de vagas para a primeira inf\u00e2ncia.<\/p>\n\n\n\n<p>\u201cEstamos avan\u00e7ando com planejamento e di\u00e1logo. Nossa prioridade \u00e9 garantir mais acesso, estrutura e qualidade para a educa\u00e7\u00e3o de Filad\u00e9lfia\u201d, destacou Dr. Andr\u00e9.<\/p>\n\n\n\n<p>As a\u00e7\u00f5es fazem parte de um pacote de projetos e solicita\u00e7\u00f5es que somam mais de R$ 30 milh\u00f5es em investimentos pleiteados pela gest\u00e3o municipal, demonstrando o empenho do prefeito em buscar solu\u00e7\u00f5es concretas para o desenvolvimento da cidade.<\/p>\n\n\n\n<p>Assessoria de Comunica\u00e7\u00e3o<br>Prefeito Dr. Andr\u00e9<\/p>\n","protected":false},"excerpt":{"rendered":"<p>Em agenda oficial em Salvador, o prefeito de Filad\u00e9lfia, Dr. Andr\u00e9, garantiu importantes avan\u00e7os para a educa\u00e7\u00e3o do munic\u00edpio por meio de articula\u00e7\u00f5es com o Governo do Estado e a Secretaria de Educa\u00e7\u00e3o da Bahia. Entre as conquistas est\u00e1 a estrutura do Col\u00e9gio Cecentino, que passa a ser incorporada \u00e0 rede municipal, ampliando o atendimento [&hellip;]<\/p>\n","protected":false},"author":2,"featured_media":29271,"comment_status":"open","ping_status":"open","sticky":false,"template":"","format":"standard","meta":{"_jetpack_memberships_contains_paid_content":false,"footnotes":""},"categories":[3],"tags":[],"class_list":["post-29270","post","type-post","status-publish","format-standard","has-post-thumbnail","hentry","category-regional"],"aioseo_notices":[],"jetpack_featured_media_url":"https:\/\/i0.wp.com\/minutobahia24h.com.br\/wp-content\/uploads\/2025\/05\/WhatsApp-Image-2025-05-16-at-15.21.34.jpeg?fit=1600%2C900&ssl=1","jetpack_sharing_enabled":true,"_links":{"self":[{"href":"https:\/\/minutobahia24h.com.br\/index.php?rest_route=\/wp\/v2\/posts\/29270","targetHints":{"allow":["GET"]}}],"collection":[{"href":"https:\/\/minutobahia24h.com.br\/index.php?rest_route=\/wp\/v2\/posts"}],"about":[{"href":"https:\/\/minutobahia24h.com.br\/index.php?rest_route=\/wp\/v2\/types\/post"}],"author":[{"embeddable":true,"href":"https:\/\/minutobahia24h.com.br\/index.php?rest_route=\/wp\/v2\/users\/2"}],"replies":[{"embeddable":true,"href":"https:\/\/minutobahia24h.com.br\/index.php?rest_route=%2Fwp%2Fv2%2Fcomments&post=29270"}],"version-history":[{"count":1,"href":"https:\/\/minutobahia24h.com.br\/index.php?rest_route=\/wp\/v2\/posts\/29270\/revisions"}],"predecessor-version":[{"id":29273,"href":"https:\/\/minutobahia24h.com.br\/index.php?rest_route=\/wp\/v2\/posts\/29270\/revisions\/29273"}],"wp:featuredmedia":[{"embeddable":true,"href":"https:\/\/minutobahia24h.com.br\/index.php?rest_route=\/wp\/v2\/media\/29271"}],"wp:attachment":[{"href":"https:\/\/minutobahia24h.com.br\/index.php?rest_route=%2Fwp%2Fv2%2Fmedia&parent=29270"}],"wp:term":[{"taxonomy":"category","embeddable":true,"href":"https:\/\/minutobahia24h.com.br\/index.php?rest_route=%2Fwp%2Fv2%2Fcategories&post=29270"},{"taxonomy":"post_tag","embeddable":true,"href":"https:\/\/minutobahia24h.com.br\/index.php?rest_route=%2Fwp%2Fv2%2Ftags&post=29270"}],"curies":[{"name":"wp","href":"https:\/\/api.w.org\/{rel}","templated":true}]}}