{"id":2926,"date":"2023-10-26T06:39:12","date_gmt":"2023-10-26T09:39:12","guid":{"rendered":"https:\/\/minutobahia24h.com.br\/?p=2926"},"modified":"2023-10-26T06:39:13","modified_gmt":"2023-10-26T09:39:13","slug":"plenario-do-senado-aprova-dois-indicados-por-lula-ao-stj-saiba-quem-sao","status":"publish","type":"post","link":"https:\/\/minutobahia24h.com.br\/?p=2926","title":{"rendered":"Plen\u00e1rio do Senado aprova dois indicados por Lula ao STJ; saiba quem s\u00e3o"},"content":{"rendered":"<div class=\"wp-block-image\">\n<figure class=\"aligncenter size-full\"><img data-recalc-dims=\"1\" fetchpriority=\"high\" decoding=\"async\" width=\"601\" height=\"420\" src=\"https:\/\/i0.wp.com\/minutobahia24h.com.br\/wp-content\/uploads\/2023\/10\/Sem-titulo-58-1.jpg?resize=601%2C420&#038;ssl=1\" alt=\"\" class=\"wp-image-2928\" srcset=\"https:\/\/i0.wp.com\/minutobahia24h.com.br\/wp-content\/uploads\/2023\/10\/Sem-titulo-58-1.jpg?w=601&amp;ssl=1 601w, https:\/\/i0.wp.com\/minutobahia24h.com.br\/wp-content\/uploads\/2023\/10\/Sem-titulo-58-1.jpg?resize=300%2C210&amp;ssl=1 300w\" sizes=\"(max-width: 601px) 100vw, 601px\" \/><figcaption class=\"wp-element-caption\">Foto: Divulga\u00e7\u00e3o\/Senado Federal<br><\/figcaption><\/figure>\n<\/div>\n\n\n<p>Os dois primeiros indicados pelo presidente Luiz In\u00e1cio Lula da Silva (PT) para vagas de ministros do Superior Tribunal de Justi\u00e7a (STJ) foram aprovados em plen\u00e1rio do Senado Federal, nesta quarta-feira (25).<\/p>\n\n\n\n<p>Daniela Rodrigues Teixeira foi indicada para a vaga da advocacia, antes ocupada pelo ministro Felix Fischer, que se aposentou em 2022. No plen\u00e1rio do Senado, ela recebeu 68 votos favor\u00e1veis e cinco contr\u00e1rios.<\/p>\n\n\n\n<p>Jos\u00e9 Afr\u00e2nio Vilela, do Tribunal de Justi\u00e7a de Minas Gerais (TJMG), tamb\u00e9m teve nome aprovado com 68 votos favor\u00e1veis. Ele substituir\u00e1 o ministro Jorge Mussi, aposentado em janeiro. Os parlamentares ainda deliberam sobre a indica\u00e7\u00e3o do \u00faltimo indicado: Teodoro Silva Santos, do Tribunal de Justi\u00e7a do Cear\u00e1 (TJCE).<\/p>\n\n\n\n<p>Os nomes foram aprovados, mais cedo, pela Comiss\u00e3o de Constitui\u00e7\u00e3o e Justi\u00e7a (CCJ) da Casa Alta. Para ter o nome aprovado, os indicados precisavam ter o apoio de, no m\u00ednimo, 41 dos 81 senadores.<\/p>\n\n\n\n<p>Conhe\u00e7a os indicados ao STJ:<\/p>\n\n\n\n<p><strong>Daniela Rodrigues Teixeira<\/strong>&nbsp;\u2013 Daniela Teixeira tem 51 anos e \u00e9 a primeira representante do Distrito Federal a compor uma lista tr\u00edplice com indica\u00e7\u00e3o de nomes \u00e0 Corte. A advogada tem ampla atua\u00e7\u00e3o junto \u00e0s Cortes Superiores e extenso curr\u00edculo no meio jur\u00eddico.<\/p>\n\n\n\n<p>Formada em direito pela Universidade de Bras\u00edlia (UnB), tem mestrado em direito penal pelo Instituto Brasileiro de Ensino, Desenvolvimento e Pesquisa (IDP) e p\u00f3s-gradua\u00e7\u00e3o em direito econ\u00f4mico pela Funda\u00e7\u00e3o Getulio Vargas (FGV). A advogada atua em processos perante o STJ e o Supremo Tribunal Federal (STF). Ela foi conselheira federal da OAB e vice-presidente da OAB-DF.<br>Jos\u00e9 Afr\u00e2nio Vilela<\/p>\n\n\n\n<p><strong>Jos\u00e9 Afr\u00e2nio Vilela \u2013<\/strong>&nbsp;Tem 62 anos. Formado em direito pela Universidade Federal de Uberl\u00e2ndia (UFU) e com p\u00f3s-gradua\u00e7\u00e3o em gest\u00e3o judici\u00e1ria pela Universidade de Bras\u00edlia (UnB).<\/p>\n\n\n\n<p>Foi desembargador do Tribunal de Justi\u00e7a de Minas Gerais pela carreira de juiz do Poder Judici\u00e1rio do Estado de Minas Gerais, com assento na 2\u00aa C\u00e2mara C\u00edvel (direito p\u00fablico), al\u00e9m de ser Gestor e Representante do N\u00facleo de Gerenciamento de Precedentes \u2013 NUGEP. Integra, ainda, a Comiss\u00e3o de Organiza\u00e7\u00e3o e Divis\u00e3o Judici\u00e1rias e a 1\u00aa Se\u00e7\u00e3o C\u00edvel do TJMG.<br>Teodoro Silva Santos.<\/p>\n\n\n\n<p><strong>Teodoro Silva Santos<\/strong>&nbsp;\u2013 Formado em direito pela Universidade de Fortaleza (Unifor), com doutorado em direito constitucional. Neste ano, faz est\u00e1gio p\u00f3s-doutoral na Universidade do Minho, em Braga (Portugal).<\/p>\n\n\n\n<p>Desembargador do Tribunal de Justi\u00e7a do Cear\u00e1. \u00c9 bacharel em ci\u00eancias jur\u00eddicas pela Universidade de Fortaleza (Unifor), tem especializa\u00e7\u00e3o em Direito Processual Penal pela Universidade Federal do Cear\u00e1 (UFC) e em Direito Constitucional pela Unifor, al\u00e9m de mestrado em Direito Constitucional pela mesma institui\u00e7\u00e3o.<\/p>\n\n\n\n<p>Bahia.ba<\/p>\n","protected":false},"excerpt":{"rendered":"<p>Os dois primeiros indicados pelo presidente Luiz In\u00e1cio Lula da Silva (PT) para vagas de ministros do Superior Tribunal de Justi\u00e7a (STJ) foram aprovados em plen\u00e1rio do Senado Federal, nesta quarta-feira (25). Daniela Rodrigues Teixeira foi indicada para a vaga da advocacia, antes ocupada pelo ministro Felix Fischer, que se aposentou em 2022. No plen\u00e1rio [&hellip;]<\/p>\n","protected":false},"author":2,"featured_media":2928,"comment_status":"open","ping_status":"open","sticky":false,"template":"","format":"standard","meta":{"_jetpack_memberships_contains_paid_content":false,"footnotes":""},"categories":[39],"tags":[],"class_list":["post-2926","post","type-post","status-publish","format-standard","has-post-thumbnail","hentry","category-politica"],"aioseo_notices":[],"jetpack_featured_media_url":"https:\/\/i0.wp.com\/minutobahia24h.com.br\/wp-content\/uploads\/2023\/10\/Sem-titulo-58-1.jpg?fit=601%2C420&ssl=1","jetpack_sharing_enabled":true,"_links":{"self":[{"href":"https:\/\/minutobahia24h.com.br\/index.php?rest_route=\/wp\/v2\/posts\/2926","targetHints":{"allow":["GET"]}}],"collection":[{"href":"https:\/\/minutobahia24h.com.br\/index.php?rest_route=\/wp\/v2\/posts"}],"about":[{"href":"https:\/\/minutobahia24h.com.br\/index.php?rest_route=\/wp\/v2\/types\/post"}],"author":[{"embeddable":true,"href":"https:\/\/minutobahia24h.com.br\/index.php?rest_route=\/wp\/v2\/users\/2"}],"replies":[{"embeddable":true,"href":"https:\/\/minutobahia24h.com.br\/index.php?rest_route=%2Fwp%2Fv2%2Fcomments&post=2926"}],"version-history":[{"count":1,"href":"https:\/\/minutobahia24h.com.br\/index.php?rest_route=\/wp\/v2\/posts\/2926\/revisions"}],"predecessor-version":[{"id":2929,"href":"https:\/\/minutobahia24h.com.br\/index.php?rest_route=\/wp\/v2\/posts\/2926\/revisions\/2929"}],"wp:featuredmedia":[{"embeddable":true,"href":"https:\/\/minutobahia24h.com.br\/index.php?rest_route=\/wp\/v2\/media\/2928"}],"wp:attachment":[{"href":"https:\/\/minutobahia24h.com.br\/index.php?rest_route=%2Fwp%2Fv2%2Fmedia&parent=2926"}],"wp:term":[{"taxonomy":"category","embeddable":true,"href":"https:\/\/minutobahia24h.com.br\/index.php?rest_route=%2Fwp%2Fv2%2Fcategories&post=2926"},{"taxonomy":"post_tag","embeddable":true,"href":"https:\/\/minutobahia24h.com.br\/index.php?rest_route=%2Fwp%2Fv2%2Ftags&post=2926"}],"curies":[{"name":"wp","href":"https:\/\/api.w.org\/{rel}","templated":true}]}}