{"id":29247,"date":"2025-05-16T15:31:27","date_gmt":"2025-05-16T18:31:27","guid":{"rendered":"https:\/\/minutobahia24h.com.br\/?p=29247"},"modified":"2025-05-16T15:31:29","modified_gmt":"2025-05-16T18:31:29","slug":"festa-da-cidade-comeca-hoje-em-sento-se-e-promete-tres-dias-de-muita-musica-cultura-e-movimento-na-economia-local","status":"publish","type":"post","link":"https:\/\/minutobahia24h.com.br\/?p=29247","title":{"rendered":"Festa da Cidade come\u00e7a hoje em Sento S\u00e9 e promete tr\u00eas dias de muita m\u00fasica, cultura e movimento na economia local"},"content":{"rendered":"<div class=\"wp-block-image\">\n<figure class=\"aligncenter size-full\"><img data-recalc-dims=\"1\" fetchpriority=\"high\" decoding=\"async\" width=\"752\" height=\"444\" src=\"https:\/\/i0.wp.com\/minutobahia24h.com.br\/wp-content\/uploads\/2025\/05\/Sem-titulo-213.jpg?resize=752%2C444&#038;ssl=1\" alt=\"\" class=\"wp-image-29248\" srcset=\"https:\/\/i0.wp.com\/minutobahia24h.com.br\/wp-content\/uploads\/2025\/05\/Sem-titulo-213.jpg?w=752&amp;ssl=1 752w, https:\/\/i0.wp.com\/minutobahia24h.com.br\/wp-content\/uploads\/2025\/05\/Sem-titulo-213.jpg?resize=300%2C177&amp;ssl=1 300w, https:\/\/i0.wp.com\/minutobahia24h.com.br\/wp-content\/uploads\/2025\/05\/Sem-titulo-213.jpg?resize=750%2C443&amp;ssl=1 750w\" sizes=\"(max-width: 752px) 100vw, 752px\" \/><\/figure>\n<\/div>\n\n\n<p>Come\u00e7a nesta sexta-feira (16) a aguardada Festa da Cidade, evento promovido pela Prefeitura Municipal que resgata uma tradi\u00e7\u00e3o cultural come\u00e7ada no ano 2001 e que promete agitar o munic\u00edpio at\u00e9 domingo (18), com grandes atra\u00e7\u00f5es como L\u00e9o Santana, Tayrone, Tony Salles, Taty Girl, Heitor Costa e a cantora gospel Elaine Martins.<\/p>\n\n\n\n<p>Realizada no Espa\u00e7o de Eventos, localizado \u00e0 Av. Raul Alves, a festa tem entrada gratuita e expectativa de p\u00fablico de mais 20 mil pessoas por noite. A prefeita Giselda Carvalho destaca o impacto positivo do evento.<\/p>\n\n\n\n<p>&#8220;Estamos promovendo uma festa grandiosa, gratuita e pensada para todos os p\u00fablicos. J\u00e1 sentimos o impacto na economia, pois os hot\u00e9is est\u00e3o com 100% de ocupa\u00e7\u00e3o, movimento forte em restaurantes, lojas de roupas e cal\u00e7ados. Isso \u00e9 gera\u00e7\u00e3o de renda, turismo e valoriza\u00e7\u00e3o da nossa cultura&#8221;, afirmou.<\/p>\n\n\n\n<p>O evento-\u00c9 parte de uma estrat\u00e9gia da gest\u00e3o para retomar o calend\u00e1rio cultural da cidade com foco no desenvolvimento econ\u00f4mico. A Festa da Cidade, que era realizada no munic\u00edpio h\u00e1 d\u00e9cadas atr\u00e1s, volta com for\u00e7a total e agora passa a ser permanente, sempre no terceiro fim de semana de maio. \u00c9 um investimento planejado, fora do calend\u00e1rio tradicional, com foco no resgate cultural e fomento do desenvolvimento econ\u00f4mico e tur\u00edstico.<\/p>\n\n\n\n<p>Programa\u00e7\u00e3o:<\/p>\n\n\n\n<p>SEXTA-FEIRA \u2013 16\/05<\/p>\n\n\n\n<p>20h &#8211; Iti\u00faba&nbsp;<\/p>\n\n\n\n<p>21h30 &#8211; Mateus Torres<\/p>\n\n\n\n<p>23h &#8211; L\u00e9o Santana<\/p>\n\n\n\n<p>1h &#8211; Tayrone<\/p>\n\n\n\n<p>3h &#8211; Mateus do Acordeon<\/p>\n\n\n\n<p>S\u00c1BADO \u2013 17\/05<\/p>\n\n\n\n<p>20h &#8211; Robinho Vaqueiro<\/p>\n\n\n\n<p>21h &#8211; Dicallen<\/p>\n\n\n\n<p>22h &#8211; Tony Salles<\/p>\n\n\n\n<p>24h &#8211; Taty Girl<\/p>\n\n\n\n<p>2h &#8211; Heitor Costa<\/p>\n\n\n\n<p>4h &#8211; Brena Miranda<\/p>\n\n\n\n<p>DOMINGO \u2013 18\/05<\/p>\n\n\n\n<p>21h &#8211; Elaine Martins<\/p>\n\n\n\n<p>Gardennia Garibalde \u2013 Ascom PMSSE<\/p>\n","protected":false},"excerpt":{"rendered":"<p>Come\u00e7a nesta sexta-feira (16) a aguardada Festa da Cidade, evento promovido pela Prefeitura Municipal que resgata uma tradi\u00e7\u00e3o cultural come\u00e7ada no ano 2001 e que promete agitar o munic\u00edpio at\u00e9 domingo (18), com grandes atra\u00e7\u00f5es como L\u00e9o Santana, Tayrone, Tony Salles, Taty Girl, Heitor Costa e a cantora gospel Elaine Martins. Realizada no Espa\u00e7o de [&hellip;]<\/p>\n","protected":false},"author":2,"featured_media":29248,"comment_status":"open","ping_status":"open","sticky":false,"template":"","format":"standard","meta":{"_jetpack_memberships_contains_paid_content":false,"footnotes":""},"categories":[3],"tags":[],"class_list":["post-29247","post","type-post","status-publish","format-standard","has-post-thumbnail","hentry","category-regional"],"aioseo_notices":[],"jetpack_featured_media_url":"https:\/\/i0.wp.com\/minutobahia24h.com.br\/wp-content\/uploads\/2025\/05\/Sem-titulo-213.jpg?fit=752%2C444&ssl=1","jetpack_sharing_enabled":true,"_links":{"self":[{"href":"https:\/\/minutobahia24h.com.br\/index.php?rest_route=\/wp\/v2\/posts\/29247","targetHints":{"allow":["GET"]}}],"collection":[{"href":"https:\/\/minutobahia24h.com.br\/index.php?rest_route=\/wp\/v2\/posts"}],"about":[{"href":"https:\/\/minutobahia24h.com.br\/index.php?rest_route=\/wp\/v2\/types\/post"}],"author":[{"embeddable":true,"href":"https:\/\/minutobahia24h.com.br\/index.php?rest_route=\/wp\/v2\/users\/2"}],"replies":[{"embeddable":true,"href":"https:\/\/minutobahia24h.com.br\/index.php?rest_route=%2Fwp%2Fv2%2Fcomments&post=29247"}],"version-history":[{"count":1,"href":"https:\/\/minutobahia24h.com.br\/index.php?rest_route=\/wp\/v2\/posts\/29247\/revisions"}],"predecessor-version":[{"id":29249,"href":"https:\/\/minutobahia24h.com.br\/index.php?rest_route=\/wp\/v2\/posts\/29247\/revisions\/29249"}],"wp:featuredmedia":[{"embeddable":true,"href":"https:\/\/minutobahia24h.com.br\/index.php?rest_route=\/wp\/v2\/media\/29248"}],"wp:attachment":[{"href":"https:\/\/minutobahia24h.com.br\/index.php?rest_route=%2Fwp%2Fv2%2Fmedia&parent=29247"}],"wp:term":[{"taxonomy":"category","embeddable":true,"href":"https:\/\/minutobahia24h.com.br\/index.php?rest_route=%2Fwp%2Fv2%2Fcategories&post=29247"},{"taxonomy":"post_tag","embeddable":true,"href":"https:\/\/minutobahia24h.com.br\/index.php?rest_route=%2Fwp%2Fv2%2Ftags&post=29247"}],"curies":[{"name":"wp","href":"https:\/\/api.w.org\/{rel}","templated":true}]}}